{"id":599041,"date":"2025-12-14T16:47:15","date_gmt":"2025-12-14T16:47:15","guid":{"rendered":"https:\/\/www.europesays.com\/fr\/599041\/"},"modified":"2025-12-14T16:47:15","modified_gmt":"2025-12-14T16:47:15","slug":"larrivee-du-prince-william-et-de-kate-middleton-a-forest-lodge-cree-deja-des-remous","status":"publish","type":"post","link":"https:\/\/www.europesays.com\/fr\/599041\/","title":{"rendered":"l\u2019arriv\u00e9e du prince William et de Kate Middleton \u00e0 Forest Lodge cr\u00e9e d\u00e9j\u00e0 des remous"},"content":{"rendered":"<p>\n    Selon plusieurs m\u00e9dias, le nouveau voisinage des Galles ne supporterait pas les mesures r\u00e9cemment mises en place pour garantir leur s\u00e9curit\u00e9 autour de leur \u00abmaison pour toujours\u00bb, o\u00f9 ils se sont install\u00e9s fin octobre.<\/p>\n<p class=\"fig-paragraph\">Pendant les vacances de la Toussaint,\u00a0<a href=\"https:\/\/madame.lefigaro.fr\/tag\/prince-william\" target=\"_blank\" data-fig-type=\"Keyword\" rel=\"sponsored noopener\" data-gtm-custom-categorie=\"navigation\" data-gtm-custom-action=\"crossclick\" data-gtm-custom-label=\"Contextuel\" data-gtm-event=\"customEventSPE\" data-fig-domain=\"MADAME\">le prince William<\/a>,\u00a0<a href=\"https:\/\/madame.lefigaro.fr\/tag\/kate-middleton\" target=\"_blank\" data-fig-type=\"Keyword\" rel=\"sponsored noopener\" data-gtm-custom-categorie=\"navigation\" data-gtm-custom-action=\"crossclick\" data-gtm-custom-label=\"Contextuel\" data-gtm-event=\"customEventSPE\" data-fig-domain=\"MADAME\">Kate Middleton<\/a>, et leurs trois enfants, George, Charlotte et Louis, ont dit au revoir \u00e0 leur r\u00e9sidence d\u2019Adela\u00efde Cottage pour s\u2019installer \u00e0 Forest Lodge, dans le parc de Windsor. Avec une seule envie\u00a0: repartir \u00e0 z\u00e9ro et ouvrir un nouveau chapitre de leur vie apr\u00e8s l\u2019\u00e9preuve du cancer travers\u00e9 par la princesse de Galles, qui a\u00a0<a href=\"http:\/\/madame.lefigaro.fr\/celebrites\/actu-people\/kate-middleton-annonce-pour-la-premiere-fois-etre-en-remission-de-son-cancer-20250114\" data-fig-type=\"Article\" data-gtm-custom-categorie=\"navigation\" data-gtm-custom-action=\"crossclick\" data-gtm-custom-label=\"Contextuel\" data-gtm-event=\"customEventSPE\" data-fig-domain=\"MADAME\" target=\"_blank\" rel=\"noopener\">annonc\u00e9 sa r\u00e9mission en janvier 2025<\/a>. Mais leur emm\u00e9nagement dans ce somptueux manoir gothique ne se passe malheureusement pas aussi sereinement qu\u2019ils l\u2019avaient esp\u00e9r\u00e9&#8230;<\/p>\n<p class=\"fig-paragraph\">Selon les informations du m\u00e9dia allemand\u00a0<a href=\"https:\/\/www.bunte.de\/royals\/britisches-koenigshaus\/kates-und-williams-umzug-sorgt-weiter-fuer-heftige-kritik_ef1b3b18-8a87-4c57-a252-b7f6b9352043.html\" target=\"_blank\" rel=\"sponsored noopener\" data-gtm-custom-categorie=\"navigation\" data-gtm-custom-action=\"crossclick\" data-gtm-custom-label=\"Contextuel\" data-gtm-event=\"customEventSPE\">Bunte<\/a>, l\u2019a\u00een\u00e9 de\u00a0<a href=\"http:\/\/madame.lefigaro.fr\/royaute\/charles-iii-s-exprimera-sur-son-cancer-a-la-television-britannique-vendredi-20251212\" data-fig-type=\"Article\" data-gtm-custom-categorie=\"navigation\" data-gtm-custom-action=\"crossclick\" data-gtm-custom-label=\"Contextuel\" data-gtm-event=\"customEventSPE\" data-fig-domain=\"MADAME\" target=\"_blank\" rel=\"noopener\">Charles III<\/a>\u00a0et son \u00e9pouse sont sous le feu des critiques depuis qu\u2019ils ont pos\u00e9 leurs valises dans leur forever home (NDLR\u00a0: maison pour toujours), un somptueux manoir gothique plus adapt\u00e9 \u00e0 leur vie de famille, avec ses huit chambres (contre quatre \u00e0 Ad\u00e9la\u00efde Cottage) et pr\u00e8s de 25 hectares de terrain. Loin d\u2019\u00eatre fiers de compter parmi leurs voisins le futur roi et la future reine d\u2019Angleterre, les habitants vivant aux alentours se plaignent de toutes les mesures qui ont \u00e9t\u00e9 mises en place pour garantir leur tranquillit\u00e9 et leur s\u00e9curit\u00e9.<\/p>\n<p class=\"fig-body-link&#10;    \">\n            \u00c0 lire aussi<br \/>\n        <a class=\"fig-body-link__link\" href=\"http:\/\/madame.lefigaro.fr\/celebrites\/actu-people\/kate-middleton-et-le-prince-william-ont-emmenage-a-forest-lodge-dans-le-plus-grand-secret-20251103\" data-fig-type=\"Article\" data-gtm-custom-categorie=\"navigation\" data-gtm-custom-action=\"crossclick\" data-gtm-custom-label=\"Contextuel\" data-gtm-event=\"customEventSPE\" data-fig-domain=\"MADAME\" target=\"_blank\" rel=\"noopener\"><br \/>\n        Kate Middleton et le prince William ont emm\u00e9nag\u00e9 \u00e0 Forest Lodge dans le plus grand secret<\/a>\n<\/p>\n<p>                                                                <a class=\"fig-a11y-skip\" href=\"#fig-a11y-skip-main-inarticle\" data-module=\"a11y-skip\" data-context=\"was @visible\"><br \/>\n    Passer la publicit\u00e9<br \/>\n<\/a>            <\/p>\n<p>                                                                Une partie de la for\u00eat inaccessible<\/p>\n<p class=\"fig-paragraph\">Les r\u00e9percussions de ces am\u00e9nagements sur leur vie quotidienne sont r\u00e9elles. Un parking et un centre d\u2019\u00e9ducation \u00e0 l\u2019environnement ont ferm\u00e9. L\u2019acc\u00e8s \u00e0 une partie de la for\u00eat, o\u00f9 beaucoup aimaient se balader le week-end, est d\u00e9sormais interdit. \u00abC\u2019est clairement un acte \u00e9go\u00efste que de fermer une vaste zone de terrain public et d\u2019augmenter les d\u00e9penses publiques pour qu\u2019ils puissent b\u00e9n\u00e9ficier d\u2019une s\u00e9curit\u00e9 ad\u00e9quate dans une zone qui, auparavant, n\u2019avait aucune protection polici\u00e8re\u00bb, s\u2019est indign\u00e9e une habitante proche du Forest Lodge qui se promenait r\u00e9guli\u00e8rement dans le parc, ce 9 d\u00e9cembre dans les colonnes du\u00a0<a href=\"https:\/\/www.mirror.co.uk\/news\/royals\/kate-william-leave-people-in-36367869\" target=\"_blank\" rel=\"sponsored noopener\" data-gtm-custom-categorie=\"navigation\" data-gtm-custom-action=\"crossclick\" data-gtm-custom-label=\"Contextuel\" data-gtm-event=\"customEventSPE\">Mirror.\u00a0<\/a>\u00abJe doute qu\u2019ils aient pris en compte l\u2019impact sur les autres\u00bb, a-t-elle conclu, furax.<\/p>\n<p class=\"fig-paragraph\">Adeptes de l\u2019adage du never complain, never explain, le prince William et Kate Middleton resteront certainement silencieux face \u00e0 la pol\u00e9mique. En esp\u00e9rant que l\u2019esprit de No\u00ebl apaisera durablement l\u2019humeur de leurs voisins.<\/p>\n","protected":false},"excerpt":{"rendered":"Selon plusieurs m\u00e9dias, le nouveau voisinage des Galles ne supporterait pas les mesures r\u00e9cemment mises en place pour&hellip;\n","protected":false},"author":2,"featured_media":599042,"comment_status":"","ping_status":"","sticky":false,"template":"","format":"standard","meta":{"footnotes":""},"categories":[1359],"tags":[970,58,59,1011,27,5858,973,3936,971],"class_list":{"0":"post-599041","1":"post","2":"type-post","3":"status-publish","4":"format-standard","5":"has-post-thumbnail","7":"category-people","8":"tag-aristo-co","9":"tag-divertissement","10":"tag-entertainment","11":"tag-fr","12":"tag-france","13":"tag-kate-middleton","14":"tag-people","15":"tag-prince-william","16":"tag-royaute"},"share_on_mastodon":{"url":"https:\/\/pubeurope.com\/@fr\/115718943173318030","error":""},"_links":{"self":[{"href":"https:\/\/www.europesays.com\/fr\/wp-json\/wp\/v2\/posts\/599041","targetHints":{"allow":["GET"]}}],"collection":[{"href":"https:\/\/www.europesays.com\/fr\/wp-json\/wp\/v2\/posts"}],"about":[{"href":"https:\/\/www.europesays.com\/fr\/wp-json\/wp\/v2\/types\/post"}],"author":[{"embeddable":true,"href":"https:\/\/www.europesays.com\/fr\/wp-json\/wp\/v2\/users\/2"}],"replies":[{"embeddable":true,"href":"https:\/\/www.europesays.com\/fr\/wp-json\/wp\/v2\/comments?post=599041"}],"version-history":[{"count":0,"href":"https:\/\/www.europesays.com\/fr\/wp-json\/wp\/v2\/posts\/599041\/revisions"}],"wp:featuredmedia":[{"embeddable":true,"href":"https:\/\/www.europesays.com\/fr\/wp-json\/wp\/v2\/media\/599042"}],"wp:attachment":[{"href":"https:\/\/www.europesays.com\/fr\/wp-json\/wp\/v2\/media?parent=599041"}],"wp:term":[{"taxonomy":"category","embeddable":true,"href":"https:\/\/www.europesays.com\/fr\/wp-json\/wp\/v2\/categories?post=599041"},{"taxonomy":"post_tag","embeddable":true,"href":"https:\/\/www.europesays.com\/fr\/wp-json\/wp\/v2\/tags?post=599041"}],"curies":[{"name":"wp","href":"https:\/\/api.w.org\/{rel}","templated":true}]}}