{"id":599047,"date":"2025-12-14T16:51:17","date_gmt":"2025-12-14T16:51:17","guid":{"rendered":"https:\/\/www.europesays.com\/fr\/599047\/"},"modified":"2025-12-14T16:51:17","modified_gmt":"2025-12-14T16:51:17","slug":"les-confidences-de-julien-clerc-a-la-veille-de-sa-tournee-80e-anniversaire-je-ne-me-suis-jamais-vu-faire-autre-chose","status":"publish","type":"post","link":"https:\/\/www.europesays.com\/fr\/599047\/","title":{"rendered":"Les confidences de Julien Clerc \u00e0 la veille de sa tourn\u00e9e 80e anniversaire: \u00ab\u00a0Je ne me suis jamais vu faire autre chose\u00a0\u00bb"},"content":{"rendered":"<p><a href=\"https:\/\/www.dhnet.be\/medias\/musique\/2025\/06\/15\/julien-clerc-a-mes-debuts-jai-regrette-de-ne-pas-ecrire-mes-mots-jetais-jaloux-4WSD3LIPFZBN3PKWYTZCPVA2VE\/\" target=\"_self\" class=\"ap-StoryInterstitialLink ap-StoryElement ap-StoryElement--mb js-paywall-target\" rel=\"noopener\">Julien Clerc: \u00ab\u00a0\u00c0 mes d\u00e9buts, j&rsquo;ai regrett\u00e9 de ne pas \u00e9crire mes mots. J&rsquo;\u00e9tais jaloux\u00a0\u00bb<\/a><\/p>\n<p class=\"ap-StoryElement ap-StoryElement--mb ap-StoryText\"><b>Quelles sont les r\u00e9actions qui vous ont le plus touch\u00e9 depuis la sortie d'\u00a0\u00bb<\/b> <b>Une Vie\u00a0\u00bb<\/b> <b>?<\/b><\/p>\n<p class=\"ap-StoryElement ap-StoryElement--mb ap-StoryText\">JULIEN CLERC : La tourn\u00e9e ne d\u00e9bute qu&rsquo;en 2026. Les r\u00e9actions du public \u00e0 ces nouvelles chansons doivent encore \u00eatre mesur\u00e9es avec le filtre de la sc\u00e8ne. Mais je constate avec plaisir que les gens sont particuli\u00e8rement sensibles aux morceaux de l&rsquo;album qui sortent de l&rsquo;ordinaire : Saint-Nazaire, o\u00f9 je rends hommage \u00e0 mon fr\u00e8re (G\u00e9rard Leclerc, d\u00e9c\u00e9d\u00e9 en 1983 dans un accident d&rsquo;avion, NDLR), ou Les Parvis (sur l&rsquo;assassinat d&rsquo;une enseignante par un de ses \u00e9tudiants). J&rsquo;y vois le signe que j&rsquo;ai gard\u00e9 un certain niveau d&rsquo;exigence. C&rsquo;est important apr\u00e8s soixante ans de m\u00e9tier, je ne peux pas vivre que sur mon pass\u00e9. Je dois rester cr\u00e9atif.<\/p>\n<p class=\"ap-StoryElement ap-StoryElement--mb ap-StoryText\"><b>Avez-vous l&rsquo;impression d&rsquo;avoir d\u00e9j\u00e0 tout dit dans vos chansons<\/b> <b>?<\/b><\/p>\n<p class=\"ap-StoryElement ap-StoryElement--mb ap-StoryText\">Non, d&rsquo;abord parce qu&rsquo;il reste encore beaucoup de choses \u00e0 \u00e9crire. Ensuite, parce que ce n&rsquo;est pas moi qui \u00e9cris mes chansons. J&rsquo;ai la chance d&rsquo;avoir pu renouveler les points de vue, les angles et la po\u00e9sie des paroles en faisant appel \u00e0 des auteurs diff\u00e9rents. Il y a encore de nombreuses th\u00e9matiques \u00e0 explorer. On doit pouvoir parler de tout, mais il faut trouver la mani\u00e8re. Au d\u00e9but de ma carri\u00e8re, j&rsquo;\u00e9tais frustr\u00e9 de ne pas \u00eatre capable d&rsquo;\u00e9crire mes propres textes, je me sentais d\u00e9pendant du talent des autres, j&rsquo;\u00e9tais m\u00eame un peu jaloux de ces artistes qui \u00e9taient \u00e0 la fois interpr\u00e8tes, auteurs et compositeurs. Mais tr\u00e8s vite, je me suis rendu compte que \u00e7a me permettait de me renouveler et de rencontrer des tas de grands auteurs. Peu d&rsquo;entre eux m&rsquo;ont \u00e9chapp\u00e9.<\/p>\n<p>Le secret des bons auteurs<\/p>\n<p class=\"ap-StoryElement ap-StoryElement--mb ap-StoryText\"><b>Quel a \u00e9t\u00e9 le point de bascule dans votre carri\u00e8re<\/b> <b>?<\/b><\/p>\n<p class=\"ap-StoryElement ap-StoryElement--mb ap-StoryText\">La Cavalerie, mon premier 45 tours \u00e9crit par Etienne Roda-Gil en 1968. J&rsquo;accumulais d\u00e9j\u00e0 les m\u00e9lodies et j&rsquo;\u00e9tais d\u00e9sesp\u00e9r\u00e9 de ne pas leur trouver de mots. Il y avait un bistrot \u00e0 la Sorbonne, L&rsquo;\u00e9critoire, o\u00f9 on tra\u00eenait entre deux cours. Un jour, j&rsquo;y ai lanc\u00e9 \u00e0 la cantonade : \u00ab\u00a0Qui veut m&rsquo;\u00e9crire une chanson ?\u00a0\u00bb. Et un jeune homme au fond de la salle a r\u00e9pondu : \u00ab\u00a0moi\u00a0\u00bb. Etienne Roda-Gil. Si j&rsquo;avais rencontr\u00e9 un autre auteur, ne fusse que moyen, je ne serai pas l\u00e0 aujourd&rsquo;hui. Tous les paroliers qui sont venus sur mes disques apr\u00e8s Roda-Gil savaient que la barre avait \u00e9t\u00e9 plac\u00e9e tr\u00e8s haut d\u00e8s le d\u00e9but.<\/p>\n<p class=\"ap-StoryElement ap-StoryElement--mb ap-StoryText\"><b>Dans <\/b><b>La Cavalerie<\/b><b>, vous chantiez<\/b> <b>:<\/b> <b>\u00ab\u00a0<\/b><b>j&rsquo;abolirai l&rsquo;ennui<\/b><b>\u00ab\u00a0. Mission accomplie<\/b> <b>?<\/b><\/p>\n<p class=\"ap-StoryElement ap-StoryElement--mb ap-StoryText\">Oui. C&rsquo;\u00e9tait, certes, na\u00eff et arrogant. Mais je me dis que je suis rest\u00e9 fid\u00e8le \u00e0 ce jeune Julien un peu id\u00e9aliste qui ne voulait pas chanter n&rsquo;importait quoi. Je r\u00eavais de qualit\u00e9. Sans l&rsquo;avoir cherch\u00e9e consciemment, j&rsquo;occupe une bonne place dans la chanson fran\u00e7aise. J&rsquo;ai eu des \u00ab\u00a0tubes\u00a0\u00bb qu&rsquo;on a beaucoup entendus \u00e0 la radio, des chansons d&rsquo;amour et puis, au milieu, des chansons \u00ab\u00a0soci\u00e9tales\u00a0\u00bb.<\/p>\n<p class=\"ap-StoryElement ap-StoryElement--mb ap-StoryText\"><b>Comme Souchon, Cabrel ou Johnny, vos chansons ont accompagn\u00e9 des vies enti\u00e8res. Est-ce qu&rsquo;il y a un artiste qui a jou\u00e9 le m\u00eame r\u00f4le pour vous<\/b> <b>?<\/b><\/p>\n<p class=\"ap-StoryElement ap-StoryElement--mb ap-StoryText\">Ils sont plusieurs. Bob Dylan, les Beatles, Paul McCartney, Charles Aznavour ou encore George Brassens, qui \u00e9tait l&rsquo;idole de ma m\u00e8re. Ils m&rsquo;ont \u00e9norm\u00e9ment aid\u00e9 et m&rsquo;aident encore. Ce sont des inspirateurs. Gr\u00e2ce \u00e0 eux, j&rsquo;ai toujours cru que si on chantait, c&rsquo;\u00e9tait pour longtemps.<\/p>\n<p class=\"ap-StoryElement ap-StoryElement--mb ap-StoryText\"><b>Vous n&rsquo;avez jamais song\u00e9 \u00e0 arr\u00eater<\/b> <b>?<\/b><\/p>\n<p class=\"ap-StoryElement ap-StoryElement--mb ap-StoryText\">Jamais. Les chiffres de ventes, les streamings, les classements, tout \u00e7a\u2026 Je sais que c&rsquo;est important. Je les regarde mais \u00e7a ne m&rsquo;int\u00e9resse pas plus que \u00e7a. Il y a une sorte d&rsquo;inconscience chez moi. J&rsquo;ai sorti des disques plus faibles, ou disons \u00ab\u00a0plus fain\u00e9ants\u00a0\u00bb, mais je ne me suis jamais arr\u00eat\u00e9 \u00e0 \u00e7a. D&rsquo;ailleurs, hormis peut-\u00eatre les Beatles, qui n&rsquo;a pas connu \u00e7a sur une longue carri\u00e8re ? J&rsquo;ai toujours avanc\u00e9. Dans mon entourage, j&rsquo;ai aussi cette chance d&rsquo;avoir toujours un parolier, un musicien, un directeur artistique ou un arrangeur qui me dit : \u00ab\u00a0ah, pour ton prochain album, ce serait bien si\u2026\u00a0\u00bb Et comme je suis un bon soldat, je me mets \u00e0 l&rsquo;ouvrage. Quand je suis au pied de cette montagne que repr\u00e9sente un \u00ab\u00a0prochain album\u00a0\u00bb, \u00e7a m&rsquo;int\u00e9resse encore de savoir si je vais arriver \u00e0 la gravir. \u00c0 l&rsquo;\u00e2ge que j&rsquo;ai, c&rsquo;est g\u00e9nial d&rsquo;avoir \u00e7a en t\u00eate.<\/p>\n<p class=\"ap-StoryElement ap-StoryElement--mb ap-StoryText\"><b>Ma pr\u00e9f\u00e9rence, Ce n&rsquo;est rien, Femmes je vous aime<\/b>\u2026 <b>Ces chansons parmi les plus pl\u00e9biscit\u00e9es du public sont-elles aussi vos pr\u00e9f\u00e9r\u00e9es<\/b> <b>?<\/b><\/p>\n<p class=\"ap-StoryElement ap-StoryElement--mb ap-StoryText\">J&rsquo;ai beaucoup de respect pour ces chansons. Elles ont connu un tel succ\u00e8s qu&rsquo;elles finissent par vous \u00e9chapper. Pour revenir \u00e0 Bob Dylan, je ne pense pas qu&rsquo;on fasse le m\u00eame m\u00e9tier. Non seulement j&rsquo;\u00e9prouve du plaisir \u00e0 chanter chaque soir ces titres valid\u00e9s par le public mais je fais de mon mieux pour bien les chanter. Dylan, \u00e7a ne l&rsquo;int\u00e9resse plus. M\u00eame quand il en met une ou deux dans sa setlist, il les massacre alors qu&rsquo;il chante si bien celles des autres. Je ne vais plus le voir en concert pour cette raison. Quand vous sortez un album, vous voudriez que toutes les chansons plaisent. Il faut savoir prendre \u00e7a avec recul. J&rsquo;ai des chansons pr\u00e9f\u00e9r\u00e9es qui ne sont jamais diffus\u00e9es en radio mais elles peuvent vivre par la sc\u00e8ne, \u00e0 c\u00f4t\u00e9 de celles qui sont plus attendues.<\/p>\n<p class=\"ap-StoryElement ap-StoryElement--mb ap-StoryText\"><b>A quoi faut-il s&rsquo;attendre avec cette tourn\u00e9e 80 ans.<\/b><\/p>\n<p class=\"ap-StoryElement ap-StoryElement--mb ap-StoryText\">Elle commence en 2026, soit un an avant cet anniversaire. Initialement, j&rsquo;avais envisag\u00e9 de marquer le coup avec une derni\u00e8re partie de tourn\u00e9e avec orchestre symphonique. Mais tout le monde fait \u00e7a aujourd&rsquo;hui, C&rsquo;est devenu du marketing. L&rsquo;id\u00e9e me para\u00eet un peu \u00ab\u00a0tarte \u00e0 la cr\u00e8me\u00a0\u00bb et me s\u00e9duit moins. La formule de mes concerts va \u00e9voluer en fonction des tailles des salles o\u00f9 on joue. Il y a aura plus ou moins d&rsquo;\u00e9crans, plus ou moins de musiciens. Avec des cordes, vous pouvez faire des choses diff\u00e9rentes. Le r\u00e9pertoire va aussi \u00e9voluer.<\/p>\n<p class=\"ap-StoryElement ap-StoryElement--mb ap-StoryText\"><b>Sur la nouvelle \u00e9dition d'\u00a0\u00bbUne Vie\u00a0\u00bb qui vient de sortir, vous ajoutez six versions en piano\/voix. Pour vous, une bonne chanson doit pouvoir tenir dans cette formule<\/b> <b>?<\/b><\/p>\n<p class=\"ap-StoryElement ap-StoryElement--mb ap-StoryText\">Oui, c&rsquo;est comme \u00e7a que je les juge avant de les enregistrer. Si j&rsquo;avais \u00e9t\u00e9 meilleur pianiste, j&rsquo;aurai d&rsquo;ailleurs tent\u00e9 le coup de tourner dans les th\u00e9\u00e2tres en formule piano\/voix. Mais je ne suis pas Elton John ou William Sheller. Ceci dit, cet instrument continue \u00e0 me surprendre. Il exerce une force attractive chez moi. J&rsquo;aime m&rsquo;asseoir chaque jour devant le piano et inventer une m\u00e9lodie. Souvent, c&rsquo;est \u00e0 chier. Parfois, il y a quelque chose d&rsquo;int\u00e9ressant. Mais j&rsquo;arrive \u00e0 chaque fois \u00e0 sortir quelque chose.<\/p>\n<p class=\"ap-StoryElement ap-StoryElement--mb ap-StoryText\"><b>Une derni\u00e8re question<\/b> <b>\u00ab\u00a0tarte \u00e0 la cr\u00e8me\u00a0\u00bb comme vous dites. Quel est le secret de votre long\u00e9vit\u00e9<\/b> <b>?<\/b><\/p>\n<p class=\"ap-StoryElement ap-StoryElement--mb ap-StoryText\">Il y a certainement la chance d&rsquo;avoir crois\u00e9 de bons auteurs qui m&rsquo;ont permis de toucher le public. M\u00eame si je l&rsquo;ai souhait\u00e9, je n&rsquo;ai jamais cherch\u00e9 \u00e0 avoir \u00e0 tout prix du succ\u00e8s pour le succ\u00e8s. Chanteur, c&rsquo;est aussi la vie que je me suis choisie. Je ne me suis jamais vu faire quelque chose d&rsquo;autre. Je n&rsquo;en ai jamais eu marre et j&rsquo;essaye de ne pas d\u00e9cevoir. Et par-dessous, \u00e7a m&rsquo;amuse.<\/p>\n<p class=\"ap-StoryElement ap-StoryElement--mb ap-StoryText\"><b>Le 28\/3 au Forum de Li\u00e8ge. Le 29\/3 au Palais des Beaux-Arts, Charleroi. Le 2\/10\/2027, Forest National.<\/b><\/p>\n<p class=\"ap-StoryElement ap-StoryElement--mb ap-StoryText\"><b>Julien Clerc Une vie Warner<\/b><\/p>\n","protected":false},"excerpt":{"rendered":"Julien Clerc: \u00ab\u00a0\u00c0 mes d\u00e9buts, j&rsquo;ai regrett\u00e9 de ne pas \u00e9crire mes mots. J&rsquo;\u00e9tais jaloux\u00a0\u00bb Quelles sont les&hellip;\n","protected":false},"author":2,"featured_media":599048,"comment_status":"","ping_status":"","sticky":false,"template":"","format":"standard","meta":{"footnotes":""},"categories":[1355],"tags":[58,59,1011,27,1735,1361,873],"class_list":{"0":"post-599047","1":"post","2":"type-post","3":"status-publish","4":"format-standard","5":"has-post-thumbnail","7":"category-musique","8":"tag-divertissement","9":"tag-entertainment","10":"tag-fr","11":"tag-france","12":"tag-julien-clerc","13":"tag-music","14":"tag-musique"},"share_on_mastodon":{"url":"https:\/\/pubeurope.com\/@fr\/115718958941438165","error":""},"_links":{"self":[{"href":"https:\/\/www.europesays.com\/fr\/wp-json\/wp\/v2\/posts\/599047","targetHints":{"allow":["GET"]}}],"collection":[{"href":"https:\/\/www.europesays.com\/fr\/wp-json\/wp\/v2\/posts"}],"about":[{"href":"https:\/\/www.europesays.com\/fr\/wp-json\/wp\/v2\/types\/post"}],"author":[{"embeddable":true,"href":"https:\/\/www.europesays.com\/fr\/wp-json\/wp\/v2\/users\/2"}],"replies":[{"embeddable":true,"href":"https:\/\/www.europesays.com\/fr\/wp-json\/wp\/v2\/comments?post=599047"}],"version-history":[{"count":0,"href":"https:\/\/www.europesays.com\/fr\/wp-json\/wp\/v2\/posts\/599047\/revisions"}],"wp:featuredmedia":[{"embeddable":true,"href":"https:\/\/www.europesays.com\/fr\/wp-json\/wp\/v2\/media\/599048"}],"wp:attachment":[{"href":"https:\/\/www.europesays.com\/fr\/wp-json\/wp\/v2\/media?parent=599047"}],"wp:term":[{"taxonomy":"category","embeddable":true,"href":"https:\/\/www.europesays.com\/fr\/wp-json\/wp\/v2\/categories?post=599047"},{"taxonomy":"post_tag","embeddable":true,"href":"https:\/\/www.europesays.com\/fr\/wp-json\/wp\/v2\/tags?post=599047"}],"curies":[{"name":"wp","href":"https:\/\/api.w.org\/{rel}","templated":true}]}}