{"id":59905,"date":"2025-04-28T18:33:17","date_gmt":"2025-04-28T18:33:17","guid":{"rendered":"https:\/\/www.europesays.com\/fr\/59905\/"},"modified":"2025-04-28T18:33:17","modified_gmt":"2025-04-28T18:33:17","slug":"un-club-de-top-14-veut-signer-duncan-paiaaua","status":"publish","type":"post","link":"https:\/\/www.europesays.com\/fr\/59905\/","title":{"rendered":"Un club de Top 14 veut signer Duncan Paia\u2019aua"},"content":{"rendered":"<p>\t\t\t\t\t\t\t\t\t\t\t\t\t\tTOP 14 2024-2025 \u2013 Selon <a href=\"https:\/\/www.lindependant.fr\/2025\/04\/28\/info-lindependant-top-14-le-toulonnais-duncan-paiaaua-piste-pour-renforcer-le-centre-de-lattaque-de-lusap-12663990.php\" target=\"_blank\" rel=\"noopener\">L\u2019Ind\u00e9pendant<\/a>, l\u2019USAP voudrait signer le trois-quarts de Toulon, Duncan Paia\u2019aua (30 ans).<\/p>\n<p style=\"text-align: justify;\">L\u2019<strong>USAP<\/strong> va \u00eatre \u00e0 la bagarre avec <strong>Vannes<\/strong> et le <strong>Stade<\/strong> <strong>Fran\u00e7ais<\/strong> pour assurer sa place en Top 14 en vue de la saison prochaine. Les <strong>Catalans<\/strong>, qui se voulaient ambitieux en d\u00e9but de saison, ont aussi bien entam\u00e9 leur mercato pour cet \u00e9t\u00e9, avec plusieurs recrues, dont l\u2019international \u00e9cossais <strong>Jamie<\/strong> <strong>Ritchie<\/strong>.<\/p>\n<p>Duncan Paia\u2019aua \u00e0 Perpignan ?<\/p>\n<p style=\"text-align: justify;\">Dans la ligne arri\u00e8re, le club catalan a enregistr\u00e9 la signature de <strong>Tristan<\/strong> <strong>Tedder,<\/strong> qui va revenir \u00e0 Perpignan apr\u00e8s deux saisons avec le <strong>Racing<\/strong> <strong>92<\/strong>. Toujours en qu\u00eate de renforts, <strong>Franck<\/strong> <strong>Az\u00e9ma<\/strong> a coch\u00e9 le nom de son ancien joueur \u00e0 Toulon, le <strong>Samoan<\/strong> <strong>Duncan Paia\u2019aua<\/strong>. Le joueur de 30 ans vit une saison presque blanche \u00e0 cause d\u2019une blessure aux cervicales.<\/p>\n<p style=\"text-align: justify;\">En fin de contrat avec Toulon, <strong>Duncan<\/strong> <strong>Paia\u2019aua<\/strong> ne sera pas prolong\u00e9 et est donc en qu\u00eate d\u2019un nouveau challenge. Des \u00e9quipes anglaises s\u2019\u00e9taient positionn\u00e9s sur le dossier, mais l\u2019<strong>USAP<\/strong> pourrait bien rafler la mise. <strong>Franck<\/strong> <strong>Az\u00e9ma<\/strong> a confirm\u00e9 l\u2019int\u00e9r\u00eat pour un joueur qu\u2019il voulait d\u00e9j\u00e0 recruter l\u2019\u00e9t\u00e9 dernier. Pour le moment, rien n\u2019est encore sign\u00e9 alors que <strong>Duncan<\/strong> <strong>Paia\u2019aua<\/strong> a \u00e9t\u00e9 vu \u00e0 Perpignan ce lundi selon nos confr\u00e8res.<\/p>\n<p>\u00c0 ce sujet<br \/>\n<a href=\"https:\/\/dicodusport.fr\/blog\/transferts-usap-2025-arrivees-departs-et-prolongations\/\" class=\"vlp-link\" title=\"Transferts USAP 2025 : Recrues, d\u00e9parts et prolongations\" target=\"_blank\" rel=\"noopener\"><img loading=\"lazy\" decoding=\"async\" style=\"max-width: 792px;\" width=\"792\" height=\"445\" class=\"attachment-800x445 size-800x445 perfmatters-lazy\" alt=\"Transferts : Jamie Ritchie (\u00c9cosse) signe en Top 14\" src=\"https:\/\/www.europesays.com\/fr\/wp-content\/uploads\/2025\/04\/Transferts-Linternational-ecossais-Jamie-Ritchie-signe-en-Top-14.png\"  data-\/><\/p>\n<p>Transferts USAP 2025 : Recrues, d\u00e9parts et prolongations<\/p>\n<p>Arriv\u00e9es, d\u00e9parts et prolongations \u00e0 l&rsquo;USAP<\/p>\n<p>Lire l&rsquo;article<\/p>\n<p>dicodusport.fr<\/p>\n","protected":false},"excerpt":{"rendered":"TOP 14 2024-2025 \u2013 Selon L\u2019Ind\u00e9pendant, l\u2019USAP voudrait signer le trois-quarts de Toulon, Duncan Paia\u2019aua (30 ans). L\u2019USAP&hellip;\n","protected":false},"author":2,"featured_media":59906,"comment_status":"","ping_status":"","sticky":false,"template":"","format":"standard","meta":{"footnotes":""},"categories":[9619],"tags":[1111,11,2113,1109,15661,1777,674,1011,27,12,15662,882,25,2310,969,477,14988],"class_list":{"0":"post-59905","1":"post","2":"type-post","3":"status-publish","4":"format-standard","5":"has-post-thumbnail","7":"category-toulon","8":"tag-actu","9":"tag-actualites","10":"tag-breve","11":"tag-breves","12":"tag-duncan-paiaaua","13":"tag-eu","14":"tag-europe","15":"tag-fr","16":"tag-france","17":"tag-news","18":"tag-paiaaua","19":"tag-provence-alpes-cote-dazur","20":"tag-republique-francaise","21":"tag-toulon","22":"tag-transfert","23":"tag-transferts-rugby","24":"tag-usap"},"share_on_mastodon":{"url":"https:\/\/pubeurope.com\/@fr\/114417028684017145","error":""},"_links":{"self":[{"href":"https:\/\/www.europesays.com\/fr\/wp-json\/wp\/v2\/posts\/59905","targetHints":{"allow":["GET"]}}],"collection":[{"href":"https:\/\/www.europesays.com\/fr\/wp-json\/wp\/v2\/posts"}],"about":[{"href":"https:\/\/www.europesays.com\/fr\/wp-json\/wp\/v2\/types\/post"}],"author":[{"embeddable":true,"href":"https:\/\/www.europesays.com\/fr\/wp-json\/wp\/v2\/users\/2"}],"replies":[{"embeddable":true,"href":"https:\/\/www.europesays.com\/fr\/wp-json\/wp\/v2\/comments?post=59905"}],"version-history":[{"count":0,"href":"https:\/\/www.europesays.com\/fr\/wp-json\/wp\/v2\/posts\/59905\/revisions"}],"wp:featuredmedia":[{"embeddable":true,"href":"https:\/\/www.europesays.com\/fr\/wp-json\/wp\/v2\/media\/59906"}],"wp:attachment":[{"href":"https:\/\/www.europesays.com\/fr\/wp-json\/wp\/v2\/media?parent=59905"}],"wp:term":[{"taxonomy":"category","embeddable":true,"href":"https:\/\/www.europesays.com\/fr\/wp-json\/wp\/v2\/categories?post=59905"},{"taxonomy":"post_tag","embeddable":true,"href":"https:\/\/www.europesays.com\/fr\/wp-json\/wp\/v2\/tags?post=59905"}],"curies":[{"name":"wp","href":"https:\/\/api.w.org\/{rel}","templated":true}]}}