{"id":599051,"date":"2025-12-14T16:53:17","date_gmt":"2025-12-14T16:53:17","guid":{"rendered":"https:\/\/www.europesays.com\/fr\/599051\/"},"modified":"2025-12-14T16:53:17","modified_gmt":"2025-12-14T16:53:17","slug":"attention-melanger-ces-aliments-phares-et-medicaments-peut-etre-tres-risque","status":"publish","type":"post","link":"https:\/\/www.europesays.com\/fr\/599051\/","title":{"rendered":"Attention, m\u00e9langer ces aliments phares et m\u00e9dicaments peut \u00eatre TR\u00c8S risqu\u00e9"},"content":{"rendered":"<p>Par <a class=\"author_recette\" id=\"author_name\" href=\"https:\/\/www.nextplz.fr\/auteur\/noelle-binet\" target=\"_blank\" rel=\"noopener\">No\u00eblle<br \/>\nBinet<\/a> &#8211;<br \/>\nPubli\u00e9 le 14 D\u00e9c 2025 \u00e0<br \/>\n07:30<\/p>\n<p class=\"article-intro excerpt\">Beaucoup l\u2019ignorent mais m\u00e9langer<br \/>\ncertains aliments et m\u00e9dicaments peut poser probl\u00e8me\u2026 Voici<br \/>\npourquoi !<\/p>\n<p>Une liste noire qui fait grand bruit. Comme tous les ans, la<br \/>\nrevue m\u00e9dicale ind\u00e9pendante Prescrire a d\u00e9voil\u00e9 celle des<br \/>\nm\u00e9dicaments autoris\u00e9s sur le march\u00e9 europ\u00e9en qui seraient toutefois<br \/>\n\u00e0 \u00e9viter, et plusieurs m\u00e9dias l\u00a0\u00bbont relay\u00e9e \u00e0 l&rsquo;instar de La<br \/>\nD\u00e9p\u00eache. Selon son bilan annuel de 2025, d&rsquo;innombrables<br \/>\ntraitements seraient \u00e0 ce jour \u00ab\u00a0plus dangereux<br \/>\nqu&rsquo;utiles\u00a0\u00bb.<\/p>\n<p>Maxilase, Specta et Voltar\u00e8ne\u2026 Ces m\u00e9dicaments point\u00e9s du doigt par<br \/>\nla revue Prescrire<\/p>\n<p>\u00c0 l&rsquo;instar du Maxilase, connu pour traiter les maux de gorge<br \/>\nmais qui semble exposer les consommateurs \u00e0 \u00ab\u00a0des troubles<br \/>\ncutan\u00e9s ou allergiques parfois graves\u00a0\u00bb ou m\u00eame le Voltar\u00e8ne<br \/>\nqui tend \u00e0 soulager les douleurs musculaires, mais qui pr\u00e9senterait<br \/>\ndes risques \u00ab\u00a0d&rsquo;effets ind\u00e9sirables cardiovasculaires\u00a0\u00bb.<br \/>\nSans oublier le Smecta souvent utilis\u00e9 pour apaiser les br\u00fblures<br \/>\nintestinales, d\u00e9sormais point\u00e9 pour un risque de contamination au<br \/>\nplomb. Si Prescrire a d\u00e9cid\u00e9 de nous alerter \u00e0 leur sujet,<br \/>\nson objectif premier est d&rsquo;aiguiller chaque citoyen \u00e0<br \/>\n\u00ab\u00a0c<a href=\"https:\/\/www.nextplz.fr\/societe\/504209-ce-medicament-prescrit-a-5-000-francais-est-retire-a-cause-de-substances-cancerogenes\" target=\"_blank\" rel=\"noopener\">hoisir<br \/>\ndes soins de qualit\u00e9<\/a>\u00a0\u00bb tout en \u00e9vitant les \u00ab\u00a0dommages<br \/>\ndisproportionn\u00e9s pour les patientes et patients\u00a0\u00bb.<\/p>\n<p>Des effets<br \/>\nsecondaires qui furent longtemps m\u00e9connus<\/p>\n<p>Pour son 14\u1d49\u00a0bilan annuel, la r\u00e9daction de<br \/>\nPrescrire a list\u00e9 pas moins de 108\u00a0m\u00e9dicaments<br \/>\npropos\u00e9s en Europe, et naturellement en France, qu&rsquo;elle conseille \u00e0<br \/>\npr\u00e9sent d&rsquo;\u00e9viter pour \u00ab\u00a0mieux\u00a0\u00bb se soigner. <a href=\"https:\/\/www.prescrire.org\/medicaments-a-ecarter\/494-pour-mieux-soigner-des-medicaments-a-ecarter-bilan-2025\" target=\"_blank\" rel=\"noreferrer noopener nofollow\">Selon nos<br \/>\nconfr\u00e8res<\/a>, pr\u00e8s de 90 ayant b\u00e9n\u00e9fici\u00e9 d\u2019une autorisation<br \/>\nde mise sur le march\u00e9 (AMM) fran\u00e7ais pr\u00e9senteraient toutefois une<br \/>\n\u00ab\u00a0balance b\u00e9n\u00e9fices-risques d\u00e9favorable dans toutes les<br \/>\nsituations cliniques figurant dans l\u2019AMM\u00a0\u00bb. De quoi interpeller<br \/>\n! \u00ab\u00a0Chez les patients concern\u00e9s, quand un traitement<br \/>\nm\u00e9dicamenteux para\u00eet souhaitable, d\u2019autres options th\u00e9rapeutiques<br \/>\nont une meilleure balance que ces m\u00e9dicaments \u00e0 \u00e9carter\u00a0\u00bb,<br \/>\napprend-on. \u00ab\u00a0Dans certaines situations, l\u2019option la plus<br \/>\nprudente est de ne pas recourir \u00e0 un m\u00e9dicament\u00a0\u00bb.<\/p>\n<p>Attention \u00e0 certaines combinaisons aliments-m\u00e9dicaments<\/p>\n<p>Prescrire a \u00e9galement ajout\u00e9 quatre nouveaux<br \/>\nm\u00e9dicaments dans sa liste noire, notamment l&rsquo;andexanet alfa, la<br \/>\nchondro\u00eftine, le f\u00e9zolin\u00e9tant, ou encore le g\u00e9fapixant. En<br \/>\nnovembre, en s&rsquo;appuyant sur les connaissances du docteur Kierzek,<br \/>\nl<a href=\"https:\/\/www.francebleu.fr\/emissions\/les-conseils-du-docteur-kierzek\/medicaments-et-alimentation-ces-associations-qui-peuvent-poser-probleme-3763080\" target=\"_blank\" rel=\"noreferrer noopener nofollow\">es \u00e9quipes de<br \/>\nFrance Bleu<\/a> s&rsquo;\u00e9taient int\u00e9ress\u00e9es de pr\u00e8s aux aliments qui<br \/>\ninfluenceraient l&rsquo;action des m\u00e9dicaments. En effet, certaines<br \/>\nassociations pourraient r\u00e9duire l&rsquo;efficacit\u00e9 de certains<br \/>\ntraitements ou \u00e0 contrario renforcer leurs effets. Toujours selon<br \/>\nnos confr\u00e8res, les coagulants de type AVK comme l&rsquo;ac\u00e9nocoumarol ou<br \/>\nla warfarine peuvent \u00eatre influenc\u00e9s par la vitamine K, qui se<br \/>\ntrouve dans les choux, les salades ou m\u00eame les \u00e9pinards. Selon la<br \/>\nquantit\u00e9 consomm\u00e9e, elle peut augmenter ou diminuer l&rsquo;effet d&rsquo;un<br \/>\ntraitement.<\/p>\n<p>Une vigilance requise : tournez-vous vers des professionnels de la<br \/>\nsant\u00e9 en cas de doute<\/p>\n<p>D&rsquo;apr\u00e8s le sp\u00e9cialiste, il est important de garder un certain<br \/>\n\u00e9quilibre quant \u00e0 votre consommation, qui peut varier d&rsquo;une semaine<br \/>\n\u00e0 l&rsquo;autre. \u00c0 savoir que si votre alimentation est trop sal\u00e9e, elle<br \/>\npeut \u00e9galement r\u00e9duire l&rsquo;efficacit\u00e9 de vos m\u00e9dicaments. Pour<br \/>\nrappel, la limite quotidienne recommand\u00e9e de sel est d&rsquo;ailleurs de<br \/>\n5g. De son c\u00f4t\u00e9, en bloquant une enzyme intestinale, le<br \/>\npamplemousse peut augmenter l&rsquo;absorption de certains traitements<br \/>\ncomme les statines, ce qui peut \u00eatre aussi dommageable pour vos<br \/>\nmuscles et votre foie. Idem pour les anxiolytiques et<br \/>\nimmunosuppresseurs. Et pour finir, l&rsquo;alcool peut renforcer l&rsquo;effet<br \/>\ndes anxiolytiques, somnif\u00e8res, antidouleurs, antidiab\u00e9tiques et<br \/>\nantid\u00e9presseurs. Avec l&rsquo;aspirine et anti-inflammatoires, il<br \/>\naugmente aussi le risque de saignement. Pour plus d&rsquo;informations<br \/>\ncompl\u00e9mentaires, il est imp\u00e9ratif de vous tourner vers des<br \/>\nsp\u00e9cialistes de la sant\u00e9.<\/p>\n","protected":false},"excerpt":{"rendered":"Par No\u00eblle Binet &#8211; Publi\u00e9 le 14 D\u00e9c 2025 \u00e0 07:30 Beaucoup l\u2019ignorent mais m\u00e9langer certains aliments et&hellip;\n","protected":false},"author":2,"featured_media":599052,"comment_status":"","ping_status":"","sticky":false,"template":"","format":"standard","meta":{"footnotes":""},"categories":[10],"tags":[21303,1011,27,72,71,65861],"class_list":{"0":"post-599051","1":"post","2":"type-post","3":"status-publish","4":"format-standard","5":"has-post-thumbnail","7":"category-sante","8":"tag-buzz_nonli","9":"tag-fr","10":"tag-france","11":"tag-health","12":"tag-sante","13":"tag-trend"},"share_on_mastodon":{"url":"https:\/\/pubeurope.com\/@fr\/115718966877396372","error":""},"_links":{"self":[{"href":"https:\/\/www.europesays.com\/fr\/wp-json\/wp\/v2\/posts\/599051","targetHints":{"allow":["GET"]}}],"collection":[{"href":"https:\/\/www.europesays.com\/fr\/wp-json\/wp\/v2\/posts"}],"about":[{"href":"https:\/\/www.europesays.com\/fr\/wp-json\/wp\/v2\/types\/post"}],"author":[{"embeddable":true,"href":"https:\/\/www.europesays.com\/fr\/wp-json\/wp\/v2\/users\/2"}],"replies":[{"embeddable":true,"href":"https:\/\/www.europesays.com\/fr\/wp-json\/wp\/v2\/comments?post=599051"}],"version-history":[{"count":0,"href":"https:\/\/www.europesays.com\/fr\/wp-json\/wp\/v2\/posts\/599051\/revisions"}],"wp:featuredmedia":[{"embeddable":true,"href":"https:\/\/www.europesays.com\/fr\/wp-json\/wp\/v2\/media\/599052"}],"wp:attachment":[{"href":"https:\/\/www.europesays.com\/fr\/wp-json\/wp\/v2\/media?parent=599051"}],"wp:term":[{"taxonomy":"category","embeddable":true,"href":"https:\/\/www.europesays.com\/fr\/wp-json\/wp\/v2\/categories?post=599051"},{"taxonomy":"post_tag","embeddable":true,"href":"https:\/\/www.europesays.com\/fr\/wp-json\/wp\/v2\/tags?post=599051"}],"curies":[{"name":"wp","href":"https:\/\/api.w.org\/{rel}","templated":true}]}}