{"id":599061,"date":"2025-12-14T16:58:11","date_gmt":"2025-12-14T16:58:11","guid":{"rendered":"https:\/\/www.europesays.com\/fr\/599061\/"},"modified":"2025-12-14T16:58:11","modified_gmt":"2025-12-14T16:58:11","slug":"etats-unis-une-fusillade-fait-au-moins-deux-morts-sur-le-campus-de-luniversite-brown-liberation","status":"publish","type":"post","link":"https:\/\/www.europesays.com\/fr\/599061\/","title":{"rendered":"Etats-Unis : une fusillade fait au moins deux morts sur le campus de l\u2019universit\u00e9 Brown &#8211; Lib\u00e9ration"},"content":{"rendered":"<ol>\n<li><a href=\"https:\/\/news.google.com\/rss\/articles\/CBMi_wFBVV95cUxPdnFwR2JmSzlMZmsxOGdUN1FzUTZMUUZBSG4zdGxLSklscFdVNEZnaG5aZWNoU0Z4OHRmOGlyQVFlYXRQUnpFRXE2bDlybHM5T2pJNGE1d0JEYXpnRHRVNV9Ea2lON2EteDRzdEhQb2pxVDVqTGRiejE5UTluUWpob21URlBQa1ZwWDRTS0xMTGp0Uk1xSXZ4NElZLVByUGp4bmhVcnBGUFIxQWo2MGxCQ1gzQ3JtaExUREI4bm1wQ1JLTnJqOUROaHZoZldURk45dWVTYThNTXFtblFpckotNFp5ajdZV3RGVVNlb25pQ3JZejVpMU1uUWZQV2pxMDA?oc=5\" target=\"_blank\" rel=\"noopener\">Etats-Unis : une fusillade fait au moins deux morts sur le campus de l\u2019universit\u00e9 Brown<\/a>&nbsp;&nbsp;Lib\u00e9ration<\/li>\n<li><a href=\"https:\/\/news.google.com\/rss\/articles\/CBMiiwJBVV95cUxQNXlLMUtIckp2S0pwb3JPTzI5YURTTDZHVHpuV3BHZlhLMGlGVnJFeGY5VC0tdlNybU41RWtXdjl5TDdRVDY0Y0FtQnhKUm5BZnJ2bDRDRXBENU1KRkFkekxlTzNSb1NIZ2xNQnVzdEV0N1MzUlJLMWhpLVlGSDV6YnZ0eU90ZTVHUlNxVlNSc3IxYjlDNDE0QjBHNzQ0ZDZ5NW9yUDNra2VLdHJVVHNTYmdacTh2X0NMLXc5MzE1WGMxVWFHUUxKX21nTFJnOENicl9jYl9GRW9FUHZMb0wtRGFrNFE0ZjhnSm9mZHRSelNkdm5fUVVzVHozaDdBdnRsMmVQb2tWNUthYXc?oc=5\" target=\"_blank\" rel=\"noopener\">Deux morts et neuf bless\u00e9s dans des tirs \u00e0 l&rsquo;universit\u00e9 Brown aux Etats-Unis, le tireur toujours en fuite<\/a>&nbsp;&nbsp;Franceinfo<\/li>\n<li><a href=\"https:\/\/news.google.com\/rss\/articles\/CBMi3wFBVV95cUxQU29MV0VTQ2dCSEV5TkUxUG52Mm5yN2JEbTFiSXRHTy1ldWxRV1NZX2JtME1hVnU4VXhHdlZJMDRIc2c4azBZS2RMcFR5bV8wOHhma0V5dHUxM3pNeFp2SEJyLUJ3ME9mYTFId0ZnTm0zTE9fYjNLczVGbkRDMFBnRnh3Q3FwS2NWTDgzSTJrVVFnczdyQWM3VGZxbktraHJ4dWVWLVV6eW5JbnNnZ2FCb3hURk9wbnpCZFJhdmFpNEI2YmhYNlVveU9fcDI1Y2FRM3ZPSU9jTVpVdm1DaW9V?oc=5\" target=\"_blank\" rel=\"noopener\">\u00c9tats-Unis: une personne arr\u00eat\u00e9e par la police dans le cadre de la fusillade \u00e0 l&rsquo;universit\u00e9 de Brown<\/a>&nbsp;&nbsp;Le Figaro<\/li>\n<li><a href=\"https:\/\/news.google.com\/rss\/articles\/CBMi8wFBVV95cUxQWGNFWEt6YTVhOFpCM2JhMXliV291bkZLeVpVaDZXeG5welY4S3Z1Y0lhcEpJVHl1bGMwOWczOS1jbFd1Z0Z3OG5Hekk4MXBuOHRpbzNOLVp3Q0NyWGRjU0FISEdnZzYwUHVkZklmZTBqWnkxbzliYXhJT2hoaV9DUHQwcFdwY2FoZW8zanVSZkxOV1ZQQWNCc3BFcWRLZTU1TE9sLWJTcVpxVGtMeGMtb2gyeEFhUU1yai0tRzZrSHhvZUY3dmo0ZFhxcXBCV0xFaXdHZDNtaVBQV0ZXanpyLVNMejAydXJ3WEVxUG85RjFCVDQ?oc=5\" target=\"_blank\" rel=\"noopener\">\u00c9tats-Unis : une personne arr\u00eat\u00e9e apr\u00e8s la fusillade mortelle \u00e0 l&rsquo;universit\u00e9 de Brown<\/a>&nbsp;&nbsp;France 24<\/li>\n<li><a href=\"https:\/\/news.google.com\/rss\/articles\/CBMi2AJBVV95cUxOajQyUVQ5TURfbklZZUtoaWdKYkQ0UHRWME8xVDJoYmpEb285S3F1NndjTDV2SGFNNGo5VV8yZGRfN01qazktUmJiaHBOeFNUOU1wLWJ5TUR1SHJaQWM4bUZjR3ZmV2R1RmtjMnhSSTVZUE9hdENIWlY0eFJWS3lpMVU4OGhqNjNDdnZOcjRCTllHZmZIOEctLUxJQkhwbnBYeUVqSWhSSUh1TDIzRVlpTExST1hpa3pOb3Ria2dXNzJCNTJ6dWVGVTZoeXl0MGwxZkJlVHAzWTFzMlp1SWVubHUwLXJRd3g0SU1hUG9jYTRnRmFGX0lCUlNFM2M0d29VNGhXejVlTW0ySGxBUlNxWEJPaWw2aEo1bkh2T3BLTVUxSGRlV25qeGRvNnBTbndad3Rma2dKblo5czctMTRGY0FyMHV6a1NRYjRyTXE4VUxRSnVvN1J6cQ?oc=5\" target=\"_blank\" rel=\"noopener\">Des tirs en plein examen, un suspect avec un \u00ab\u00a0masque de camouflage\u00a0\u00bb&#8230; Ce que l&rsquo;on sait de la fusillade qui a fait deux morts \u00e0 l&rsquo;universit\u00e9 Brown aux \u00c9tats-Unis<\/a>&nbsp;&nbsp;BFM<\/li>\n<\/ol>\n","protected":false},"excerpt":{"rendered":"Etats-Unis : une fusillade fait au moins deux morts sur le campus de l\u2019universit\u00e9 Brown&nbsp;&nbsp;Lib\u00e9ration Deux morts et&hellip;\n","protected":false},"author":2,"featured_media":395849,"comment_status":"","ping_status":"","sticky":false,"template":"","format":"standard","meta":{"footnotes":""},"categories":[5],"tags":[11,1011,27,14,12,28],"class_list":{"0":"post-599061","1":"post","2":"type-post","3":"status-publish","4":"format-standard","5":"has-post-thumbnail","7":"category-international","8":"tag-actualites","9":"tag-fr","10":"tag-france","11":"tag-international","12":"tag-news","13":"tag-world"},"share_on_mastodon":{"url":"https:\/\/pubeurope.com\/@fr\/115718986496174070","error":""},"_links":{"self":[{"href":"https:\/\/www.europesays.com\/fr\/wp-json\/wp\/v2\/posts\/599061","targetHints":{"allow":["GET"]}}],"collection":[{"href":"https:\/\/www.europesays.com\/fr\/wp-json\/wp\/v2\/posts"}],"about":[{"href":"https:\/\/www.europesays.com\/fr\/wp-json\/wp\/v2\/types\/post"}],"author":[{"embeddable":true,"href":"https:\/\/www.europesays.com\/fr\/wp-json\/wp\/v2\/users\/2"}],"replies":[{"embeddable":true,"href":"https:\/\/www.europesays.com\/fr\/wp-json\/wp\/v2\/comments?post=599061"}],"version-history":[{"count":0,"href":"https:\/\/www.europesays.com\/fr\/wp-json\/wp\/v2\/posts\/599061\/revisions"}],"wp:featuredmedia":[{"embeddable":true,"href":"https:\/\/www.europesays.com\/fr\/wp-json\/wp\/v2\/media\/395849"}],"wp:attachment":[{"href":"https:\/\/www.europesays.com\/fr\/wp-json\/wp\/v2\/media?parent=599061"}],"wp:term":[{"taxonomy":"category","embeddable":true,"href":"https:\/\/www.europesays.com\/fr\/wp-json\/wp\/v2\/categories?post=599061"},{"taxonomy":"post_tag","embeddable":true,"href":"https:\/\/www.europesays.com\/fr\/wp-json\/wp\/v2\/tags?post=599061"}],"curies":[{"name":"wp","href":"https:\/\/api.w.org\/{rel}","templated":true}]}}