{"id":599063,"date":"2025-12-14T17:00:19","date_gmt":"2025-12-14T17:00:19","guid":{"rendered":"https:\/\/www.europesays.com\/fr\/599063\/"},"modified":"2025-12-14T17:00:19","modified_gmt":"2025-12-14T17:00:19","slug":"en-direct-fusillade-en-australie-benyamin-netanyahou-accuse-canberra-davoir-jete-de-lhuile-sur-le-feu-de-lantisemitisme-liberation","status":"publish","type":"post","link":"https:\/\/www.europesays.com\/fr\/599063\/","title":{"rendered":"EN DIRECT \u2013 Fusillade en Australie : Benyamin N\u00e9tanyahou accuse Canberra d\u2019avoir \u00abjet\u00e9 de l\u2019huile sur le feu de l\u2019antis\u00e9mitisme &#8211; Lib\u00e9ration"},"content":{"rendered":"<ol>\n<li><a href=\"https:\/\/news.google.com\/rss\/articles\/CBMi6AFBVV95cUxOR3RqR1ktSEJsNWJFNkM3WkhOallNckw0VGh5VVE4SWhhWk9QdkoxU1g0RFNzNDBzTFduWEJYM1pFOGNsU0I4WUp5eUNsQ0dyTTlNSldGNlhseENRYnZieGYtMFF2cWdDWUc3U1F4R21fc2JVYkJfN1MxS0c0Zkpqa0JOVTFCNGdXTGRfRWtmZnJHbFhXbXV5WlFHd3oza091Uk9PaWtSZkVlVU5yLV9JblpzdGhBX2hKdmx0U3FTLUdmMUc2NDFXaEFnckdfNGdFSjlXWDJaVmhlSEkxUFJqbjN3OTJ2TXkz?oc=5\" target=\"_blank\" rel=\"noopener\">EN DIRECT \u2013 Fusillade en Australie : Benyamin N\u00e9tanyahou accuse Canberra d\u2019avoir \u00abjet\u00e9 de l\u2019huile sur le feu de l\u2019antis\u00e9mitisme<\/a>&nbsp;&nbsp;Lib\u00e9ration<\/li>\n<li><a href=\"https:\/\/news.google.com\/rss\/articles\/CBMi6wJBVV95cUxOT1k4UXJ1MlpzTEl6RUZKbXV2bVFoeWszNmpreHVzTkNDS0tITmJURVZvYWMwSjR6WmZCWlhleWFYdzVYVWdSRWg1RVF6SXpQZTVHRlF0elZhV3VCR0dvRUQyMm1jb1h0RmFwdl9NeXQxV0x3SDJoSzI4Y0dsX1hnT3NlTlQ5THVYa1pjUGZMYldvZ2VjeXBBT0oyVTMwOVY4dGlnYTVmazZBUHh3YmlyejRXOHV2SXB6a3RlWkVjem0wQ01vNWk5b1F2RUh3Nl9fMU9xU0ZiWkNPSjdjYllHQXNHNzRKemVkUG15UUltb3RJNmRtUTJCLTQyTEE0YXdNbWFuamtKOFJVZkVyaHJsU3lSM2JhcnRZVXh0WVlIS2NPUllfSXJGLUxLdWNaMUNIaVRObUVEbDAtalRpWHdSTHJ3cnhTa3c4MkdHMDFRTHgtOFlLZFpNRGJmN2ozYVBMME9Lc0VuWkk0dGc?oc=5\" target=\"_blank\" rel=\"noopener\">EN DIRECT, attentat en Australie : douze morts pendant une f\u00eate juive sur une plage de Sydney ; le premier ministre d\u00e9nonce \u00ab un acte mal\u00e9fique, antis\u00e9mite et terroriste \u00bb<\/a>&nbsp;&nbsp;Le Monde.fr<\/li>\n<li><a href=\"https:\/\/news.google.com\/rss\/articles\/CBMioAJBVV95cUxNSmk0MThTaHhsUzhubkp0enRiMmdtaS1EWVROZVBxSmpCRXZoNVVUM3VqRHdRaUltM2Q4Sk9oU1VPWW1RUGZtTzFqR1NiMTN1Z050YmlCYy1tWE05dTNNU0N1OU9ZZEV1X1B4UnJYMDdjUTNPX3FINE5Pc2JQTUxwM1UxbzlWYlhqQjFrMVZ0djRmTmktWEpXMUo4X1RTcnVQTEhrYWdJRno5UmVoWWdPRnVwYjMtS0VWV3dtRklLTVhSYWwwV1pSQXBYb2hQSDZ3Z3NyckpQVkQ2NlM1WERwVGwwSTE4UkFkYnN6QzBLck1rNW96aTdUNHdfOUZDWGl5cFViWm1hUjhKY0M4YVpPTU5Eang5cHNTSmZLR2lsc24?oc=5\" target=\"_blank\" rel=\"noopener\">Fusillade \u00e0 Sydney: Elie Korchia, pr\u00e9sident du Consistoire de France, d\u00e9plore \u00ab\u00a0un peu plus de 1.500 actes antis\u00e9mites\u00a0\u00bb en France en 2025<\/a>&nbsp;&nbsp;BFM<\/li>\n<li><a href=\"https:\/\/news.google.com\/rss\/articles\/CBMiiwFBVV95cUxPTmRkSWlHTUVYMHVaYU1jN3dER1ptRDVMemNiOXhPZ2w3NC1OLURqX3Z6blJJYjZ2RUJCSmprSVp0WmhBdU5VY1k1dHZiYTBiM0FhUFl2SjJGTVh1Z2dZTE1ucEpWN3lhaXF3LTQ3dnczYUVRbXJ2NC1STC10eDVxMXROcjZMV2lISDQw?oc=5\" target=\"_blank\" rel=\"noopener\">Qui est le \u00ab h\u00e9ros \u00bb qui a d\u00e9sarm\u00e9 le tireur de la fusillade de Sydney ?<\/a>&nbsp;&nbsp;20 Minutes<\/li>\n<li><a href=\"https:\/\/news.google.com\/rss\/articles\/CBMi4gFBVV95cUxQRVM0VEprNWw0T0d5UkduNmxzZHRCdWRDN0NxUnlEZkNOTmlPWTJEVGE1ZWxUbi1zVl9vRm85ZW83Z1Bnd005RUw5cm45S1UtaGh6U09wOElENUNmcGxZS1JQWHBfQkFtdVY0OTQ0WFdQcGpoMXo0dzJhempPUm1iTUtPMU9GN05sMmtvUUYtYzNlZG9jYVJ6S0ZSdklPUXBXcjBWUlNDc2xHSFBNUzVVX2NwYUdBQ20xczZXb3UtMEVyOERXX0FKNkR2MGVYaktiUjZtNlVybkg3Q0FMNi1EeGZR?oc=5\" target=\"_blank\" rel=\"noopener\">\u00ab\u00a0Tout le monde s&rsquo;est jet\u00e9 au sol\u00a0\u00bb : le d\u00e9roul\u00e9 en vid\u00e9o de la fusillade pr\u00e8s d&rsquo;une plage \u00e0 Sydney en marge de c\u00e9l\u00e9brations d&rsquo;Hanoukka<\/a>&nbsp;&nbsp;Franceinfo<\/li>\n<\/ol>\n","protected":false},"excerpt":{"rendered":"EN DIRECT \u2013 Fusillade en Australie : Benyamin N\u00e9tanyahou accuse Canberra d\u2019avoir \u00abjet\u00e9 de l\u2019huile sur le feu&hellip;\n","protected":false},"author":2,"featured_media":599064,"comment_status":"","ping_status":"","sticky":false,"template":"","format":"standard","meta":{"footnotes":""},"categories":[2],"tags":[11,6155,5035,1011,27,12,1254],"class_list":{"0":"post-599063","1":"post","2":"type-post","3":"status-publish","4":"format-standard","5":"has-post-thumbnail","7":"category-actualites","8":"tag-actualites","9":"tag-antisemitisme","10":"tag-australie","11":"tag-fr","12":"tag-france","13":"tag-news","14":"tag-terrorisme"},"share_on_mastodon":{"url":"https:\/\/pubeurope.com\/@fr\/115718994191609424","error":""},"_links":{"self":[{"href":"https:\/\/www.europesays.com\/fr\/wp-json\/wp\/v2\/posts\/599063","targetHints":{"allow":["GET"]}}],"collection":[{"href":"https:\/\/www.europesays.com\/fr\/wp-json\/wp\/v2\/posts"}],"about":[{"href":"https:\/\/www.europesays.com\/fr\/wp-json\/wp\/v2\/types\/post"}],"author":[{"embeddable":true,"href":"https:\/\/www.europesays.com\/fr\/wp-json\/wp\/v2\/users\/2"}],"replies":[{"embeddable":true,"href":"https:\/\/www.europesays.com\/fr\/wp-json\/wp\/v2\/comments?post=599063"}],"version-history":[{"count":0,"href":"https:\/\/www.europesays.com\/fr\/wp-json\/wp\/v2\/posts\/599063\/revisions"}],"wp:featuredmedia":[{"embeddable":true,"href":"https:\/\/www.europesays.com\/fr\/wp-json\/wp\/v2\/media\/599064"}],"wp:attachment":[{"href":"https:\/\/www.europesays.com\/fr\/wp-json\/wp\/v2\/media?parent=599063"}],"wp:term":[{"taxonomy":"category","embeddable":true,"href":"https:\/\/www.europesays.com\/fr\/wp-json\/wp\/v2\/categories?post=599063"},{"taxonomy":"post_tag","embeddable":true,"href":"https:\/\/www.europesays.com\/fr\/wp-json\/wp\/v2\/tags?post=599063"}],"curies":[{"name":"wp","href":"https:\/\/api.w.org\/{rel}","templated":true}]}}