{"id":599065,"date":"2025-12-14T17:02:43","date_gmt":"2025-12-14T17:02:43","guid":{"rendered":"https:\/\/www.europesays.com\/fr\/599065\/"},"modified":"2025-12-14T17:02:43","modified_gmt":"2025-12-14T17:02:43","slug":"loire-il-exhibe-une-kalachnikov-devant-un-salon-de-coiffure-un-homme-interpelle","status":"publish","type":"post","link":"https:\/\/www.europesays.com\/fr\/599065\/","title":{"rendered":"Loire. Il exhibe une kalachnikov devant un salon de coiffure\u00a0: un homme interpell\u00e9"},"content":{"rendered":"<p>La sc\u00e8ne a sans doute surpris les clients de ce salon de coiffure situ\u00e9 entre Firminy et Le Chambon-Feugerolles. Et peut-\u00eatre m\u00eame que ces derniers en ont \u00e9t\u00e9 quittes pour une sacr\u00e9e peur\u2026 Le samedi 6\u00a0d\u00e9cembre, vers 9 heures, un homme descend d\u2019un v\u00e9hicule de type BMW \u00e9quip\u00e9 d\u2019une arme d\u2019\u00e9paule. Une arme lourde, probablement de type kalachnikov.<\/p>\n<p>L\u2019individu, \u00e0 visage d\u00e9couvert, se positionne devant le commerce mais n\u2019en fait pas usage. Puis remonte dans la voiture qui s\u2019\u00e9loigne rapidement.<\/p>\n<p>Les policiers de la Division criminelle organis\u00e9e et sp\u00e9cialis\u00e9e sont saisis de l\u2019affaire et lancent les premi\u00e8res investigations. L\u2019analyse d\u2019images de vid\u00e9osurveillance va permettre aux enqu\u00eateurs de retrouver sa piste.<\/p>\n<p>  Interpell\u00e9 sur la RN 88 apr\u00e8s une filature<\/p>\n<p>De plus, l\u2019aide de policiers exp\u00e9riment\u00e9s, sp\u00e9cialistes en mati\u00e8re de criminalit\u00e9, va permettre de l\u2019identifier formellement. \u00c2g\u00e9 de 26 ans et originaire du d\u00e9partement voisin du Rh\u00f4ne, l\u2019homme est retrouv\u00e9 et interpell\u00e9 apr\u00e8s un dispositif discret de filature alors qu\u2019il se trouve sur la RN88.<\/p>\n<p>Pr\u00e9sent\u00e9 \u00e0 un magistrat jeudi puis remis en libert\u00e9 sous contr\u00f4le judiciaire, il \u00e9tait convoqu\u00e9 vendredi 12\u00a0d\u00e9cembre devant le tribunal de Saint-Etienne.\u00a0S\u2019il s\u2019est bien pr\u00e9sent\u00e9 \u00e0 l\u2019audience, le jeune homme n\u2019a toutefois pas attendu le jugement qui devait le condamner.<\/p>\n<p>Des doutes demeurent quant \u00e0 l\u2019authenticit\u00e9 de l\u2019arme qui, selon le Rhodanien, n\u2019\u00e9tait qu\u2019une arme de type factice avec laquelle il aurait voulu faire une plaisanterie.<\/p>\n","protected":false},"excerpt":{"rendered":"La sc\u00e8ne a sans doute surpris les clients de ce salon de coiffure situ\u00e9 entre Firminy et Le&hellip;\n","protected":false},"author":2,"featured_media":599066,"comment_status":"","ping_status":"","sticky":false,"template":"","format":"standard","meta":{"footnotes":""},"categories":[9653],"tags":[1111,11,2430,271,272,7539,1777,674,274,107,10282,10283,1011,27,3367,12,25,2429,4001,104],"class_list":{"0":"post-599065","1":"post","2":"type-post","3":"status-publish","4":"format-standard","5":"has-post-thumbnail","7":"category-saint-etienne","8":"tag-actu","9":"tag-actualites","10":"tag-auvergne-rhone-alpes","11":"tag-crime","12":"tag-delit-et-contravention","13":"tag-edition-loire-sud","14":"tag-eu","15":"tag-europe","16":"tag-faits-divers-justice","17":"tag-fil-info","18":"tag-firminy","19":"tag-firminy-ville","20":"tag-fr","21":"tag-france","22":"tag-loire","23":"tag-news","24":"tag-republique-francaise","25":"tag-rhone","26":"tag-saint-etienne","27":"tag-societe"},"share_on_mastodon":{"url":"https:\/\/pubeurope.com\/@fr\/115719002216690956","error":""},"_links":{"self":[{"href":"https:\/\/www.europesays.com\/fr\/wp-json\/wp\/v2\/posts\/599065","targetHints":{"allow":["GET"]}}],"collection":[{"href":"https:\/\/www.europesays.com\/fr\/wp-json\/wp\/v2\/posts"}],"about":[{"href":"https:\/\/www.europesays.com\/fr\/wp-json\/wp\/v2\/types\/post"}],"author":[{"embeddable":true,"href":"https:\/\/www.europesays.com\/fr\/wp-json\/wp\/v2\/users\/2"}],"replies":[{"embeddable":true,"href":"https:\/\/www.europesays.com\/fr\/wp-json\/wp\/v2\/comments?post=599065"}],"version-history":[{"count":0,"href":"https:\/\/www.europesays.com\/fr\/wp-json\/wp\/v2\/posts\/599065\/revisions"}],"wp:featuredmedia":[{"embeddable":true,"href":"https:\/\/www.europesays.com\/fr\/wp-json\/wp\/v2\/media\/599066"}],"wp:attachment":[{"href":"https:\/\/www.europesays.com\/fr\/wp-json\/wp\/v2\/media?parent=599065"}],"wp:term":[{"taxonomy":"category","embeddable":true,"href":"https:\/\/www.europesays.com\/fr\/wp-json\/wp\/v2\/categories?post=599065"},{"taxonomy":"post_tag","embeddable":true,"href":"https:\/\/www.europesays.com\/fr\/wp-json\/wp\/v2\/tags?post=599065"}],"curies":[{"name":"wp","href":"https:\/\/api.w.org\/{rel}","templated":true}]}}