{"id":599067,"date":"2025-12-14T17:03:16","date_gmt":"2025-12-14T17:03:16","guid":{"rendered":"https:\/\/www.europesays.com\/fr\/599067\/"},"modified":"2025-12-14T17:03:16","modified_gmt":"2025-12-14T17:03:16","slug":"saint-etienne-lunettes-de-simulation-quiz-on-a-teste-les-ateliers-sur-les-dangers-de-lalcool-au-volant-avant-les-fetes","status":"publish","type":"post","link":"https:\/\/www.europesays.com\/fr\/599067\/","title":{"rendered":"Saint-Etienne. Lunettes de simulation, quiz&#8230; On a test\u00e9 les ateliers sur les dangers de l&rsquo;alcool au volant avant les f\u00eates"},"content":{"rendered":"<p>Qui dit f\u00eates de fin d\u2019ann\u00e9e, dit souvent alcool. Et qui dit alcool, dit risque d\u2019accident. Pour \u00e9viter cela, l\u2019association Pr\u00e9vention routi\u00e8re, qui rappelle que l\u2019alcool est en cause dans 30\u00a0% des accidents mortels, a organis\u00e9 plusieurs ateliers vendredi 12\u00a0d\u00e9cembre, sur la place Jean-Jaur\u00e8s. Nous nous sommes pr\u00eat\u00e9s au jeu.<\/p>\n<p>On commence par un quiz de trois questions sur les effets de l\u2019alcool, pos\u00e9es par Lucas et Mariam,&#8230;<\/p>\n","protected":false},"excerpt":{"rendered":"Qui dit f\u00eates de fin d\u2019ann\u00e9e, dit souvent alcool. Et qui dit alcool, dit risque d\u2019accident. Pour \u00e9viter&hellip;\n","protected":false},"author":2,"featured_media":599068,"comment_status":"","ping_status":"","sticky":false,"template":"","format":"standard","meta":{"footnotes":""},"categories":[9653],"tags":[1111,11,2430,7539,1777,674,1011,27,12,25,4001,7538,71],"class_list":{"0":"post-599067","1":"post","2":"type-post","3":"status-publish","4":"format-standard","5":"has-post-thumbnail","7":"category-saint-etienne","8":"tag-actu","9":"tag-actualites","10":"tag-auvergne-rhone-alpes","11":"tag-edition-loire-sud","12":"tag-eu","13":"tag-europe","14":"tag-fr","15":"tag-france","16":"tag-news","17":"tag-republique-francaise","18":"tag-saint-etienne","19":"tag-saint-etienne-ville","20":"tag-sante"},"share_on_mastodon":{"url":"https:\/\/pubeurope.com\/@fr\/115719006222996651","error":""},"_links":{"self":[{"href":"https:\/\/www.europesays.com\/fr\/wp-json\/wp\/v2\/posts\/599067","targetHints":{"allow":["GET"]}}],"collection":[{"href":"https:\/\/www.europesays.com\/fr\/wp-json\/wp\/v2\/posts"}],"about":[{"href":"https:\/\/www.europesays.com\/fr\/wp-json\/wp\/v2\/types\/post"}],"author":[{"embeddable":true,"href":"https:\/\/www.europesays.com\/fr\/wp-json\/wp\/v2\/users\/2"}],"replies":[{"embeddable":true,"href":"https:\/\/www.europesays.com\/fr\/wp-json\/wp\/v2\/comments?post=599067"}],"version-history":[{"count":0,"href":"https:\/\/www.europesays.com\/fr\/wp-json\/wp\/v2\/posts\/599067\/revisions"}],"wp:featuredmedia":[{"embeddable":true,"href":"https:\/\/www.europesays.com\/fr\/wp-json\/wp\/v2\/media\/599068"}],"wp:attachment":[{"href":"https:\/\/www.europesays.com\/fr\/wp-json\/wp\/v2\/media?parent=599067"}],"wp:term":[{"taxonomy":"category","embeddable":true,"href":"https:\/\/www.europesays.com\/fr\/wp-json\/wp\/v2\/categories?post=599067"},{"taxonomy":"post_tag","embeddable":true,"href":"https:\/\/www.europesays.com\/fr\/wp-json\/wp\/v2\/tags?post=599067"}],"curies":[{"name":"wp","href":"https:\/\/api.w.org\/{rel}","templated":true}]}}