{"id":599069,"date":"2025-12-14T17:04:19","date_gmt":"2025-12-14T17:04:19","guid":{"rendered":"https:\/\/www.europesays.com\/fr\/599069\/"},"modified":"2025-12-14T17:04:19","modified_gmt":"2025-12-14T17:04:19","slug":"nancy-colloque-migrations-societe","status":"publish","type":"post","link":"https:\/\/www.europesays.com\/fr\/599069\/","title":{"rendered":"Nancy : colloque Migrations &#038; soci\u00e9t\u00e9"},"content":{"rendered":"<p>Nancy accueille une journ\u00e9e de rencontres d\u00e9di\u00e9e aux migrations et \u00e0 leurs repr\u00e9sentations<\/p>\n<p>\u00c0 l\u2019occasion de la Journ\u00e9e internationale des migrants, l\u2019Universit\u00e9 de Lorraine et le Centre de recherche sur les m\u00e9diations (Crem) organisent, le jeudi 18 d\u00e9cembre 2025, une journ\u00e9e ouverte au public autour d\u2019un th\u00e8me au c\u0153ur de l\u2019actualit\u00e9 : \u00ab Migrations et soci\u00e9t\u00e9 : discours, repr\u00e9sentations et enjeux \u00bb.<\/p>\n<p>Comprendre, expliquer, d\u00e9passer les id\u00e9es re\u00e7ues<\/p>\n<p>Alors que la question migratoire est omnipr\u00e9sente dans les d\u00e9bats publics, l\u2019\u00e9v\u00e9nement propose de prendre du recul pour mieux comprendre les discours, les images et les repr\u00e9sentations qui circulent dans les m\u00e9dias et dans la soci\u00e9t\u00e9.<\/p>\n<p>Chercheur\u00b7e\u00b7s, journalistes, acteurs associatifs et doctorant\u00b7e\u00b7s partageront leurs travaux et leurs exp\u00e9riences pour \u00e9clairer un sujet souvent complexe et sensible.Un programme riche et accessible<\/p>\n<p>Au fil de conf\u00e9rences courtes, de tables rondes et d\u2019\u00e9changes avec la salle, les intervenant\u00b7e\u00b7s aborderont :la mani\u00e8re dont les r\u00e9seaux sociaux et les m\u00e9dias fa\u00e7onnent notre regard sur les migrations,les r\u00e9cits des personnes migrantes et le r\u00f4le des contre-r\u00e9cits,les initiatives locales d\u2019accueil et d\u2019int\u00e9gration,les questions de droits, de m\u00e9diation et de vivre-ensemble.Toutes les interventions sont con\u00e7ues pour \u00eatre compr\u00e9hensibles par un large public, sans pr\u00e9requis universitaire.Un \u00e9v\u00e9nement ancr\u00e9 dans le territoireLa journ\u00e9e sera ouverte par Mathieu Klein, Maire de Nancy, avant une s\u00e9rie d\u2019interventions men\u00e9es par des sp\u00e9cialistes venus de plusieurs universit\u00e9s fran\u00e7aises et europ\u00e9ennes.<\/p>\n<p>Les recherches men\u00e9es \u00e0 Nancy et dans le Grand Est seront \u00e9galement mises en valeur, notamment autour de l\u2019int\u00e9gration des r\u00e9fugi\u00e9s et de l\u2019action des acteurs locaux.<\/p>\n<p>Pour qui ?Pour toutes celles et ceux qui souhaitent mieux comprendre les enjeux migratoires :\u00a0habitants de Nancy et de la M\u00e9tropole, \u00e9tudiant\u00b7e\u00b7s, membres d\u2019associations, professionnels du social, enseignants, curieux\u2026<\/p>\n<p>L\u2019entr\u00e9e est libre et gratuite, dans la limite des places disponibles.<\/p>\n<p><strong>Programme complet :<\/strong> disponible sur le site du Crem :\u00a0<a href=\"https:\/\/www.crem.univ-lorraine.fr\/recherche\/evenements\/migrations-et-societe-discours-representations-et-enjeux\" target=\"_blank\" rel=\"noopener\"><a href=\"https:\/\/www.crem.univ-lorraine.fr\/recherche\/evenements\/migrations-et-societe-discours-representations-et-enjeux\" target=\"_blank\" rel=\"noopener\">https:\/\/www.crem.univ-lorraine.fr\/recherche\/evenements\/migrations-et-societe-discours-representations-et-enjeux<\/a><\/p>\n","protected":false},"excerpt":{"rendered":"Nancy accueille une journ\u00e9e de rencontres d\u00e9di\u00e9e aux migrations et \u00e0 leurs repr\u00e9sentations \u00c0 l\u2019occasion de la Journ\u00e9e&hellip;\n","protected":false},"author":2,"featured_media":599070,"comment_status":"","ping_status":"","sticky":false,"template":"","format":"standard","meta":{"footnotes":""},"categories":[9635],"tags":[1111,11,1777,674,1011,27,775,1702,12,25],"class_list":{"0":"post-599069","1":"post","2":"type-post","3":"status-publish","4":"format-standard","5":"has-post-thumbnail","7":"category-nancy","8":"tag-actu","9":"tag-actualites","10":"tag-eu","11":"tag-europe","12":"tag-fr","13":"tag-france","14":"tag-grand-est","15":"tag-nancy","16":"tag-news","17":"tag-republique-francaise"},"share_on_mastodon":{"url":"https:\/\/pubeurope.com\/@fr\/115719010156357504","error":""},"_links":{"self":[{"href":"https:\/\/www.europesays.com\/fr\/wp-json\/wp\/v2\/posts\/599069","targetHints":{"allow":["GET"]}}],"collection":[{"href":"https:\/\/www.europesays.com\/fr\/wp-json\/wp\/v2\/posts"}],"about":[{"href":"https:\/\/www.europesays.com\/fr\/wp-json\/wp\/v2\/types\/post"}],"author":[{"embeddable":true,"href":"https:\/\/www.europesays.com\/fr\/wp-json\/wp\/v2\/users\/2"}],"replies":[{"embeddable":true,"href":"https:\/\/www.europesays.com\/fr\/wp-json\/wp\/v2\/comments?post=599069"}],"version-history":[{"count":0,"href":"https:\/\/www.europesays.com\/fr\/wp-json\/wp\/v2\/posts\/599069\/revisions"}],"wp:featuredmedia":[{"embeddable":true,"href":"https:\/\/www.europesays.com\/fr\/wp-json\/wp\/v2\/media\/599070"}],"wp:attachment":[{"href":"https:\/\/www.europesays.com\/fr\/wp-json\/wp\/v2\/media?parent=599069"}],"wp:term":[{"taxonomy":"category","embeddable":true,"href":"https:\/\/www.europesays.com\/fr\/wp-json\/wp\/v2\/categories?post=599069"},{"taxonomy":"post_tag","embeddable":true,"href":"https:\/\/www.europesays.com\/fr\/wp-json\/wp\/v2\/tags?post=599069"}],"curies":[{"name":"wp","href":"https:\/\/api.w.org\/{rel}","templated":true}]}}