{"id":599071,"date":"2025-12-14T17:05:32","date_gmt":"2025-12-14T17:05:32","guid":{"rendered":"https:\/\/www.europesays.com\/fr\/599071\/"},"modified":"2025-12-14T17:05:32","modified_gmt":"2025-12-14T17:05:32","slug":"hifi-paris-repasse-devant-nolley-sluc-nancy","status":"publish","type":"post","link":"https:\/\/www.europesays.com\/fr\/599071\/","title":{"rendered":"Hifi (Paris) repasse devant Nolley (SLUC Nancy)"},"content":{"rendered":"<p>On l\u2019a vu beaucoup s\u2019agacer, notamment lorsque Marc-Owen Fodzo-Dada lui collait au short comme un chewing-gum sur une basket, \u00e9copant m\u00eame d\u2019une faute technique dans le dernier quart. Manquer parfois de lucidit\u00e9 sous le cercle. Perdre des ballons en essayant de sauver Paris \u00e0 lui tout seul. Mais Nadir Hifi, en un peu plus de 27 minutes sur le parquet de Gentilly, a termin\u00e9 la rencontre avec 25 points au compteur, dont 13 dans le dernier quart-temps, lorsque Paris faisait le forcing pour recoller aux basques des Nanc\u00e9iens.<\/p>\n<p>  Un dixi\u00e8me de point de moyenne<\/p>\n<p>Un total qui permet \u00e0 l\u2019arri\u00e8re international tricolore, <a href=\"https:\/\/www.estrepublicain.fr\/sport\/2025\/12\/11\/et-si-landers-nolley-ii-reussissait-ce-qu-aucun-basketteur-du-sluc-nancy-n-a-jamais-fait\" target=\"_blank\" rel=\"noopener\">dans le duel \u00e0 distance qui l\u2019oppose \u00e0 Landers Nolley pour le titre de meilleur marqueur du championnat<\/a> , de reprendre la t\u00eate pour\u2026 un petit dixi\u00e8me de point de moyenne (20,2 contre 20,1). L\u2019ailier am\u00e9ricain du SLUC n\u2019ayant marqu\u00e9 \u00ab\u00a0que\u00a0\u00bb 20 points ce samedi soir, en 29\u201926 sur le terrain. C\u00f4t\u00e9 \u00e9valuation en revanche, pas de jaloux, puisque les deux joueurs ne sont pas parvenus \u00e0 se d\u00e9partager (25 chacun).<\/p>\n<p>Quelque chose nous dit que le mano a mano va se poursuivre \u00e0 distance jusqu\u2019\u00e0 la fin de saison\u2026<\/p>\n","protected":false},"excerpt":{"rendered":"On l\u2019a vu beaucoup s\u2019agacer, notamment lorsque Marc-Owen Fodzo-Dada lui collait au short comme un chewing-gum sur une&hellip;\n","protected":false},"author":2,"featured_media":599072,"comment_status":"","ping_status":"","sticky":false,"template":"","format":"standard","meta":{"footnotes":""},"categories":[9635],"tags":[1111,11,1791,1704,1777,674,1011,27,775,1702,1703,12,25,11567,517,1700],"class_list":{"0":"post-599071","1":"post","2":"type-post","3":"status-publish","4":"format-standard","5":"has-post-thumbnail","7":"category-nancy","8":"tag-actu","9":"tag-actualites","10":"tag-basket-ball","11":"tag-edition-nancy-et-agglomeration","12":"tag-eu","13":"tag-europe","14":"tag-fr","15":"tag-france","16":"tag-grand-est","17":"tag-nancy","18":"tag-nancy-ville-54b","19":"tag-news","20":"tag-republique-francaise","21":"tag-sluc","22":"tag-sport","23":"tag-sport-lorrain"},"share_on_mastodon":{"url":"https:\/\/pubeurope.com\/@fr\/115719013986874971","error":""},"_links":{"self":[{"href":"https:\/\/www.europesays.com\/fr\/wp-json\/wp\/v2\/posts\/599071","targetHints":{"allow":["GET"]}}],"collection":[{"href":"https:\/\/www.europesays.com\/fr\/wp-json\/wp\/v2\/posts"}],"about":[{"href":"https:\/\/www.europesays.com\/fr\/wp-json\/wp\/v2\/types\/post"}],"author":[{"embeddable":true,"href":"https:\/\/www.europesays.com\/fr\/wp-json\/wp\/v2\/users\/2"}],"replies":[{"embeddable":true,"href":"https:\/\/www.europesays.com\/fr\/wp-json\/wp\/v2\/comments?post=599071"}],"version-history":[{"count":0,"href":"https:\/\/www.europesays.com\/fr\/wp-json\/wp\/v2\/posts\/599071\/revisions"}],"wp:featuredmedia":[{"embeddable":true,"href":"https:\/\/www.europesays.com\/fr\/wp-json\/wp\/v2\/media\/599072"}],"wp:attachment":[{"href":"https:\/\/www.europesays.com\/fr\/wp-json\/wp\/v2\/media?parent=599071"}],"wp:term":[{"taxonomy":"category","embeddable":true,"href":"https:\/\/www.europesays.com\/fr\/wp-json\/wp\/v2\/categories?post=599071"},{"taxonomy":"post_tag","embeddable":true,"href":"https:\/\/www.europesays.com\/fr\/wp-json\/wp\/v2\/tags?post=599071"}],"curies":[{"name":"wp","href":"https:\/\/api.w.org\/{rel}","templated":true}]}}