{"id":599085,"date":"2025-12-14T17:12:40","date_gmt":"2025-12-14T17:12:40","guid":{"rendered":"https:\/\/www.europesays.com\/fr\/599085\/"},"modified":"2025-12-14T17:12:40","modified_gmt":"2025-12-14T17:12:40","slug":"des-coups-de-feu-mais-pas-de-victime","status":"publish","type":"post","link":"https:\/\/www.europesays.com\/fr\/599085\/","title":{"rendered":"des coups de feu mais pas de victime"},"content":{"rendered":"<p>L\u2019agglom\u00e9ration grenobloise a \u00e9t\u00e9 le th\u00e9\u00e2tre, ce dimanche 14\u00a0d\u00e9cembre, d\u2019une nouvelle fusillade. C\u2019est dans le quartier des terrasses Renaudie de Saint-Martin-d\u2019H\u00e8res que plusieurs personnes, munies au moins d\u2019une arme longue et d\u2019une arme de poing, ont en effet ouvert le feu vers 14 heures dans ce quartier connu pour abriter l\u2019un des plus importants <a href=\"https:\/\/www.google.com\/url?sa=t&amp;source=web&amp;rct=j&amp;opi=89978449&amp;url=https:\/\/www.ledauphine.com\/faits-divers-justice\/2025\/07\/19\/distribution-de-flyers-pour-lutter-contre-le-trafic-pour-la-police-l-objectif-est-atteint&amp;ved=2ahUKEwjhgt_LtL2RAxU4TKQEHamzEZwQFnoECBYQAQ&amp;usg=AOvVaw0VyqtVUK0Jvsa2JVcqLktP\" target=\"_blank\" rel=\"nofollow noopener\">points de deal<\/a> de l\u2019agglom\u00e9ration grenobloise. On ignore si les tireurs visaient une ou plusieurs personnes en particulier ou s\u2019ils ont ouvert le feu en direction de b\u00e2timents ou du ciel. Aucune victime n\u2019aurait \u00e9t\u00e9 en effet recens\u00e9e.<\/p>\n<p>Sur place, les policiers grenoblois en charge des premi\u00e8res investigations auraient n\u00e9anmoins retrouv\u00e9 plusieurs \u00e9tuis de munitions d\u2019au moins deux calibres distincts laissant supposer l\u2019usage d\u2019au moins un pistolet et un fusil d\u2019assaut.<\/p>\n<p>Le 28\u00a0novembre dernier, sept personnes suspect\u00e9es d\u2019avoir particip\u00e9 \u00e0 ce trafic gangrenant le quartier des Terrasses Renaudie avaient \u00e9t\u00e9 <a href=\"https:\/\/www.ledauphine.com\/faits-divers-justice\/2025\/11\/28\/isere-saint-martin-d-heres-trafic-de-stupefiants-aux-terrasses-renaudie-sept-suspects-deferes-ce-vendredi\" target=\"_blank\" rel=\"nofollow noopener\">mises en examen<\/a>. Six d\u2019entre elles avaient \u00e9t\u00e9 \u00e9crou\u00e9es.<\/p>\n","protected":false},"excerpt":{"rendered":"L\u2019agglom\u00e9ration grenobloise a \u00e9t\u00e9 le th\u00e9\u00e2tre, ce dimanche 14\u00a0d\u00e9cembre, d\u2019une nouvelle fusillade. C\u2019est dans le quartier des terrasses&hellip;\n","protected":false},"author":2,"featured_media":599086,"comment_status":"","ping_status":"","sticky":false,"template":"","format":"standard","meta":{"footnotes":""},"categories":[9566],"tags":[1111,11,2430,271,272,112,1777,674,274,1795,1011,27,2731,108,12,25,9448,11264],"class_list":{"0":"post-599085","1":"post","2":"type-post","3":"status-publish","4":"format-standard","5":"has-post-thumbnail","7":"category-grenoble","8":"tag-actu","9":"tag-actualites","10":"tag-auvergne-rhone-alpes","11":"tag-crime","12":"tag-delit-et-contravention","13":"tag-edition-grenoble-agglomeration","14":"tag-eu","15":"tag-europe","16":"tag-faits-divers-justice","17":"tag-fil-web","18":"tag-fr","19":"tag-france","20":"tag-grenoble","21":"tag-isere","22":"tag-news","23":"tag-republique-francaise","24":"tag-saint-martin-dheres","25":"tag-saint-martin-dheres-bassin"},"share_on_mastodon":{"url":"https:\/\/pubeurope.com\/@fr\/115719041433539708","error":""},"_links":{"self":[{"href":"https:\/\/www.europesays.com\/fr\/wp-json\/wp\/v2\/posts\/599085","targetHints":{"allow":["GET"]}}],"collection":[{"href":"https:\/\/www.europesays.com\/fr\/wp-json\/wp\/v2\/posts"}],"about":[{"href":"https:\/\/www.europesays.com\/fr\/wp-json\/wp\/v2\/types\/post"}],"author":[{"embeddable":true,"href":"https:\/\/www.europesays.com\/fr\/wp-json\/wp\/v2\/users\/2"}],"replies":[{"embeddable":true,"href":"https:\/\/www.europesays.com\/fr\/wp-json\/wp\/v2\/comments?post=599085"}],"version-history":[{"count":0,"href":"https:\/\/www.europesays.com\/fr\/wp-json\/wp\/v2\/posts\/599085\/revisions"}],"wp:featuredmedia":[{"embeddable":true,"href":"https:\/\/www.europesays.com\/fr\/wp-json\/wp\/v2\/media\/599086"}],"wp:attachment":[{"href":"https:\/\/www.europesays.com\/fr\/wp-json\/wp\/v2\/media?parent=599085"}],"wp:term":[{"taxonomy":"category","embeddable":true,"href":"https:\/\/www.europesays.com\/fr\/wp-json\/wp\/v2\/categories?post=599085"},{"taxonomy":"post_tag","embeddable":true,"href":"https:\/\/www.europesays.com\/fr\/wp-json\/wp\/v2\/tags?post=599085"}],"curies":[{"name":"wp","href":"https:\/\/api.w.org\/{rel}","templated":true}]}}