{"id":599087,"date":"2025-12-14T17:14:26","date_gmt":"2025-12-14T17:14:26","guid":{"rendered":"https:\/\/www.europesays.com\/fr\/599087\/"},"modified":"2025-12-14T17:14:26","modified_gmt":"2025-12-14T17:14:26","slug":"baptiste-anglade-candidat-npa-aux-municipales-a-grenoble-en-greve-cette-semaine","status":"publish","type":"post","link":"https:\/\/www.europesays.com\/fr\/599087\/","title":{"rendered":"Baptiste Anglade, candidat NPA aux municipales \u00e0 Grenoble, en gr\u00e8ve cette semaine"},"content":{"rendered":"<p>Baptiste Anglade, \u00e9ducateur de rue en pr\u00e9vention sp\u00e9cialis\u00e9e et candidat NPA \u00e0 la mairie de Grenoble, participera \u00e0 la gr\u00e8ve nationale du secteur social et m\u00e9dico-social cette semaine, organis\u00e9e de mardi \u00e0 jeudi, aux c\u00f4t\u00e9s de ses coll\u00e8gues travailleurs sociaux.<\/p>\n<p>Cette mobilisation de trois jours vise \u00e0 d\u00e9noncer la d\u00e9gradation des conditions de travail dans le secteur, les licenciements et les politiques d\u2019aust\u00e9rit\u00e9. Les gr\u00e9vistes revendiquent notamment une revalorisation des salaires, l\u2019arr\u00eat de ce qu\u2019ils qualifient de \u00ab\u00a0casse du social\u00a0\u00bb, ainsi qu\u2019une am\u00e9lioration des conditions d\u2019accompagnement des publics suivis par les services sociaux.<\/p>\n<p>Le NPA inscrit cette mobilisation dans un contexte local et national marqu\u00e9 par la mise en lumi\u00e8re des dysfonctionnements de l\u2019Aide sociale \u00e0 l\u2019enfance (ASE) et par les d\u00e9bats autour de la violence dans les quartiers populaires de l\u2019agglom\u00e9ration grenobloise. Les gr\u00e9vistes entendent souligner le lien entre leurs conditions de travail d\u00e9grad\u00e9es et la qualit\u00e9 de l\u2019accueil et de l\u2019accompagnement des personnes concern\u00e9es.<\/p>\n<p>Selon Baptiste Anglade, la baisse des subventions, la pr\u00e9carisation des travailleurs sociaux et l\u2019augmentation de la charge de travail auraient des cons\u00e9quences jug\u00e9es \u00ab\u00a0dramatiques\u00a0\u00bb, justifiant l\u2019urgence d\u2019un changement de cap.<\/p>\n","protected":false},"excerpt":{"rendered":"Baptiste Anglade, \u00e9ducateur de rue en pr\u00e9vention sp\u00e9cialis\u00e9e et candidat NPA \u00e0 la mairie de Grenoble, participera \u00e0&hellip;\n","protected":false},"author":2,"featured_media":599088,"comment_status":"","ping_status":"","sticky":false,"template":"","format":"standard","meta":{"footnotes":""},"categories":[9566],"tags":[1111,11,2813,2430,1109,251,1112,2811,1777,674,118,1011,27,21780,2731,14004,1922,1110,1114,108,12,316,25,2812,517,800],"class_list":{"0":"post-599087","1":"post","2":"type-post","3":"status-publish","4":"format-standard","5":"has-post-thumbnail","7":"category-grenoble","8":"tag-actu","9":"tag-actualites","10":"tag-article","11":"tag-auvergne-rhone-alpes","12":"tag-breves","13":"tag-culture","14":"tag-depeches","15":"tag-economique","16":"tag-eu","17":"tag-europe","18":"tag-faits-divers","19":"tag-fr","20":"tag-france","21":"tag-gf38","22":"tag-grenoble","23":"tag-grenoblemag","24":"tag-info","25":"tag-informations","26":"tag-infos","27":"tag-isere","28":"tag-news","29":"tag-politique","30":"tag-republique-francaise","31":"tag-sociale","32":"tag-sport","33":"tag-transports"},"share_on_mastodon":{"url":"https:\/\/pubeurope.com\/@fr\/115719049331561109","error":""},"_links":{"self":[{"href":"https:\/\/www.europesays.com\/fr\/wp-json\/wp\/v2\/posts\/599087","targetHints":{"allow":["GET"]}}],"collection":[{"href":"https:\/\/www.europesays.com\/fr\/wp-json\/wp\/v2\/posts"}],"about":[{"href":"https:\/\/www.europesays.com\/fr\/wp-json\/wp\/v2\/types\/post"}],"author":[{"embeddable":true,"href":"https:\/\/www.europesays.com\/fr\/wp-json\/wp\/v2\/users\/2"}],"replies":[{"embeddable":true,"href":"https:\/\/www.europesays.com\/fr\/wp-json\/wp\/v2\/comments?post=599087"}],"version-history":[{"count":0,"href":"https:\/\/www.europesays.com\/fr\/wp-json\/wp\/v2\/posts\/599087\/revisions"}],"wp:featuredmedia":[{"embeddable":true,"href":"https:\/\/www.europesays.com\/fr\/wp-json\/wp\/v2\/media\/599088"}],"wp:attachment":[{"href":"https:\/\/www.europesays.com\/fr\/wp-json\/wp\/v2\/media?parent=599087"}],"wp:term":[{"taxonomy":"category","embeddable":true,"href":"https:\/\/www.europesays.com\/fr\/wp-json\/wp\/v2\/categories?post=599087"},{"taxonomy":"post_tag","embeddable":true,"href":"https:\/\/www.europesays.com\/fr\/wp-json\/wp\/v2\/tags?post=599087"}],"curies":[{"name":"wp","href":"https:\/\/api.w.org\/{rel}","templated":true}]}}