{"id":599089,"date":"2025-12-14T17:16:02","date_gmt":"2025-12-14T17:16:02","guid":{"rendered":"https:\/\/www.europesays.com\/fr\/599089\/"},"modified":"2025-12-14T17:16:02","modified_gmt":"2025-12-14T17:16:02","slug":"la-phase-la-plus-spectaculaire-debute-et-va-durer-plusieurs-mois","status":"publish","type":"post","link":"https:\/\/www.europesays.com\/fr\/599089\/","title":{"rendered":"la phase la plus spectaculaire d\u00e9bute et va durer plusieurs mois"},"content":{"rendered":"<p>                    Par<br \/>\n        <strong><br \/>\n            <a href=\"https:\/\/actu.fr\/auteur\/brian-legoff\" title=\"Consulter tous les articles de Brian Le Goff\" target=\"_blank\" rel=\"noopener\">Brian Le Goff<\/a><br \/>\n                    <\/strong><\/p>\n<p>        Publi\u00e9 le<\/p>\n<p>            12 d\u00e9c. 2025 \u00e0 19h14        <\/p>\n<p>Les <strong>travaux de d\u00e9molition du parking Vilaine<\/strong> avancent progressivement et une <strong>grande \u00e9tape<\/strong> vient d\u2019\u00eatre <strong>franchie, vendredi 12\u00a0d\u00e9cembre<\/strong>. Apr\u00e8s sa <a href=\"https:\/\/actu.fr\/bretagne\/rennes_35238\/a-rennes-ce-parking-emblematique-du-centre-ville-ferme-definitivement-ce-dimanche-31-aout_63095986.html\" target=\"_blank\" rel=\"noopener\">fermeture le 31\u00a0ao\u00fbt dernier<\/a>, la mise en place du chantier en septembre et d\u00e9but octobre, puis la <a href=\"https:\/\/actu.fr\/bretagne\/rennes_35238\/parking-vilaine-la-deconstruction-de-la-dalle-commence-ce-lundi-le-quai-duguay-trouin-ferme_63288043.html\" target=\"_blank\" rel=\"noopener\">d\u00e9construction d\u2019une premi\u00e8re partie de la dalle<\/a> avec des scies g\u00e9antes, c\u2019est \u00e0 pr\u00e9sent la pelle g\u00e9ante avec sa pince hydraulique pour grignoter le b\u00e9ton qui se met en marche.<\/p>\n<p>\u00ab\u2009Un vrai d\u00e9fi technique\u2009\u00bb<\/p>\n<p class=\" wall-content\">Cette pelle g\u00e9ante, de <strong>50\u00a0tonnes, <\/strong>se trouve sur des caissons flottants directement plac\u00e9s sur le fleuve Vilaine. \u00ab\u2009Il y a un <strong>vrai d\u00e9fi technique<\/strong> pour prot\u00e9ger la Vilaine et <strong>\u00e9viter que les gravats ne finissent dans l\u2019eau\u2009\u00bb<\/strong>, explique<strong> Jean-Fran\u00e7ois Papin,<\/strong> conducteur d\u2019op\u00e9ration \u00e0 Rennes M\u00e9tropole pour ce<strong> chantier \u00ab\u2009hors-norme\u2009\u00bb,<\/strong> tel que le qualifie encore ce jour <strong>Nathalie App\u00e9r\u00e9<\/strong>, la maire, lors d\u2019une visite avec la presse et quelques membres du <a href=\"https:\/\/actu.fr\/bretagne\/rennes_35238\/le-parking-vilaine-a-rennes-va-disparaitre-voici-ce-qui-devrait-le-remplacer_48007134.html\" target=\"_blank\" rel=\"noopener\">jury citoyen, ayant pris la d\u00e9cision de la d\u00e9couverte de la Vilaine en 2021<\/a>.<\/p>\n<p>    <img   decoding=\"async\" loading=\"lazy\" src=\"https:\/\/www.europesays.com\/fr\/wp-content\/uploads\/2025\/12\/parking-vilaine-deconstruction-rennes-demolition-pelle-2-960x640.jpeg\" alt=\"Guillaume Duval, directeur des travaux chez Charier.\" width=\"960\" height=\"640\"\/><br \/>\n    Guillaume Duval, directeur des travaux chez Charier. (\u00a9Brian Le Goff \/ actu Rennes)<\/p>\n<p class=\" wall-content\"><strong>Guillaume Duval,<\/strong> directeur des travaux pour l\u2019entreprise Charier, n\u2019\u00e9lude pas les difficult\u00e9s qui ont d\u00fb \u00eatre lev\u00e9es en amont du chantier\u2009: \u00ab\u2009On y travaille depuis juin. On a d\u00fb tout penser puisque le<strong> parking \u2013 qui n\u2019est aucunement accroch\u00e9 aux quais de chaque c\u00f4t\u00e9 \u2013<\/strong> repose sur<strong> deux rang\u00e9es de piliers<\/strong> plant\u00e9s dans le fond de la Vilaine sur lesquels reposent des <strong>poutres longitudinales (parall\u00e8les aux quais)<\/strong> qui sont elles-m\u00eames <strong>surmont\u00e9es de poutres transversales<\/strong> (perpendiculaires aux quais) qui soutiennent la dalle.\u00a0\u00bb<\/p>\n<p>    <img   decoding=\"async\" loading=\"lazy\" src=\"https:\/\/www.europesays.com\/fr\/wp-content\/uploads\/2025\/12\/parking-vilaine-deconstruction-rennes-demolition-pelle-1-960x640.jpeg\" alt=\"v\" width=\"960\" height=\"640\"\/><br \/>\n    Des piliers en b\u00e9ton, surmont\u00e9s de poutres longitudinales et transversales, soutiennent la dalle du parking Vilaine. Au centre, les caissons flottants sur lesquels repose la pelle g\u00e9ante. Devant elle, une barge r\u00e9cup\u00e8re les gravats qui sont ensuite \u00e9vacu\u00e9s avec des plus petites barges de chaque c\u00f4t\u00e9, derri\u00e8re les piliers. (\u00a9Brian Le Goff \/ actu Rennes)<\/p>\n<blockquote class=\"ac-article-quote wall-content\">\n<p>On a h\u00e2te de voir tout ce que l&rsquo;on a mis sur papier se mettre en musique. On a r\u00e9fl\u00e9chi \u00e0 quels engins, quels outils utiliser, etc.<\/p>\n<p>    <strong>Guillaume Duval<\/strong><br \/>\n        Directeur des travaux chez Charier    <\/p><\/blockquote>\n<p class=\" wall-content\">La pelle doit donc<strong> grignoter l\u2019ensemble de la largeur<\/strong> du parking au fur et \u00e0 mesure, <strong>sans quoi le tablier en b\u00e9ton<\/strong> mal grignot\u00e9<strong> pourrait s\u2019effondrer.<\/strong><\/p>\n<p>Votre r\u00e9gion, votre actu !<\/p>\n<p>Recevez chaque jour les infos qui comptent pour vous.<\/p>\n<p>\t<a href=\"https:\/\/actu.fr\/newsletter\" class=\"ac-btn ac-btn--corner ac-btn--medium ac-btn--blue800\" target=\"_blank\" rel=\"noopener\">S&rsquo;incrire<\/a><\/p>\n<p class=\" wall-content\">De plus, les <strong>piliers<\/strong> ont <strong>oblig\u00e9<\/strong> les \u00e9quipes de Charier \u00e0 <strong>dessiner des plaques m\u00e9talliques mobiles sp\u00e9cifiques<\/strong> qui les entourent et permettent de renverser les gravats dans les barges au centre et sur les c\u00f4t\u00e9s derri\u00e8re les piliers.<\/p>\n<p class=\" wall-content\">Seules ces derni\u00e8res <strong>barges de gravats<\/strong> sont ensuite <strong>achemin\u00e9es<\/strong> vers le site de l\u2019entreprise Charier,<strong> \u00e0 quatre kilom\u00e8tres par voie fluviale,<\/strong> dans la zone route de Lorient, o\u00f9 une autre pelle de 50\u00a0tonnes \u00e9vacue les gravats sur terre.<\/p>\n<p>Des \u00e9quipes et du mat\u00e9riel venus de Paris<\/p>\n<p class=\" wall-content\">Au total, ce sont <strong>6\u2009000\u00a0\u00e0 7\u2009000\u00a0tonnes de b\u00e9ton<\/strong> qui vont \u00eatre retir\u00e9es dans les cinq prochains mois. <strong>\u00ab\u2009\u00c7a reste un chantier assez in\u00e9dit\u2009\u00bb,<\/strong> continue Guillaume Duval.<\/p>\n<blockquote class=\"tiktok-embed\" cite=\"https:\/\/www.tiktok.com\/@acturennes\/video\/7583045486609796374\" data-video-id=\"7583045486609796374\" data-embed-from=\"oembed\" style=\"max-width:605px; min-width:325px;\"><p>\n<a target=\"_blank\" title=\"@acturennes\" href=\"https:\/\/www.tiktok.com\/@acturennes?refer=embed\" rel=\"noopener\">@acturennes<\/a> <\/p>\n<p>Vendredi 12 d\u00e9cembre, la pelle g\u00e9ante a commenc\u00e9 son travail de grignotage de la dalle de b\u00e9ton dans le cadre de la d\u00e9molition du parking Vilaine \u00e0 Rennes. Retrouvez notre reportage sur notre site actu Rennes<\/p>\n<p> <a target=\"_blank\" title=\"\u266c son original - actuRennes\" href=\"https:\/\/www.tiktok.com\/music\/son-original-7583045515353934614?refer=embed\" rel=\"noopener\">\u266c son original \u2013 actuRennes<\/a> <\/p>\n<\/blockquote>\n<p class=\" wall-content\">Le directeur des travaux explique que l\u2019entreprise, bas\u00e9e \u00e0 Nantes, a mobilis\u00e9 certaines \u00e9quipes et mat\u00e9riels, comme les caissons flottants, de son antenne de Paris pour la d\u00e9molition du parking Vilaine \u00e0 Rennes. \u00ab\u2009On sait faire de la d\u00e9construction ici, mais pas trop sur l\u2019eau. On avait toutefois <strong>les connaissances et les comp\u00e9tences en interne pour<\/strong>.\u2009\u00bb<\/p>\n<p>    <img   decoding=\"async\" loading=\"lazy\" src=\"https:\/\/www.europesays.com\/fr\/wp-content\/uploads\/2025\/12\/parking-vilaine-deconstruction-rennes-demolition-pelle-9-960x640.jpeg\" alt=\"v\" width=\"960\" height=\"640\"\/><br \/>\n    Une dizaine d\u2019ouvriers travailleront du lundi au vendredi midi sur le chantier de la d\u00e9molition du parking Vilaine. (\u00a9Brian Le Goff \/ actu Rennes)<\/p>\n<p class=\" wall-content\">Concernant les <strong>piliers, \u00ab\u2009on va tester l\u2019arrachement\u2009\u00bb,<\/strong> indique Guillaume Duval. Si \u00e7a ne marche pas, \u00ab\u2009il faudra scier au fond de l\u2019eau avec des plongeurs\u2009\u00bb.<\/p>\n<p>Ce couple de retrait\u00e9s r\u00e9pond aux opposants<\/p>\n<p class=\" wall-content\">Derri\u00e8re les grilles de protection du chantier, les<strong> badauds sont nombreux<\/strong> \u00e0 regarder les premiers mouvements de la pelle g\u00e9ante. \u00c0 l\u2019image d\u2019<strong>Alain et Annick<\/strong>. Ce couple de retrait\u00e9s, install\u00e9 dans le quartier de La Poterie avait rendez-vous dans le centre-ville en cette fin de matin\u00e9e. Ils en ont profit\u00e9 pour faire un <strong>petit d\u00e9tour afin d\u2019observer l\u2019avanc\u00e9e des travaux<\/strong> auxquels ils sont favorables.<\/p>\n<blockquote class=\"ac-article-quote wall-content\">\n<p>On parle de l&rsquo;accessibilit\u00e9, mais il y a des bus et le m\u00e9tro. Qui plus est, je suis reconnue handicap\u00e9e, je profite de la gratuit\u00e9 des transports en commun et mon accompagnant aussi. On a donc aucune raison de ne pas les prendre. Puis les commer\u00e7ants qui crient qu&rsquo;il n&rsquo;y a plus de place de parking. Il faut se souvenir qu&rsquo;il y a d\u00e9j\u00e0 eu de nombreuses places de stationnement supprim\u00e9es avec le passage du centre historique en secteur pi\u00e9tonnier il y a des ann\u00e9es. ET je ne suis pas certaine qu&rsquo;il soit aujourd&rsquo;hui favorable \u00e0 un retour en arri\u00e8re.<\/p>\n<p>    <strong>Annick<\/strong><br \/>\n        Retrait\u00e9e favorable \u00e0 la d\u00e9molition du parking    <\/p><\/blockquote>\n<p>Un jury citoyen fier<br \/>\n    <img   decoding=\"async\" loading=\"lazy\" src=\"https:\/\/www.europesays.com\/fr\/wp-content\/uploads\/2025\/12\/parking-vilaine-deconstruction-rennes-demolition-pelle-3-960x640.jpeg\" alt=\"Magali, \" width=\"960\" height=\"640\"\/><br \/>\n    Magali, Julien et Genevi\u00e8ve\u2009: trois des trente personnes qui ont compos\u00e9 le jury citoyen en 2021. (\u00a9Brian Le Goff \/ actu Rennes)<\/p>\n<p class=\" wall-content\"><strong>Magali, Julien, Genevi\u00e8ve, Romain et Idrissa,<\/strong> membres du jury citoyen, ressentent en ce jour un peu sp\u00e9cial pour eux \u2013 ayant orient\u00e9 la d\u00e9cision de la municipalit\u00e9 \u2013 de la fiert\u00e9. \u00ab\u2009Dans tous les cas, des travaux \u00e9taient n\u00e9cessaires.<strong> Nous avons tout dessin\u00e9 \u00e0 l\u2019\u00e9poque<\/strong> o\u00f9 nous formions le jury citoyen. On voulait m\u00eame une passerelle sur trois niveaux, des gradins le long des quais, des lumi\u00e8res bioluminescentes et un tunnel v\u00e9g\u00e9talis\u00e9 sur la place de la R\u00e9publique, <strong>mais tout n\u2019a pas \u00e9t\u00e9 retenu par la Ville<\/strong>.\u2009\u00bb<\/p>\n<p class=\" wall-content\">Apr\u00e8s la d\u00e9molition de la dalle jusqu\u2019en avril\u00a02026, <a href=\"https:\/\/actu.fr\/bretagne\/rennes_35238\/demolition-du-parking-vilaine-a-rennes-une-methode-impressionnante-pour-evacuer-les-gravats-on-vous-explique_62822003.html\" target=\"_blank\" rel=\"noopener\">plusieurs \u00e9tapes de r\u00e9am\u00e9nagement de tout le secteur de R\u00e9publique entre la place de Bretagne et le pont Pasteur continueront jusqu\u2019au deuxi\u00e8me semestre 2028<\/a>.<\/p>\n<p class=\" wall-content\">\u00c0 lire aussi\u2009:<br \/>\u2013 <a href=\"https:\/\/actu.fr\/bretagne\/rennes_35238\/video-rennes-avant-sa-deconstruction-le-parking-vilaine-sert-de-decor-pour-le-clip-de-ce-musicien_62490520.html\" target=\"_blank\" rel=\"noopener\">VID\u00c9O. Rennes\u2009: avant sa d\u00e9construction, le parking Vilaine a servi de d\u00e9cor pour le clip de ce musicien<\/a>.<br \/>\u2013 <a href=\"https:\/\/actu.fr\/bretagne\/rennes_35238\/parking-vilaine-a-rennes-a-deux-jours-de-sa-fermeture-definitive-ils-s-opposent-toujours-a-sa-demolition_63094717.html\" target=\"_blank\" rel=\"noopener\">Parking Vilaine \u00e0 Rennes\u2009: \u00e0 deux jours de sa fermeture d\u00e9finitive, ils s\u2019opposaient toujours \u00e0 sa d\u00e9molition<\/a>.<\/p>\n<p class=\" wall-content\">Personnalisez votre actualit\u00e9 en ajoutant vos villes et m\u00e9dias en favori avec <a href=\"https:\/\/moncompte.actu.fr\" title=\"D\u00e9couvez Mon Actu\" rel=\"nofollow noopener\" data-trk=\"{&quot;cta&quot;:{&quot;action&quot;:&quot;https:\\\/\\\/moncompte.actu.fr&quot;,&quot;category&quot;:&quot;mon compte&quot;,&quot;from&quot;:&quot;article footer&quot;,&quot;name&quot;:&quot;Mon actu&quot;,&quot;type&quot;:&quot;cta&quot;}}\" target=\"_blank\">Mon Actu<\/a>.<\/p>\n<p>                    <script async src=\"\/\/www.tiktok.com\/embed.js\"><\/script><\/p>\n","protected":false},"excerpt":{"rendered":"Par Brian Le Goff Publi\u00e9 le 12 d\u00e9c. 2025 \u00e0 19h14 Les travaux de d\u00e9molition du parking Vilaine&hellip;\n","protected":false},"author":2,"featured_media":599090,"comment_status":"","ping_status":"","sticky":false,"template":"","format":"standard","meta":{"footnotes":""},"categories":[2821],"tags":[1111,11,829,1777,674,1011,27,12,63879,584,25,104,7009],"class_list":{"0":"post-599089","1":"post","2":"type-post","3":"status-publish","4":"format-standard","5":"has-post-thumbnail","7":"category-rennes","8":"tag-actu","9":"tag-actualites","10":"tag-bretagne","11":"tag-eu","12":"tag-europe","13":"tag-fr","14":"tag-france","15":"tag-news","16":"tag-parking-vilaine","17":"tag-rennes","18":"tag-republique-francaise","19":"tag-societe","20":"tag-vilaine"},"share_on_mastodon":{"url":"https:\/\/pubeurope.com\/@fr\/115719058529628617","error":""},"_links":{"self":[{"href":"https:\/\/www.europesays.com\/fr\/wp-json\/wp\/v2\/posts\/599089","targetHints":{"allow":["GET"]}}],"collection":[{"href":"https:\/\/www.europesays.com\/fr\/wp-json\/wp\/v2\/posts"}],"about":[{"href":"https:\/\/www.europesays.com\/fr\/wp-json\/wp\/v2\/types\/post"}],"author":[{"embeddable":true,"href":"https:\/\/www.europesays.com\/fr\/wp-json\/wp\/v2\/users\/2"}],"replies":[{"embeddable":true,"href":"https:\/\/www.europesays.com\/fr\/wp-json\/wp\/v2\/comments?post=599089"}],"version-history":[{"count":0,"href":"https:\/\/www.europesays.com\/fr\/wp-json\/wp\/v2\/posts\/599089\/revisions"}],"wp:featuredmedia":[{"embeddable":true,"href":"https:\/\/www.europesays.com\/fr\/wp-json\/wp\/v2\/media\/599090"}],"wp:attachment":[{"href":"https:\/\/www.europesays.com\/fr\/wp-json\/wp\/v2\/media?parent=599089"}],"wp:term":[{"taxonomy":"category","embeddable":true,"href":"https:\/\/www.europesays.com\/fr\/wp-json\/wp\/v2\/categories?post=599089"},{"taxonomy":"post_tag","embeddable":true,"href":"https:\/\/www.europesays.com\/fr\/wp-json\/wp\/v2\/tags?post=599089"}],"curies":[{"name":"wp","href":"https:\/\/api.w.org\/{rel}","templated":true}]}}