{"id":599102,"date":"2025-12-14T17:24:36","date_gmt":"2025-12-14T17:24:36","guid":{"rendered":"https:\/\/www.europesays.com\/fr\/599102\/"},"modified":"2025-12-14T17:24:36","modified_gmt":"2025-12-14T17:24:36","slug":"mixt-nouveau-lieu-de-spectacle-vivant-a-nantes-2","status":"publish","type":"post","link":"https:\/\/www.europesays.com\/fr\/599102\/","title":{"rendered":"Mixt, nouveau lieu de spectacle vivant \u00e0 Nantes"},"content":{"rendered":"<p>Il y avait du monde, ce week-end, \u00e0 Nantes, pour d\u00e9couvrir Mixt, nouvel \u00e9quipement d\u00e9di\u00e9 au spectacle vivant. Trois ans que le public n\u2019avait pas foul\u00e9 le sol, depuis que l\u2019ex-Grand T, th\u00e9\u00e2tre d\u00e9partemental, avait ferm\u00e9 ses portes pour travaux. Apr\u00e8s un ambitieux lifting et un total remaniement du site, le voici donc, ce Mixt, de bois, de b\u00e9ton et d\u2019acier. Avec sa salle historique, la Super, aux 850\u00a0fauteuils rouges.<\/p>\n<p>\u00ab Lieu de tous les possibles \u00bb<\/p>\n<p>Sa petite s\u0153ur sortie de terre, la Nova, peut accueillir 330\u00a0spectateurs assis ou 1\u00a0000\u00a0debout, car ses fauteuils sont enti\u00e8rement r\u00e9tractables en quelques minutes. Ses studios de r\u00e9p\u00e9tition pour les artistes, son vaste parc arbor\u00e9 repens\u00e9 et tourn\u00e9 vers ce quartier \u00e0 l\u2019est de Nantes, son bar-restaurant de 80\u00a0couverts ouvert en continu\u2026 le Grand T prend un coup de jeune avec Mixt.<\/p>\n<p>Car Mixt ambitionne d\u2019\u00eatre bien davantage qu\u2019un th\u00e9\u00e2tre. <strong>\u00ab\u00a0Un lieu de tous les possibles,<\/strong> comme le r\u00eave Catherine Blondeau, sa directrice. <strong>Un lieu o\u00f9 se croisent artistes professionnels et amateurs, habitants, promeneurs.\u00a0\u00bb<\/strong><\/p>\n<p>Un lieu qui r\u00e9affirme que <strong>\u00ab\u00a0la culture n\u2019est pas une option\u00a0\u00bb,<\/strong> selon Michel M\u00e9nard, le pr\u00e9sident (PS) du D\u00e9partement de Loire-Atlantique, financeur de cette r\u00e9alisation \u00e0 34,9\u00a0millions d\u2019euros\u00a0: \u00a0Dans le contexte d\u2019asphyxie budg\u00e9taire que vivent les d\u00e9partements du fait de la chute brutale de leurs recettes, certains m\u2019ont conseill\u00e9 d\u2019abandonner la culture. Mais elle n\u2019est pas un privil\u00e8ge et le droit \u00e0 la beaut\u00e9 est un droit fondamental. Et les artistes, des vecteurs de sens et d\u2019\u00e9motion.\u00a0 Mixt est un peu un ovni dans un monde culturel en souffrance, notamment <a href=\"https:\/\/nantes.maville.com\/actu\/actudet_-coupes-des-subventions-regionales-dans-le-monde-culturel-apres-le-choc-quelles-consequences-_52716-6577261_actu.Htm\" target=\"_self\" rel=\"noopener\">depuis les vastes coupes de subventions r\u00e9gionales \u00e0 ce secteur il y a tout juste un an.<\/a><\/p>\n<p><a href=\"https:\/\/nantes.maville.com\/actu\/actudet_-coupes-des-subventions-regionales-dans-le-monde-culturel-apres-le-choc-quelles-consequences-_52716-6577261_actu.Htm\" target=\"_self\" rel=\"noopener\"> <\/a> <strong>\u00ab \u00catre \u00e0 la hauteur des attentes \u00bb<\/strong><\/p>\n<p><strong>\u00ab\u00a0Nous devrons \u00eatre \u00e0 la hauteur des attentes et des espoirs de la communaut\u00e9 artistique\u00a0\u00bb,<\/strong> souligne Catherine Blondeau. Avec Mixt, ils pourront notamment b\u00e9n\u00e9ficier d\u2019un accompagnement professionnel et d\u2019un acc\u00e8s facilit\u00e9 au comit\u00e9 de programmation. Pour soutenir leur cr\u00e9ation et leur travail, la structure a aussi choisi dix artistes associ\u00e9s, dont six du d\u00e9partement. Avec l\u2019objectif de construire ensemble <strong>\u00ab\u00a0un futur d\u00e9sirable, comme un antidote \u00e0 rester entre soi\u00a0\u00bb.<\/strong><\/p>\n<p>Apr\u00e8s un premier week-end de f\u00eate, <a href=\"https:\/\/nantes.maville.com\/actu\/actudet_-noel-va-etre-fete-joyeusement-a-mixt-le-nouvel-equipement-culturel-qui-rouvre-samedi-a-nantes-_52716-7106393_actu.Htm\" target=\"_self\" rel=\"noopener\">Mixt continue \u00e0 c\u00e9l\u00e9brer son ouverture autour de spectacles et de nombreuses propositions gratuites<\/a> (visites, ateliers, initiations, chants, jeux\u2026) les 20-21 d\u00e9cembre et 26-27 d\u00e9cembre. 76,\u00a0rue du G\u00e9n\u00e9ral Buat (C1 \u2013 arr\u00eat Ch\u00e2latres), \u00e0 Nantes.<\/p>\n<p>\u00a0<\/p>\n","protected":false},"excerpt":{"rendered":"Il y avait du monde, ce week-end, \u00e0 Nantes, pour d\u00e9couvrir Mixt, nouvel \u00e9quipement d\u00e9di\u00e9 au spectacle vivant.&hellip;\n","protected":false},"author":2,"featured_media":598982,"comment_status":"","ping_status":"","sticky":false,"template":"","format":"standard","meta":{"footnotes":""},"categories":[2818],"tags":[1111,11,1777,674,1011,27,7018,28203,766,12,4565,2636,3319,25,3140,2036],"class_list":{"0":"post-599102","1":"post","2":"type-post","3":"status-publish","4":"format-standard","5":"has-post-thumbnail","7":"category-nantes","8":"tag-actu","9":"tag-actualites","10":"tag-eu","11":"tag-europe","12":"tag-fr","13":"tag-france","14":"tag-lieu","15":"tag-mixt","16":"tag-nantes","17":"tag-news","18":"tag-nouveau","19":"tag-pays-de-la-loire","20":"tag-quimper","21":"tag-republique-francaise","22":"tag-spectacle","23":"tag-vivant"},"share_on_mastodon":{"url":"https:\/\/pubeurope.com\/@fr\/115719088615743431","error":""},"_links":{"self":[{"href":"https:\/\/www.europesays.com\/fr\/wp-json\/wp\/v2\/posts\/599102","targetHints":{"allow":["GET"]}}],"collection":[{"href":"https:\/\/www.europesays.com\/fr\/wp-json\/wp\/v2\/posts"}],"about":[{"href":"https:\/\/www.europesays.com\/fr\/wp-json\/wp\/v2\/types\/post"}],"author":[{"embeddable":true,"href":"https:\/\/www.europesays.com\/fr\/wp-json\/wp\/v2\/users\/2"}],"replies":[{"embeddable":true,"href":"https:\/\/www.europesays.com\/fr\/wp-json\/wp\/v2\/comments?post=599102"}],"version-history":[{"count":0,"href":"https:\/\/www.europesays.com\/fr\/wp-json\/wp\/v2\/posts\/599102\/revisions"}],"wp:featuredmedia":[{"embeddable":true,"href":"https:\/\/www.europesays.com\/fr\/wp-json\/wp\/v2\/media\/598982"}],"wp:attachment":[{"href":"https:\/\/www.europesays.com\/fr\/wp-json\/wp\/v2\/media?parent=599102"}],"wp:term":[{"taxonomy":"category","embeddable":true,"href":"https:\/\/www.europesays.com\/fr\/wp-json\/wp\/v2\/categories?post=599102"},{"taxonomy":"post_tag","embeddable":true,"href":"https:\/\/www.europesays.com\/fr\/wp-json\/wp\/v2\/tags?post=599102"}],"curies":[{"name":"wp","href":"https:\/\/api.w.org\/{rel}","templated":true}]}}