{"id":59911,"date":"2025-04-28T18:36:11","date_gmt":"2025-04-28T18:36:11","guid":{"rendered":"https:\/\/www.europesays.com\/fr\/59911\/"},"modified":"2025-04-28T18:36:11","modified_gmt":"2025-04-28T18:36:11","slug":"on-ne-compte-pas-nos-heures","status":"publish","type":"post","link":"https:\/\/www.europesays.com\/fr\/59911\/","title":{"rendered":"\u00ab On ne compte pas nos heures \u00bb"},"content":{"rendered":"<p>            Par<br \/>\n        <strong><br \/>\n            <a href=\"https:\/\/actu.fr\/auteur\/jessie-leclerc\" title=\"Consulter tous les articles de Jessie Leclerc\" target=\"_blank\" rel=\"noopener\">Jessie Leclerc<\/a><br \/>\n        <\/strong><\/p>\n<p>        Publi\u00e9 le<\/p>\n<p>            28 avr. 2025 \u00e0 20h16        <\/p>\n<p>Alors que de nombreux commerces ferment dans nos campagnes, certains tiennent bon. Derri\u00e8re ces vitrines encore \u00e9clair\u00e9es, <strong>des figures locales<\/strong> incarnent une autre r\u00e9alit\u00e9\u2009: celle de la t\u00e9nacit\u00e9, de l\u2019amour du m\u00e9tier et d\u2019un lien humain profond.<br \/>Nous sommes all\u00e9s \u00e0 la rencontre de trois d\u2019entre elles, au c\u0153ur de la Seine-Maritime, \u00e0 <strong>\u00c9letot, Angiens et Saint-Riquier-\u00e8s-Plains<\/strong>. Jennifer, Herv\u00e9, Carole et Charlotte partagent une m\u00eame \u00e9nergie pour faire battre le c\u0153ur de leur village. Leur quotidien, leur relation avec les riverains\u2026 Ils se confient <a href=\"https:\/\/actu.fr\/76actu\/\" target=\"_blank\" rel=\"noopener\">\u00e0 76actu<\/a>. Et autant vous dire que leur vie n\u2019est pas de tout repos\u2009!<\/p>\n<p>Jennifer, la \u00ab\u2009f\u00e9e du village\u2009\u00bb d\u2019\u00c9letot<\/p>\n<p class=\" wall-content\">Les commerces de proximit\u00e9 sont bien plus que des lieux d\u2019achat. Ce sont des lieux de vie, d\u2019\u00e9change. Et \u00e7a, \u00e0 42\u00a0ans, <strong>Jennifer<\/strong> l\u2019a bien compris. Charcuti\u00e8re de m\u00e9tier, elle a repris, il y a trois ans, l\u2019\u00e9picerie <a href=\"https:\/\/actu.fr\/normandie\/eletot_76232\" target=\"_blank\" rel=\"noopener\">d\u2019\u00c9letot<\/a> d\u2019o\u00f9 elle est originaire, <strong>pr\u00e8s de F\u00e9camp<\/strong>. Et Au P\u2019tit \u00c9letot, on fait de tout\u2009: sup\u00e9rette, bar, restauration, tabac, d\u00e9p\u00f4t de pain et m\u00eame point de gaz.<\/p>\n<p class=\" wall-content\">Ici, la passion fait tourner le village. Et de la passion, il en faut bien, car Jennifer est seule \u00e0 bord, <strong>elle g\u00e8re tout\u2009: cuisine, service, caisse<\/strong>. Une prouesse au quotidien, surtout les week-ends et en saison estivale, o\u00f9 randonneurs du GR21, cyclistes et touristes affluent.<\/p>\n<p>      <img decoding=\"async\" loading=\"lazy\" src=\"https:\/\/www.europesays.com\/fr\/wp-content\/uploads\/2025\/04\/jennifer-ptit-eletot-commerce-960x640.jpg\" alt=\"A 42 ans, Jennifer g\u00e8re tout de A \u00e0 Z dans son commerce multifonction, \u00e0 Eletot (Seine-Maritime).\" width=\"960\" height=\"640\"\/><br \/>\n    \u00c0 42\u00a0ans, Jennifer g\u00e8re tout de A \u00e0 Z dans son commerce multifonction, \u00e0 \u00c9letot (Seine-Maritime). (\u00a9JL\/76actu)<\/p>\n<p class=\" wall-content\">\u00ab\u2009Je bossais dans une grande bo\u00eete du Havre. Il y a eu un PSE, en gros on m\u2019a vir\u00e9. Je passais tous les jours devant cette boutique et elle \u00e9tait souvent ferm\u00e9e, donc l\u2019id\u00e9e m\u2019est venue comme \u00e7a\u2009\u00bb, raconte la g\u00e9rante.<\/p>\n<blockquote class=\"ac-article-quote wall-content\">\n<p>Vu que je suis le seul commerce, les gens sont vraiment contents de me voir. Je suis un peu comme la f\u00e9e du village. Mes habitu\u00e9s ils ne viennent pas au P\u2019tit Eletot, ils viennent chez Jennifer.<\/p>\n<p>    <strong>Jennifer<\/strong><br \/>\n        G\u00e9rante du P&rsquo;tit Eletot.    <\/p><\/blockquote>\n<p class=\" wall-content\">Si elle devait r\u00e9sumer ses journ\u00e9es en un mot, ce serait\u2009: <strong>\u00ab\u2009sport\u2009\u00bb<\/strong>. Elle est sur tous les fronts en toute saison. \u00ab\u2009On travaille dur l\u2019\u00e9t\u00e9 pour tenir l\u2019hiver. C\u2019est une passion <strong>on ne fait pas ce m\u00e9tier-l\u00e0 pour \u00eatre riche<\/strong>.\u2009\u00bb<\/p>\n<p class=\" wall-content\">La g\u00e9rante propose un service <a href=\"https:\/\/actu.fr\/normandie\/eslettes_76245\/ces-restos-de-burgers-conquierent-la-seine-maritime-on-prevoit-d-en-ouvrir-six-nouveaux-d-ici-2026_62141962.html\" target=\"_blank\" rel=\"noopener\">de restauration<\/a>, l\u00e0 encore, elle est seule aux commandes\u2009: \u00ab\u2009C\u2019est sportif s\u2019il y a du monde au bar, car on ne peut pas \u00eatre au four et au moulin, mais les clients sont compr\u00e9hensifs. On n\u2019est pas sur la plage de F\u00e9camp ici\u2009!\u2009\u00bb<\/p>\n<p class=\" wall-content\">Jennifer cuisine du simple, mais du bon. Rougaille saucisse, croque-monsieur \u00e0 la b\u00e9chamel, \u0153ufs mayonnaise, salade de hareng. Elle privil\u00e9gie <strong>le local et le fait maison<\/strong>. \u00ab\u2009Je cuisine comme pour mon mari et mes enfants, comme \u00e0 la maison\u2009\u00bb, confie-t-elle.<\/p>\n<p class=\" wall-content\">L\u2019\u00e9t\u00e9, elle organise aussi la F\u00eate de la Musique, avec saucisses, frites, et musique sur la place du village. L\u2019an pass\u00e9, 120 personnes avaient r\u00e9pondu pr\u00e9sentes.<\/p>\n<p class=\" wall-content\">Et ne parlez pas \u00e0 Jennifer d\u2019arr\u00eater, elle ne retournerait en arri\u00e8re \u00ab\u2009pour rien au monde\u2009\u00bb\u2009: \u00ab\u2009Si c\u2019\u00e9tait \u00e0 faire, je le referai.\u2009\u00bb Nous la laissons sur cette belle note. Elle, est encore loin d\u2019avoir fini sa journ\u00e9e\u2009: \u00ab Je vais retrouver mes piliers de bar ce soir\u2009\u00bb.<\/p>\n<p>\u00c0 Angiens, une histoire de famille<\/p>\n<p class=\" wall-content\">On avance dans les terres. <strong>Carole, 57\u00a0ans<\/strong> tient Six Tro\u00ebnes, <a href=\"https:\/\/actu.fr\/normandie\/rouen_76540\/en-plein-centre-ville-cette-epicerie-propose-des-produits-introuvables-ailleurs-a-rouen_62459180.html\" target=\"_blank\" rel=\"noopener\">une \u00e9picerie<\/a> <strong>\u00e0 Angiens<\/strong>, entre Fontaine-le-Dun et Saint-Val\u00e9ry-en-Caux. Elle est le soleil du <strong>village de 580\u00a0habitants<\/strong>. Elle a repris le commerce il y a 33\u00a0ans, \u00e0 la suite de ses parents et depuis sept ans sa fille, Charlotte, 31\u00a0ans, l\u2019accompagne.<\/p>\n<p>      <img decoding=\"async\" loading=\"lazy\" src=\"https:\/\/www.europesays.com\/fr\/wp-content\/uploads\/2025\/04\/angiens-epicerie-carole-et-charlotte-960x640.jpg\" alt=\"Pour Carole et Charlotte, l'\u00e9picerie Six Tro\u00ebnes, c'est un travail d'\u00e9quipe.\" width=\"960\" height=\"640\"\/><br \/>\n    Carole et Charlotte travaillent en famille. (\u00a9Document transmis)<\/p>\n<p class=\" wall-content\">Ce qui l\u2019anime\u2009dans son m\u00e9tier, ce sont ses clients. \u00ab\u2009Je n\u2019ai pris des vacances que trois fois, mais d\u00e8s le mercredi je m\u2019ennuyais, ma client\u00e8le me manquait d\u00e9j\u00e0\u2009\u00bb, confie-t-elle. La g\u00e9rante devrait prendre sa retraite dans 10\u00a0ans, mais n\u2019est pas s\u00fbre de pouvoir vraiment s\u2019arr\u00eater un jour\u2009: \u00ab\u2009J\u2019ai besoin de \u00e7a, je ne me vois pas \u00e0 rien faire\u2009\u00bb.<\/p>\n<p class=\" wall-content\">La semaine, de 7h \u00e0 20h, Carole est <strong>une touche \u00e0 tout<\/strong>. Elle vend <a href=\"https:\/\/actu.fr\/loisirs-culture\/le-plus-grand-evenement-agricole-en-plein-air-d-europe-debarque-pres-de-rouen_60847091.html\" target=\"_blank\" rel=\"noopener\">produits fermiers locaux<\/a>, fruits et l\u00e9gumes, snacks et a m\u00eame un point chaud avec des viennoiseries et du pain\u2009: \u00ab\u2009On travaille avec un boulanger, car sinon on n\u2019a rien par ici\u2009\u00bb. La boutique poss\u00e8de aussi un coin bar, tabac, jeux d\u2019argent et va jusqu\u2019\u00e0 proposer un service de livraison \u00e0 domicile.<\/p>\n<p>      <img decoding=\"async\" loading=\"lazy\" src=\"https:\/\/www.europesays.com\/fr\/wp-content\/uploads\/2025\/04\/format-photo-articles-960x640.jpg\" alt=\"A Angiens, \" width=\"960\" height=\"640\"\/><br \/>\n    \u00c0 Angiens, l\u2019\u00e9picerie Six Tro\u00ebnes est un commerce multiservice. (\u00a9Document transmis)<\/p>\n<p class=\" wall-content\">Le commerce est indispensable au village\u2009: \u00ab\u2009Il n\u2019y a<strong> rien dans un secteur de 10 kilom\u00e8tres<\/strong>. Certes on est du d\u00e9pannage pour les clients, mais ils nous disent \u2018heureusement que vous \u00eates l\u00e0\u2019\u2009\u00bb.<\/p>\n<p>Une vie \u00e0 100 \u00e0 l\u2019heure au Rol\u2019Skafee<\/p>\n<p class=\" wall-content\">\u00c0 <a href=\"https:\/\/actu.fr\/normandie\/saint-riquier-es-plains_76646\" target=\"_blank\" rel=\"noopener\">Saint-Riquier-\u00e9s-Plains<\/a>, petit village entre Cany-Barville et Saint-Valery-en-Caux, <strong>Herv\u00e9, 50\u00a0ans, et sa belle-s\u0153ur Carole, 43\u00a0ans<\/strong>, tiennent depuis 11\u00a0ans le Rol Skafee. Bar-tabac, snacking, restauration rapide, gaz, colis, Fran\u00e7aise des jeux, et \u00e9picerie, c\u2019est <strong>un commerce multifonction<\/strong>.<\/p>\n<p>      <img decoding=\"async\" loading=\"lazy\" src=\"https:\/\/www.europesays.com\/fr\/wp-content\/uploads\/2025\/04\/rol-skafee-saint-riquiers-es-plains-960x640.jpg\" alt=\"Herv\u00e9 et Carole dirigent le Rol Skafee depuis 11 ans \u00e0 Saint-Riquier-\u00e9s-Plains (Seine-Maritime).\" width=\"960\" height=\"640\"\/><br \/>\n    Herv\u00e9 et Carole dirigent le Rol Skafee depuis 11\u00a0ans \u00e0 Saint-Riquier-\u00e9s-Plains (Seine-Maritime). (\u00a9JL\/76actu)<\/p>\n<p class=\" wall-content\">\u00ab\u2009On a repris apr\u00e8s mes beaux-parents. Pour que \u00e7a tienne, on a diversifi\u00e9\u2009\u00bb, explique Herv\u00e9. Le duo travaille 7\u00a0jours sur 7\u2009: <strong>\u00ab\u2009On ne compte pas nos heures\u2009\u00bb<\/strong>. Malgr\u00e9 un rythme intense, Herv\u00e9 insiste sur l\u2019esprit familial et chaleureux du lieu. Ici, tout le monde se conna\u00eet.<\/p>\n<p class=\" wall-content\">La partie restauration marche du tonnerre. \u00ab\u2009On a d\u00fb embaucher quelqu\u2019un en cuisine en 20\u00a0heures semaine\u2009\u00bb, pr\u00e9cise Herv\u00e9. Les <strong>plats sont fait maison\u2009<\/strong>: burgers, pizzas et tacos dont les p\u00e2tes sont faites \u00e0 la main, sauce fromag\u00e8re, frites. Et <a href=\"https:\/\/actu.fr\/normandie\/rouen_76540\/voici-10-restaurants-a-rouen-pour-dejeuner-ou-diner-a-moins-de-20-euros_59026611.html\" target=\"_blank\" rel=\"noopener\">les prix sont accessibles\u2009<\/a>: \u00ab\u2009Mieux vaut vendre \u00e0 des tarifs abordables et vendre deux fois. Le but c\u2019est que les gens reviennent\u2009\u00bb.<\/p>\n<p>      <img decoding=\"async\" loading=\"lazy\" src=\"https:\/\/www.europesays.com\/fr\/wp-content\/uploads\/2025\/04\/rol-skafee-epicerie-st-riquiers-es-plains-960x640.jpg\" alt=\"Le Rol Skafee fait aussi superette.\" width=\"960\" height=\"640\"\/><br \/>\n    Le Rol Skafee fait aussi sup\u00e9rette. (\u00a9JL\/76actu)<\/p>\n<p class=\" wall-content\">Le commerce <a href=\"https:\/\/actu.fr\/normandie\/envronville_76236\/seine-maritime-les-gerants-d-une-epicerie-unique-commerce-du-village-lancent-une-petition_60712351.html\" target=\"_blank\" rel=\"noopener\">conna\u00eet des difficult\u00e9s<\/a>\u2009: \u00ab\u2009On s\u2019est fait cambrioler la semaine derni\u00e8re. Les gars ont \u00e9t\u00e9 arr\u00eat\u00e9s et l\u2019enqu\u00eate est en cours, mais \u00e7a fait un coup quand m\u00eame\u2009\u00bb, reconna\u00eet Herv\u00e9. Mais lui qui \u00e9tait \u00e9lectricien automobile ne regrette pas sa reconversion\u2009: \u00ab\u2009On ne se d\u00e9gage pas gros salaires, mais on aime ce que l\u2019on fait\u2009\u00bb.<\/p>\n<p>Des commerces essentiels<\/p>\n<p class=\" wall-content\">Parfois,<strong> les derniers commerces<\/strong> de ces petits villages menacent de fermer. C\u2019est le cas de l\u2019\u00e9picerie Tharel Julie <a href=\"https:\/\/actu.fr\/normandie\/therouldeville_76685\" target=\"_blank\" rel=\"noopener\">\u00e0 Th\u00e9rouldeville<\/a>, une institution dans ce secteur du Pays de Caux. Les yeux humides, remplis d\u2019\u00e9motions, sa g\u00e9rante affirme ne pas \u00eatre s\u00fbre de rester ouverte encore bien longtemps. Les rayons sont d\u00e9j\u00e0 presque tous vides.<\/p>\n<p class=\" wall-content\">Mais de ces rencontres, ce que l\u2019on retient, avant tout, ce sont des passionn\u00e9s qui ne comptent pas leurs heures pour faire vivre nos petites communes, <strong>des passionn\u00e9s<\/strong> qui aiment leurs clients. Ils sont cuisiniers, vendeurs, logisticiens, m\u00e9diateurs, confidents, parfois tout en m\u00eame temps.<\/p>\n<p>Suivez l\u2019actualit\u00e9 de Rouen <a href=\"https:\/\/www.whatsapp.com\/channel\/0029VaKfnf99hXF2ddApFB1D\" target=\"_blank\" rel=\"noopener\">sur notre cha\u00eene WhatsApp<\/a> et <a href=\"https:\/\/www.tiktok.com\/@76actu.fr?lang=fr\" target=\"_blank\" rel=\"noopener\">sur notre compte TikTok<\/a><\/p>\n<p class=\" wall-content\">Suivez toute l\u2019actualit\u00e9 de vos villes et m\u00e9dias favoris en vous inscrivant \u00e0 <a href=\"https:\/\/moncompte.actu.fr\" title=\"D\u00e9couvez Mon Actu\" rel=\"nofollow noopener\" data-trk=\"{&quot;cta&quot;:{&quot;action&quot;:&quot;https:\\\/\\\/moncompte.actu.fr&quot;,&quot;category&quot;:&quot;mon compte&quot;,&quot;from&quot;:&quot;article footer&quot;,&quot;name&quot;:&quot;Mon actu&quot;,&quot;type&quot;:&quot;cta&quot;}}\" target=\"_blank\">Mon Actu<\/a>.<\/p>\n<p>                <script async src=\"\/\/www.tiktok.com\/embed.js\"><\/script><\/p>\n","protected":false},"excerpt":{"rendered":"Par Jessie Leclerc Publi\u00e9 le 28 avr. 2025 \u00e0 20h16 Alors que de nombreux commerces ferment dans nos&hellip;\n","protected":false},"author":2,"featured_media":59912,"comment_status":"","ping_status":"","sticky":false,"template":"","format":"standard","meta":{"footnotes":""},"categories":[9587],"tags":[1111,11,215,1777,674,1011,27,12,5161,25,1340,9590,104,240],"class_list":{"0":"post-59911","1":"post","2":"type-post","3":"status-publish","4":"format-standard","5":"has-post-thumbnail","7":"category-rouen","8":"tag-actu","9":"tag-actualites","10":"tag-commerce","11":"tag-eu","12":"tag-europe","13":"tag-fr","14":"tag-france","15":"tag-news","16":"tag-normandie","17":"tag-republique-francaise","18":"tag-restaurant","19":"tag-rouen","20":"tag-societe","21":"tag-temoignage"},"share_on_mastodon":{"url":"https:\/\/pubeurope.com\/@fr\/114417040401068676","error":""},"_links":{"self":[{"href":"https:\/\/www.europesays.com\/fr\/wp-json\/wp\/v2\/posts\/59911","targetHints":{"allow":["GET"]}}],"collection":[{"href":"https:\/\/www.europesays.com\/fr\/wp-json\/wp\/v2\/posts"}],"about":[{"href":"https:\/\/www.europesays.com\/fr\/wp-json\/wp\/v2\/types\/post"}],"author":[{"embeddable":true,"href":"https:\/\/www.europesays.com\/fr\/wp-json\/wp\/v2\/users\/2"}],"replies":[{"embeddable":true,"href":"https:\/\/www.europesays.com\/fr\/wp-json\/wp\/v2\/comments?post=59911"}],"version-history":[{"count":0,"href":"https:\/\/www.europesays.com\/fr\/wp-json\/wp\/v2\/posts\/59911\/revisions"}],"wp:featuredmedia":[{"embeddable":true,"href":"https:\/\/www.europesays.com\/fr\/wp-json\/wp\/v2\/media\/59912"}],"wp:attachment":[{"href":"https:\/\/www.europesays.com\/fr\/wp-json\/wp\/v2\/media?parent=59911"}],"wp:term":[{"taxonomy":"category","embeddable":true,"href":"https:\/\/www.europesays.com\/fr\/wp-json\/wp\/v2\/categories?post=59911"},{"taxonomy":"post_tag","embeddable":true,"href":"https:\/\/www.europesays.com\/fr\/wp-json\/wp\/v2\/tags?post=59911"}],"curies":[{"name":"wp","href":"https:\/\/api.w.org\/{rel}","templated":true}]}}