{"id":599111,"date":"2025-12-14T17:30:17","date_gmt":"2025-12-14T17:30:17","guid":{"rendered":"https:\/\/www.europesays.com\/fr\/599111\/"},"modified":"2025-12-14T17:30:17","modified_gmt":"2025-12-14T17:30:17","slug":"lille-le-loko-le-nouveau-comedy-club-new-yorkais-qui-va-vous-faire-hurler-de-rire","status":"publish","type":"post","link":"https:\/\/www.europesays.com\/fr\/599111\/","title":{"rendered":"Lille. Le LOKO, le nouveau comedy club new yorkais, qui va vous faire hurler de rire"},"content":{"rendered":"<p>                    Par<br \/>\n        <strong><br \/>\n            <a href=\"https:\/\/actu.fr\/auteur\/hervine-mahaud\" title=\"Consulter tous les articles de Hervine Mahaud\" target=\"_blank\" rel=\"noopener\">Hervine Mahaud<\/a><br \/>\n                    <\/strong><\/p>\n<p>        Publi\u00e9 le<\/p>\n<p>            14 d\u00e9c. 2025 \u00e0 17h36        <\/p>\n<p>Le paysage culturel lillois s\u2019enrichit d\u2019un nouveau lieu d\u00e9di\u00e9 \u00e0 l\u2019humour et au stand-up. Install\u00e9 <b>3 rue du March\u00e9<\/b>, \u00e0 deux pas du march\u00e9 de <b>Wazemmes<\/b>, <b>le LOKO<\/b> est un <b>comedy club d\u2019inspiration new-yorkaise<\/b> imagin\u00e9 et port\u00e9 par <b>Habib<\/b>, humoriste originaire de <a href=\"https:\/\/actu.fr\/lille\/\" target=\"_blank\" rel=\"noopener\">Lille<\/a>. Apr\u00e8s plusieurs semaines de rodage, l\u2019\u00e9tablissement d\u00e9voile pleinement son concept depuis le 6 d\u00e9cembre 2025.<\/p>\n<p>Un lieu pens\u00e9 pour l\u2019exp\u00e9rience du rire en live<\/p>\n<p class=\" wall-content\">Avec le LOKO, Habib a voulu cr\u00e9er un espace \u00e0 taille humaine, directement inspir\u00e9 des <b>comedy clubs new-yorkais<\/b>, o\u00f9 la proximit\u00e9 entre les artistes et le public est au c\u0153ur de l\u2019exp\u00e9rience. Ici, pas de grande salle impersonnelle : la sc\u00e8ne immersive, ouverte \u00e0 180 degr\u00e9s, place les spectateurs au plus pr\u00e8s des humoristes.<\/p>\n<p class=\" wall-content\"><a href=\"https:\/\/www.instagram.com\/p\/DR2e3tjDELG\/embed\" title=\"Ouvrir le lien sur Instagram\" target=\"_blank\" rel=\"noopener\">Visualiser le contenu sur Instagram<\/a><\/p>\n<p class=\" wall-content\">L\u2019ambiance se veut volontairement chaleureuse, avec une lumi\u00e8re tamis\u00e9e et des murs de brique qui rappellent les clubs historiques am\u00e9ricains. Tout est pens\u00e9 pour favoriser l\u2019\u00e9coute, l\u2019interaction et le rythme du stand-up, dans un cadre propice au l\u00e2cher-prise.<\/p>\n<p>Une programmation ouverte et accessible<\/p>\n<p class=\" wall-content\">Ouvert <b>du mardi au samedi<\/b>, le LOKO accueille une programmation vari\u00e9e m\u00ealant <b>talents \u00e9mergents<\/b>, artistes confirm\u00e9s et humoristes venus de toute la France. Des soir\u00e9es d\u00e9couvertes sont \u00e9galement propos\u00e9es, offrant une sc\u00e8ne \u00e0 de nouveaux profils et contribuant au renouvellement de l\u2019offre humoristique locale.<\/p>\n<p class=\" wall-content\">Le lieu se veut convivial et accessible : le public peut s\u2019y installer avant, pendant ou apr\u00e8s les spectacles pour profiter d\u2019une s\u00e9lection de boissons et de finger food, dans un esprit de partage et de proximit\u00e9.<\/p>\n<p class=\" wall-content\"><a href=\"https:\/\/www.instagram.com\/p\/DRphtWsjKcm\/embed\" title=\"Ouvrir le lien sur Instagram\" target=\"_blank\" rel=\"noopener\">Visualiser le contenu sur Instagram<\/a><\/p>\n<p class=\" wall-content\">C\u00f4t\u00e9 tarifs, comptez entre 5\u20ac et 7\u20ac en semaine et environ 10\u20ac les week-ends.<\/p>\n<p>\u00ab\u00a0Un refuge pour le rire\u00a0\u00bb<\/p>\n<p class=\" wall-content\">Pour son fondateur, le LOKO est avant tout un lieu de respiration au c\u0153ur de la ville. \u00ab\u00a0J\u2019ai construit le LOKO comme un refuge pour le rire. Peu importe la journ\u00e9e que l\u2019on a pass\u00e9e, on doit pouvoir en ressortir plus l\u00e9ger\u00a0\u00bb, r\u00e9sume Habib.<\/p>\n<p>Votre r\u00e9gion, votre actu !<\/p>\n<p>Recevez chaque jour les infos qui comptent pour vous.<\/p>\n<p>\t<a href=\"https:\/\/actu.fr\/newsletter\" class=\"ac-btn ac-btn--corner ac-btn--medium ac-btn--blue800\" target=\"_blank\" rel=\"noopener\">S&rsquo;incrire<\/a><\/p>\n<p class=\" wall-content\">Avec cette nouvelle adresse, Lille confirme un peu plus son dynamisme culturel et son attrait pour le stand-up, un art en plein essor qui trouve d\u00e9sormais un nouveau terrain d\u2019expression dans le quartier de Wazemmes.<\/p>\n<p>Infos pratiques : Le LOKO, 3 rue du March\u00e9 \u00e0 Lille. Programmation et billetterie <a href=\"https:\/\/www.leloko.fr\/events\/mois\/\" target=\"_blank\" rel=\"noopener\">en cliquant ici<\/a>.<\/p>\n<p class=\" wall-content\">Personnalisez votre actualit\u00e9 en ajoutant vos villes et m\u00e9dias en favori avec <a href=\"https:\/\/moncompte.actu.fr\" title=\"D\u00e9couvez Mon Actu\" rel=\"nofollow noopener\" data-trk=\"{&quot;cta&quot;:{&quot;action&quot;:&quot;https:\\\/\\\/moncompte.actu.fr&quot;,&quot;category&quot;:&quot;mon compte&quot;,&quot;from&quot;:&quot;article footer&quot;,&quot;name&quot;:&quot;Mon actu&quot;,&quot;type&quot;:&quot;cta&quot;}}\" target=\"_blank\">Mon Actu<\/a>.<\/p>\n<p>                    <script async src=\"\/\/www.instagram.com\/embed.js\"><\/script><\/p>\n","protected":false},"excerpt":{"rendered":"Par Hervine Mahaud Publi\u00e9 le 14 d\u00e9c. 2025 \u00e0 17h36 Le paysage culturel lillois s\u2019enrichit d\u2019un nouveau lieu&hellip;\n","protected":false},"author":2,"featured_media":599112,"comment_status":"","ping_status":"","sticky":false,"template":"","format":"standard","meta":{"footnotes":""},"categories":[2815],"tags":[1111,11,1777,674,1011,27,811,708,1307,1652,12,25,853],"class_list":{"0":"post-599111","1":"post","2":"type-post","3":"status-publish","4":"format-standard","5":"has-post-thumbnail","7":"category-lille","8":"tag-actu","9":"tag-actualites","10":"tag-eu","11":"tag-europe","12":"tag-fr","13":"tag-france","14":"tag-hauts-de-france","15":"tag-humour","16":"tag-lille","17":"tag-loisirs-culture","18":"tag-news","19":"tag-republique-francaise","20":"tag-spectacles"},"share_on_mastodon":{"url":"https:\/\/pubeurope.com\/@fr\/115719112200463159","error":""},"_links":{"self":[{"href":"https:\/\/www.europesays.com\/fr\/wp-json\/wp\/v2\/posts\/599111","targetHints":{"allow":["GET"]}}],"collection":[{"href":"https:\/\/www.europesays.com\/fr\/wp-json\/wp\/v2\/posts"}],"about":[{"href":"https:\/\/www.europesays.com\/fr\/wp-json\/wp\/v2\/types\/post"}],"author":[{"embeddable":true,"href":"https:\/\/www.europesays.com\/fr\/wp-json\/wp\/v2\/users\/2"}],"replies":[{"embeddable":true,"href":"https:\/\/www.europesays.com\/fr\/wp-json\/wp\/v2\/comments?post=599111"}],"version-history":[{"count":0,"href":"https:\/\/www.europesays.com\/fr\/wp-json\/wp\/v2\/posts\/599111\/revisions"}],"wp:featuredmedia":[{"embeddable":true,"href":"https:\/\/www.europesays.com\/fr\/wp-json\/wp\/v2\/media\/599112"}],"wp:attachment":[{"href":"https:\/\/www.europesays.com\/fr\/wp-json\/wp\/v2\/media?parent=599111"}],"wp:term":[{"taxonomy":"category","embeddable":true,"href":"https:\/\/www.europesays.com\/fr\/wp-json\/wp\/v2\/categories?post=599111"},{"taxonomy":"post_tag","embeddable":true,"href":"https:\/\/www.europesays.com\/fr\/wp-json\/wp\/v2\/tags?post=599111"}],"curies":[{"name":"wp","href":"https:\/\/api.w.org\/{rel}","templated":true}]}}