{"id":599115,"date":"2025-12-14T17:33:16","date_gmt":"2025-12-14T17:33:16","guid":{"rendered":"https:\/\/www.europesays.com\/fr\/599115\/"},"modified":"2025-12-14T17:33:16","modified_gmt":"2025-12-14T17:33:16","slug":"ils-font-le-pari-de-la-metropole-aix-marseille-provence","status":"publish","type":"post","link":"https:\/\/www.europesays.com\/fr\/599115\/","title":{"rendered":"ils font le pari de la m\u00e9tropole Aix-Marseille-Provence"},"content":{"rendered":"<p>Pour sa 10\u1d49 c\u00e9r\u00e9monie des labels <a href=\"https:\/\/www.laprovence.com\/article\/economie\/2169821613557314\/12-entreprises-provencales-ont-decroche-le-label-invest-in-provence\" target=\"_blank\" rel=\"noopener\">Invest in Provence<\/a>, Provence Promotion, l&rsquo;agence de d\u00e9veloppement \u00e9conomique de la M\u00e9tropole Aix-Marseille-Provence qui va fusionner avec <a href=\"https:\/\/www.laprovence.com\/article\/economie\/43541139243836\/one-provence-devoile-son-collectif-des-acteurs-des-transitions-pour-aix-marseille-provence\" target=\"_blank\" rel=\"noopener\">One Provence<\/a>, l&rsquo;agence de marketing territorial au service du rayonnement de l&rsquo;aire m\u00e9tropolitaine, a offert un signal clair : ici, on ne commente pas les probl\u00e8mes, on c\u00e9l\u00e8bre les r\u00e9ussites. Depuis le 6\u1d49 \u00e9tage de Grand Central, si\u00e8ge de La Provence, 15 entreprises qui ont fait le choix de venir s&rsquo;installer sur le territoire ont \u00e9t\u00e9 mises \u00e0 l&rsquo;honneur.<\/p>\n<p>70 implantations et 1800 emplois cr\u00e9\u00e9s<\/p>\n<p>\u00ab\u00a0Deuxi\u00e8me m\u00e9tropole fran\u00e7aise pour les investissements \u00e9trangers, Marseille confirme son statut de hub euro-m\u00e9diterran\u00e9en, rappelle <a href=\"https:\/\/www.laprovence.com\/article\/economie\/3100152893977114\/jean-luc-chauvin-president-de-la-chambre-de-commerce-a-la-place-des-galeries-lafayette-il-faut-un-lieu-totem\" target=\"_blank\" rel=\"noopener\">Jean-Luc Chauvin, pr\u00e9sident de la CCIAMP<\/a>. En 2024, 36 implantations, 70 au total sur la m\u00e9tropole et 1\u00a0800 emplois cr\u00e9\u00e9s. Mieux : avec 37% d&rsquo;intentions d&rsquo;investissement \u00e0 trois ans, elle d\u00e9passe presque toutes les grandes villes europ\u00e9ennes.\u00a0\u00bb<\/p>\n<p><a href=\"https:\/\/www.laprovence.com\/article\/economie\/2382091638063614\/un-milliard-d-euros-d-investissements-pour-moderniser-le-grand-port-de-marseille-fos\" target=\"_blank\" rel=\"noopener\">Premier port de France<\/a>, <a href=\"https:\/\/www.laprovence.com\/article\/economie\/2003505145692615\/nouveau-logo-nouvelle-couleur-nouvelle-identite-l-aeroport-marseille-provence-change-de-visage-et-de-cap\" target=\"_blank\" rel=\"noopener\">3\u1d49 a\u00e9roport national<\/a>, connectivit\u00e9 num\u00e9rique dans le top 6 mondial avec 18 c\u00e2bles sous-marins (bient\u00f4t top 5), universit\u00e9 francophone la plus vaste du pays : le territoire coche toutes les cases du leadership \u00e9conomique.<\/p>\n<p>\u00ab\u00a0Cette dynamique s&rsquo;a&#8230;<\/p>\n","protected":false},"excerpt":{"rendered":"Pour sa 10\u1d49 c\u00e9r\u00e9monie des labels Invest in Provence, Provence Promotion, l&rsquo;agence de d\u00e9veloppement \u00e9conomique de la M\u00e9tropole&hellip;\n","protected":false},"author":2,"featured_media":599116,"comment_status":"","ping_status":"","sticky":false,"template":"","format":"standard","meta":{"footnotes":""},"categories":[2814],"tags":[3580,17,1111,11,4150,154,33,1777,674,1011,27,6085,71155,71154,884,12,1186,882,25],"class_list":{"0":"post-599115","1":"post","2":"type-post","3":"status-publish","4":"format-standard","5":"has-post-thumbnail","7":"category-marseille","8":"tag-10e","9":"tag-17","10":"tag-actu","11":"tag-actualites","12":"tag-ceremonie","13":"tag-des","14":"tag-economie","15":"tag-eu","16":"tag-europe","17":"tag-fr","18":"tag-france","19":"tag-ils","20":"tag-invest","21":"tag-labels","22":"tag-marseille","23":"tag-news","24":"tag-provence","25":"tag-provence-alpes-cote-dazur","26":"tag-republique-francaise"},"share_on_mastodon":{"url":"https:\/\/pubeurope.com\/@fr\/115719124057189908","error":""},"_links":{"self":[{"href":"https:\/\/www.europesays.com\/fr\/wp-json\/wp\/v2\/posts\/599115","targetHints":{"allow":["GET"]}}],"collection":[{"href":"https:\/\/www.europesays.com\/fr\/wp-json\/wp\/v2\/posts"}],"about":[{"href":"https:\/\/www.europesays.com\/fr\/wp-json\/wp\/v2\/types\/post"}],"author":[{"embeddable":true,"href":"https:\/\/www.europesays.com\/fr\/wp-json\/wp\/v2\/users\/2"}],"replies":[{"embeddable":true,"href":"https:\/\/www.europesays.com\/fr\/wp-json\/wp\/v2\/comments?post=599115"}],"version-history":[{"count":0,"href":"https:\/\/www.europesays.com\/fr\/wp-json\/wp\/v2\/posts\/599115\/revisions"}],"wp:featuredmedia":[{"embeddable":true,"href":"https:\/\/www.europesays.com\/fr\/wp-json\/wp\/v2\/media\/599116"}],"wp:attachment":[{"href":"https:\/\/www.europesays.com\/fr\/wp-json\/wp\/v2\/media?parent=599115"}],"wp:term":[{"taxonomy":"category","embeddable":true,"href":"https:\/\/www.europesays.com\/fr\/wp-json\/wp\/v2\/categories?post=599115"},{"taxonomy":"post_tag","embeddable":true,"href":"https:\/\/www.europesays.com\/fr\/wp-json\/wp\/v2\/tags?post=599115"}],"curies":[{"name":"wp","href":"https:\/\/api.w.org\/{rel}","templated":true}]}}