{"id":599119,"date":"2025-12-14T17:35:14","date_gmt":"2025-12-14T17:35:14","guid":{"rendered":"https:\/\/www.europesays.com\/fr\/599119\/"},"modified":"2025-12-14T17:35:14","modified_gmt":"2025-12-14T17:35:14","slug":"un-jeune-cycliste-de-16-ans-dans-un-etat-desespere-apres-un-accident-en-presquile","status":"publish","type":"post","link":"https:\/\/www.europesays.com\/fr\/599119\/","title":{"rendered":"un jeune cycliste de 16 ans dans un \u00e9tat d\u00e9sesp\u00e9r\u00e9 apr\u00e8s un accident en Presqu&rsquo;\u00eele"},"content":{"rendered":"<p itemprop=\"description\"><strong>Dans la nuit de samedi \u00e0 dimanche, un cycliste a \u00e9t\u00e9 percut\u00e9 par un automobiliste \u00e0 Lyon.<\/strong><\/p>\n<p>Les faits se sont d\u00e9roul\u00e9s vers minuit, sur le quai Gailleton.<\/p>\n<p>Pour une raison inconnue, le jeune cycliste \u00e2g\u00e9 de 16 ans aurait travers\u00e9 les voies avant d&rsquo;\u00eatre renvers\u00e9 par la voiture qui arrivait trop vite.<\/p>\n<p>Dans un \u00e9tat critique, l&rsquo;adolescent a \u00e9t\u00e9 pris en charge avant d&rsquo;\u00eatre transport\u00e9 \u00e0 l&rsquo;h\u00f4pital. Son pronostic vital \u00e9tait engag\u00e9.<\/p>\n<p>Une enqu\u00eate a \u00e9t\u00e9 ouverte, l&rsquo;automobiliste devait \u00eatre auditionn\u00e9 et faire l&rsquo;objet de d\u00e9pistages d&rsquo;alcool\u00e9mie et de stup\u00e9fiants.<\/p>\n","protected":false},"excerpt":{"rendered":"Dans la nuit de samedi \u00e0 dimanche, un cycliste a \u00e9t\u00e9 percut\u00e9 par un automobiliste \u00e0 Lyon. Les&hellip;\n","protected":false},"author":2,"featured_media":599120,"comment_status":"","ping_status":"","sticky":false,"template":"","format":"standard","meta":{"footnotes":""},"categories":[1889],"tags":[1111,11,2813,2190,2430,1109,251,1112,2811,1777,674,118,1011,27,1922,1110,1114,2428,2810,12,241,316,25,2812,517,800],"class_list":{"0":"post-599119","1":"post","2":"type-post","3":"status-publish","4":"format-standard","5":"has-post-thumbnail","7":"category-lyon","8":"tag-actu","9":"tag-actualites","10":"tag-article","11":"tag-asvel","12":"tag-auvergne-rhone-alpes","13":"tag-breves","14":"tag-culture","15":"tag-depeches","16":"tag-economique","17":"tag-eu","18":"tag-europe","19":"tag-faits-divers","20":"tag-fr","21":"tag-france","22":"tag-info","23":"tag-informations","24":"tag-infos","25":"tag-lyon","26":"tag-lyonmag","27":"tag-news","28":"tag-ol","29":"tag-politique","30":"tag-republique-francaise","31":"tag-sociale","32":"tag-sport","33":"tag-transports"},"share_on_mastodon":{"url":"https:\/\/pubeurope.com\/@fr\/115719131970994477","error":""},"_links":{"self":[{"href":"https:\/\/www.europesays.com\/fr\/wp-json\/wp\/v2\/posts\/599119","targetHints":{"allow":["GET"]}}],"collection":[{"href":"https:\/\/www.europesays.com\/fr\/wp-json\/wp\/v2\/posts"}],"about":[{"href":"https:\/\/www.europesays.com\/fr\/wp-json\/wp\/v2\/types\/post"}],"author":[{"embeddable":true,"href":"https:\/\/www.europesays.com\/fr\/wp-json\/wp\/v2\/users\/2"}],"replies":[{"embeddable":true,"href":"https:\/\/www.europesays.com\/fr\/wp-json\/wp\/v2\/comments?post=599119"}],"version-history":[{"count":0,"href":"https:\/\/www.europesays.com\/fr\/wp-json\/wp\/v2\/posts\/599119\/revisions"}],"wp:featuredmedia":[{"embeddable":true,"href":"https:\/\/www.europesays.com\/fr\/wp-json\/wp\/v2\/media\/599120"}],"wp:attachment":[{"href":"https:\/\/www.europesays.com\/fr\/wp-json\/wp\/v2\/media?parent=599119"}],"wp:term":[{"taxonomy":"category","embeddable":true,"href":"https:\/\/www.europesays.com\/fr\/wp-json\/wp\/v2\/categories?post=599119"},{"taxonomy":"post_tag","embeddable":true,"href":"https:\/\/www.europesays.com\/fr\/wp-json\/wp\/v2\/tags?post=599119"}],"curies":[{"name":"wp","href":"https:\/\/api.w.org\/{rel}","templated":true}]}}