{"id":599123,"date":"2025-12-14T17:38:19","date_gmt":"2025-12-14T17:38:19","guid":{"rendered":"https:\/\/www.europesays.com\/fr\/599123\/"},"modified":"2025-12-14T17:38:19","modified_gmt":"2025-12-14T17:38:19","slug":"lancement-du-telepherique-c1-corruption-dans-les-forces-de-lordre-les-infos-du-week-end-en-ile-de-france","status":"publish","type":"post","link":"https:\/\/www.europesays.com\/fr\/599123\/","title":{"rendered":"Lancement du t\u00e9l\u00e9ph\u00e9rique C1, corruption dans les forces de l&rsquo;ordre&#8230; Les infos du week-end en \u00cele-de-France"},"content":{"rendered":"<p>                    Par<br \/>\n        <strong><br \/>\n            <a href=\"https:\/\/actu.fr\/auteur\/redaction-paris\" title=\"Consulter tous les articles de R\u00e9daction Paris\" target=\"_blank\" rel=\"noopener\">R\u00e9daction Paris<\/a><br \/>\n                    <\/strong><\/p>\n<p>        Publi\u00e9 le<\/p>\n<p>            14 d\u00e9c. 2025 \u00e0 17h58        <\/p>\n<p>Lancement du C\u00e2ble C1, le premier <strong>t\u00e9l\u00e9ph\u00e9rique<\/strong> d\u2019\u00cele-de-France, des policiers et gendarmes impliqu\u00e9s dans une affaire de <strong>corruption<\/strong> en lien avec le crime organis\u00e9, un <strong>sondage<\/strong> donne des \u00e9l\u00e9ments sur les intentions de vote pour les \u00e9lections municipales \u00e0 Paris\u2026 Voici le r\u00e9capitulatif de l\u2019actualit\u00e9 du week-end couverte par les r\u00e9dactions d\u2019<a href=\"https:\/\/actu.fr\/paris\/\" target=\"_blank\" rel=\"noopener\">actu<\/a> en \u00cele-de-France.<\/p>\n<p class=\" wall-content\"><a href=\"https:\/\/actu.fr\/societe\/video-on-etait-presses-que-ca-arrive-l-ile-de-france-decouvre-son-premier-telepherique-le-cable-c1_63573734.html\" target=\"_blank\" rel=\"noopener\">L\u2019\u00cele-de-France d\u00e9couvre son premier t\u00e9l\u00e9ph\u00e9rique, le C\u00e2ble C1, inaugur\u00e9 dans le Val-de-Marne<\/a><br \/>Le C\u00e2ble C1 a \u00e9t\u00e9 inaugur\u00e9 ce samedi dans le Val-de-Marne. Plus long t\u00e9l\u00e9ph\u00e9rique d\u2019Europe avec ses 4,5km, il relie Cr\u00e9teil, Limeil-Br\u00e9vannes, Valenton et Villeneuve-Saint-Georges. 11\u2009000 voyageurs devraient l\u2019emprunter chaque jour, selon les estimations d\u2019\u00cele-de-France Mobilit\u00e9s.<\/p>\n<p class=\" wall-content\"><a href=\"https:\/\/actu.fr\/ile-de-france\/pontoise_95500\/crime-organise-deux-gendarmes-et-deux-policiers-municipaux-du-val-d-oise-poursuivis-pour-corruption_63575153.html\" target=\"_blank\" rel=\"noopener\">Val-d\u2019Oise\u2009: deux gendarmes et deux policiers municipaux soup\u00e7onn\u00e9s de corruption<\/a><br \/>Deux gendarmes adjoints volontaires de Pontoise et Domont et deux policiers municipaux sont poursuivis dans le cadre d\u2019une affaire de corruption li\u00e9e \u00e0 la criminalit\u00e9 organis\u00e9e. Les deux hommes soup\u00e7onn\u00e9s d\u2019avoir \u00e9t\u00e9 leurs corrupteurs \u00e9taient \u00ab\u2009des g\u00e9rants de soci\u00e9t\u00e9s de location de v\u00e9hicules\u2009\u00bb, selon le procureur.<\/p>\n<p class=\" wall-content\"><a href=\"https:\/\/actu.fr\/ile-de-france\/paris_75056\/municipales-2026-a-paris-un-sondage-donne-la-gauche-unie-sans-lfi-en-tete-au-premier-tour-devant-dati_63574463.html\" target=\"_blank\" rel=\"noopener\">Paris\u2009: un sondage donne la gauche unie (sans LFI) en t\u00eate au premier tour des municipales 2026, devant Rachida Dati<\/a><br \/>Dans ce sondage r\u00e9alis\u00e9 par Ipsos-BVA pour Le Parisien, le candidat d\u2019une alliance de gauche PS-PCF-Ecologistes est donn\u00e9 en t\u00eate des intentions de vote au premier tour, devant Rachida Dati, et le sc\u00e9nario d\u2019une quadrangulaire au second tour n\u2019est pas \u00e0 exclure.<\/p>\n<p class=\" wall-content\"><a href=\"https:\/\/actu.fr\/ile-de-france\/villeneuve-saint-georges_94078\/incendie-dans-un-immeuble-de-villeneuve-saint-georges-les-pompiers-volent-au-secours-d-un-enfant-de-13-ans_63573396.html\" target=\"_blank\" rel=\"noopener\">Val-de-Marne\u2009: les pompiers volent au secours d\u2019un enfant de 13\u00a0ans pris dans un immeuble en feu<\/a><br \/>Un feu s\u2019est d\u00e9clar\u00e9 vers 18h dans un b\u00e2timent situ\u00e9 266 rue de Paris \u00e0 Villeneuve-Saint-Georges (Val-de-Marne). Le sinistre s\u2019est d\u00e9clar\u00e9 dans un magasin de scooters et mena\u00e7ait de se propager au restaurant mitoyen et aux habitations situ\u00e9es au-dessus. Un enfant de 13\u00a0ans a \u00e9t\u00e9 secouru par les pompiers.<\/p>\n<p class=\" wall-content\"><a href=\"https:\/\/actu.fr\/ile-de-france\/paris_75056\/ratp-un-conducteur-de-la-ligne-6-du-metro-poignarde-a-trois-reprises-place-de-la-nation-a-paris_63573476.html\" target=\"_blank\" rel=\"noopener\">Paris\u2009: un conducteur de la ligne 6 du m\u00e9tro poignard\u00e9 \u00e0 trois reprises place de la Nation<\/a><br \/>Samedi 13 d\u00e9cembre, vers 2h20, alors qu\u2019ils se trouvaient sur la place de la Nation \u00e0 Paris, trois conducteurs de la ligne 6 du m\u00e9tro qui avaient termin\u00e9 leur service se sont retrouv\u00e9s face \u00e0 un individu agressif. Ce dernier, arm\u00e9 d\u2019un couteau, a agress\u00e9 violemment l\u2019un d\u2019entre eux, qui a re\u00e7u au total trois coups de couteau.<\/p>\n<p class=\" wall-content\">Personnalisez votre actualit\u00e9 en ajoutant vos villes et m\u00e9dias en favori avec <a href=\"https:\/\/moncompte.actu.fr\" title=\"D\u00e9couvez Mon Actu\" rel=\"nofollow noopener\" data-trk=\"{&quot;cta&quot;:{&quot;action&quot;:&quot;https:\\\/\\\/moncompte.actu.fr&quot;,&quot;category&quot;:&quot;mon compte&quot;,&quot;from&quot;:&quot;article footer&quot;,&quot;name&quot;:&quot;Mon actu&quot;,&quot;type&quot;:&quot;cta&quot;}}\" target=\"_blank\">Mon Actu<\/a>.<\/p>\n","protected":false},"excerpt":{"rendered":"Par R\u00e9daction Paris Publi\u00e9 le 14 d\u00e9c. 2025 \u00e0 17h58 Lancement du C\u00e2ble C1, le premier t\u00e9l\u00e9ph\u00e9rique d\u2019\u00cele-de-France,&hellip;\n","protected":false},"author":2,"featured_media":597192,"comment_status":"","ping_status":"","sticky":false,"template":"","format":"standard","meta":{"footnotes":""},"categories":[1592],"tags":[1111,11,1777,674,1011,27,662,3434,12,626,1072,25,104,2803],"class_list":{"0":"post-599123","1":"post","2":"type-post","3":"status-publish","4":"format-standard","5":"has-post-thumbnail","7":"category-ile-de-france","8":"tag-actu","9":"tag-actualites","10":"tag-eu","11":"tag-europe","12":"tag-fr","13":"tag-france","14":"tag-ile-de-france","15":"tag-municipales-2026","16":"tag-news","17":"tag-paris","18":"tag-police","19":"tag-republique-francaise","20":"tag-societe","21":"tag-transport"},"share_on_mastodon":{"url":"https:\/\/pubeurope.com\/@fr\/115719143675968664","error":""},"_links":{"self":[{"href":"https:\/\/www.europesays.com\/fr\/wp-json\/wp\/v2\/posts\/599123","targetHints":{"allow":["GET"]}}],"collection":[{"href":"https:\/\/www.europesays.com\/fr\/wp-json\/wp\/v2\/posts"}],"about":[{"href":"https:\/\/www.europesays.com\/fr\/wp-json\/wp\/v2\/types\/post"}],"author":[{"embeddable":true,"href":"https:\/\/www.europesays.com\/fr\/wp-json\/wp\/v2\/users\/2"}],"replies":[{"embeddable":true,"href":"https:\/\/www.europesays.com\/fr\/wp-json\/wp\/v2\/comments?post=599123"}],"version-history":[{"count":0,"href":"https:\/\/www.europesays.com\/fr\/wp-json\/wp\/v2\/posts\/599123\/revisions"}],"wp:featuredmedia":[{"embeddable":true,"href":"https:\/\/www.europesays.com\/fr\/wp-json\/wp\/v2\/media\/597192"}],"wp:attachment":[{"href":"https:\/\/www.europesays.com\/fr\/wp-json\/wp\/v2\/media?parent=599123"}],"wp:term":[{"taxonomy":"category","embeddable":true,"href":"https:\/\/www.europesays.com\/fr\/wp-json\/wp\/v2\/categories?post=599123"},{"taxonomy":"post_tag","embeddable":true,"href":"https:\/\/www.europesays.com\/fr\/wp-json\/wp\/v2\/tags?post=599123"}],"curies":[{"name":"wp","href":"https:\/\/api.w.org\/{rel}","templated":true}]}}