{"id":599130,"date":"2025-12-14T17:42:23","date_gmt":"2025-12-14T17:42:23","guid":{"rendered":"https:\/\/www.europesays.com\/fr\/599130\/"},"modified":"2025-12-14T17:42:23","modified_gmt":"2025-12-14T17:42:23","slug":"si-chaque-parti-politique-renommait-les-rues-de-paris-a-sa-guise","status":"publish","type":"post","link":"https:\/\/www.europesays.com\/fr\/599130\/","title":{"rendered":"\u00ab\u00a0Si chaque parti politique renommait les rues de Paris \u00e0 sa guise\u00a0\u00bb"},"content":{"rendered":"<p>                                                                                                                                                                                                                                                            <a href=\"https:\/\/www.lefigaro.fr\/vox\/politique\/clients-salarie-fournisseur-les-entreprises-doivent-prendre-conscience-que-tous-sont-acquis-a-la-droite-20251210\" class=\"fig-ranking-profile-link\" data-fig-domain=\"LEFIGARO\" target=\"_blank\" rel=\"noopener\"><\/p>\n<p>        \u00abClients, salari\u00e9, fournisseur\u00a0: les entreprises doivent prendre conscience que tous sont acquis \u00e0 la droite\u00bb<\/p>\n<p>                                                <\/a><\/p>\n<p>        <img   class=\"fig-img fig-ranking-profile-media-small-picture__photo\" alt=\"\u00abClients, salari\u00e9, fournisseur\u00a0: les entreprises doivent prendre conscience que tous sont acquis \u00e0 la droite\u00bb\" height=\"1125\" width=\"2000\"\/><\/p>\n<p class=\"fig-ranking-profile-standfirst\">\n    <strong>FIGAROVOX\/TRIBUNE &#8211;<\/strong> R\u00e9cemment, Leroy Merlin a retir\u00e9 ses publicit\u00e9s d\u2019un m\u00e9dia sous la pression d\u2019un collectif militant d\u2019extr\u00eame gauche. Pour Stanislas Rigault, fondateur d\u2019une agence de communication, cette pol\u00e9mique a mis au jour une scission entre les entreprises et les attentes des Fran\u00e7ais.\n<\/p>\n<p>                                                                                                                                                                                                                                                            <a href=\"https:\/\/www.lefigaro.fr\/vox\/politique\/laurence-de-charette-jean-luc-melenchon-la-bouffonnerie-pour-derobade-20251211\" class=\"fig-ranking-profile-link\" aria-label=\"Laurence de\u00a0Charette\u00a0: \u00ab\u00a0Jean-Luc M\u00e9lenchon, la bouffonnerie pour d\u00e9robade\u00a0\u00bb (article Premium)\" title=\"Laurence de\u00a0Charette\u00a0: \u00ab\u00a0Jean-Luc M\u00e9lenchon, la bouffonnerie pour d\u00e9robade\u00a0\u00bb (article Premium)\" data-fig-domain=\"LEFIGARO\" target=\"_blank\" rel=\"noopener\"><\/p>\n<p>        Laurence de\u00a0Charette\u00a0: \u00ab\u00a0Jean-Luc M\u00e9lenchon, la bouffonnerie pour d\u00e9robade\u00a0\u00bb<\/p>\n<p>                                                <\/a><\/p>\n<p>        <img   class=\"fig-img fig-ranking-profile-media-small-picture__photo\" alt=\"Laurence de\u00a0Charette\u00a0: \u00ab\u00a0Jean-Luc M\u00e9lenchon, la bouffonnerie pour d\u00e9robade\u00a0\u00bb\" height=\"1125\" width=\"2000\"\/><\/p>\n<p class=\"fig-ranking-profile-standfirst\">\n    <strong>LE BLOC-NOTES &#8211;<\/strong> Le tribun Insoumis a \u00e9t\u00e9 auditionn\u00e9 dans le cadre de la commission d\u2019enqu\u00eate parlementaire sur les liens entre les partis et l\u2019islamisme. Son op\u00e9ration d\u2019esbroufe sur la forme est en r\u00e9alit\u00e9 une esquive sur le fond, une d\u00e9robade \u2013 c\u2019est-\u00e0-dire une forme d\u2019aveu.\n<\/p>\n<p>                                                                                                                                                                                                                                                            <a href=\"https:\/\/www.lefigaro.fr\/vox\/politique\/prolongation-des-salles-de-shoot-la-republique-ne-peut-plus-tolerer-ca-20251211\" class=\"fig-ranking-profile-link\" data-fig-domain=\"LEFIGARO\" target=\"_blank\" rel=\"noopener\"><\/p>\n<p>        Prolongation des salles de shoot\u00a0: \u00abLa R\u00e9publique ne peut plus tol\u00e9rer \u00e7a\u00bb<\/p>\n<p>                                                <\/a><\/p>\n<p>        <img   class=\"fig-img fig-ranking-profile-media-small-picture__photo\" alt=\"Prolongation des salles de shoot\u00a0: \u00abLa R\u00e9publique ne peut plus tol\u00e9rer \u00e7a\u00bb\" height=\"2000\" width=\"3000\"\/><\/p>\n<p class=\"fig-ranking-profile-standfirst\">\n    <strong>FIGAROVOX\/TRIBUNE &#8211;<\/strong> Alors que la loi de financement de la s\u00e9curit\u00e9 sociale adopt\u00e9e par l\u2019Assembl\u00e9e nationale prolonge les \u00absalles de shoot\u00bb dans certaines villes, plusieurs m\u00e9decins et politiques, dont l\u2019ancienne ministre No\u00eblle Lenoir, alertent sur les dommages d\u2019une telle politique de sant\u00e9 publique.<\/p>\n","protected":false},"excerpt":{"rendered":"\u00abClients, salari\u00e9, fournisseur\u00a0: les entreprises doivent prendre conscience que tous sont acquis \u00e0 la droite\u00bb FIGAROVOX\/TRIBUNE &#8211; R\u00e9cemment,&hellip;\n","protected":false},"author":2,"featured_media":599131,"comment_status":"","ping_status":"","sticky":false,"template":"","format":"standard","meta":{"footnotes":""},"categories":[1888],"tags":[11,1777,674,1011,27,2338,6319,12,626,3541,25],"class_list":{"0":"post-599130","1":"post","2":"type-post","3":"status-publish","4":"format-standard","5":"has-post-thumbnail","7":"category-paris","8":"tag-actualites","9":"tag-eu","10":"tag-europe","11":"tag-fr","12":"tag-france","13":"tag-la-france-insoumise","14":"tag-les-republicains","15":"tag-news","16":"tag-paris","17":"tag-parti-socialiste","18":"tag-republique-francaise"},"share_on_mastodon":{"url":"https:\/\/pubeurope.com\/@fr\/115719159478371267","error":""},"_links":{"self":[{"href":"https:\/\/www.europesays.com\/fr\/wp-json\/wp\/v2\/posts\/599130","targetHints":{"allow":["GET"]}}],"collection":[{"href":"https:\/\/www.europesays.com\/fr\/wp-json\/wp\/v2\/posts"}],"about":[{"href":"https:\/\/www.europesays.com\/fr\/wp-json\/wp\/v2\/types\/post"}],"author":[{"embeddable":true,"href":"https:\/\/www.europesays.com\/fr\/wp-json\/wp\/v2\/users\/2"}],"replies":[{"embeddable":true,"href":"https:\/\/www.europesays.com\/fr\/wp-json\/wp\/v2\/comments?post=599130"}],"version-history":[{"count":0,"href":"https:\/\/www.europesays.com\/fr\/wp-json\/wp\/v2\/posts\/599130\/revisions"}],"wp:featuredmedia":[{"embeddable":true,"href":"https:\/\/www.europesays.com\/fr\/wp-json\/wp\/v2\/media\/599131"}],"wp:attachment":[{"href":"https:\/\/www.europesays.com\/fr\/wp-json\/wp\/v2\/media?parent=599130"}],"wp:term":[{"taxonomy":"category","embeddable":true,"href":"https:\/\/www.europesays.com\/fr\/wp-json\/wp\/v2\/categories?post=599130"},{"taxonomy":"post_tag","embeddable":true,"href":"https:\/\/www.europesays.com\/fr\/wp-json\/wp\/v2\/tags?post=599130"}],"curies":[{"name":"wp","href":"https:\/\/api.w.org\/{rel}","templated":true}]}}