{"id":599132,"date":"2025-12-14T17:43:36","date_gmt":"2025-12-14T17:43:36","guid":{"rendered":"https:\/\/www.europesays.com\/fr\/599132\/"},"modified":"2025-12-14T17:43:36","modified_gmt":"2025-12-14T17:43:36","slug":"le-ministre-iranien-des-affaires-etrangeres-se-rendra-au-belarus-lundi-et-en-russie-mardi","status":"publish","type":"post","link":"https:\/\/www.europesays.com\/fr\/599132\/","title":{"rendered":"Le ministre iranien des Affaires \u00e9trang\u00e8res se rendra au B\u00e9larus lundi et en Russie mardi\u00a0"},"content":{"rendered":"<p>        <a href=\"https:\/\/www.taghribnews.com\/fr\/news\/702212\/le-ministre-iranien-des-affaires-\u00e9trang\u00e8res-se-rendra-au-b\u00e9larus-lundi-et-en-russie-mardi\" target=\"_blank\" rel=\"noopener\"><img decoding=\"async\" src=\"https:\/\/www.europesays.com\/fr\/wp-content\/uploads\/2025\/12\/n00702212-b.jpg\" alt=\"Le ministre iranien des Affaires \u00e9trang\u00e8res se rendra au B\u00e9larus lundi et en Russie mardi\u00a0\" title=\"Le ministre iranien des Affaires \u00e9trang\u00e8res se rendra au B\u00e9larus lundi et en Russie mardi\u00a0\" class=\"img-responsive\"\/><\/a><\/p>\n<p>            Dans un communiqu\u00e9 publi\u00e9 dimanche, le ministre iranien des Affaires \u00e9trang\u00e8res a annonc\u00e9 que le ministre Araghchi se rendrait au B\u00e9larus demain, puis en Russie mardi et mercredi.<\/p>\n<p>\u00ab\u00a0Les ministres des Affaires \u00e9trang\u00e8res iranien et russe se rencontreront mercredi\u00a0\u00bb, a indiqu\u00e9 M. Baghaei.<\/p>\n<p>\u00ab\u00a0Les questions bilat\u00e9rales, r\u00e9gionales et internationales, y compris la question nucl\u00e9aire, seront \u00e0 l\u2019ordre du jour des discussions entre les ministres des Affaires \u00e9trang\u00e8res des deux pays\u00a0\u00bb, a ajout\u00e9 le porte-parole iranien.<\/p>\n<p>&#13;<\/p>\n<p>   https:\/\/taghribnews.com\/vdcizrayrt1aur2.sbct.html<\/p>\n<p> taghribnews.com\/vdcizrayrt1aur2.sbct.html<\/p>\n","protected":false},"excerpt":{"rendered":"Dans un communiqu\u00e9 publi\u00e9 dimanche, le ministre iranien des Affaires \u00e9trang\u00e8res a annonc\u00e9 que le ministre Araghchi se&hellip;\n","protected":false},"author":2,"featured_media":599133,"comment_status":"","ping_status":"","sticky":false,"template":"","format":"standard","meta":{"footnotes":""},"categories":[1591],"tags":[930,13041,71158,11,3694,57403,71159,3031,3917,71157,42856,1805,8293,154,6664,3029,3026,71156,12219,29131,1887,22866,9865,9778,6774,17953,3784,12,866,5396,746,33866,71160,2035,1885,1886,132,16283,62671],"class_list":{"0":"post-599132","1":"post","2":"type-post","3":"status-publish","4":"format-standard","5":"has-post-thumbnail","7":"category-russie","8":"tag-le","9":"tag-a","10":"tag-abbas","11":"tag-actualites","12":"tag-affaires","13":"tag-apt","14":"tag-araghchi","15":"tag-au","16":"tag-avant","17":"tag-baghaei","18":"tag-belarus","19":"tag-de","20":"tag-declare","21":"tag-des","22":"tag-dimanche","23":"tag-du","24":"tag-en","25":"tag-esmaeil","26":"tag-et","27":"tag-etrangeres","28":"tag-federation-de-russie","29":"tag-iranien","30":"tag-lundi","31":"tag-mardi","32":"tag-mercredi","33":"tag-ministere","34":"tag-ministre","35":"tag-news","36":"tag-parole","37":"tag-porte","38":"tag-que","39":"tag-rendra","40":"tag-rendrait","41":"tag-rendre","42":"tag-russia","43":"tag-russian-federation","44":"tag-russie","45":"tag-se","46":"tag-taghrib"},"share_on_mastodon":{"url":"https:\/\/pubeurope.com\/@fr\/115719164685791299","error":""},"_links":{"self":[{"href":"https:\/\/www.europesays.com\/fr\/wp-json\/wp\/v2\/posts\/599132","targetHints":{"allow":["GET"]}}],"collection":[{"href":"https:\/\/www.europesays.com\/fr\/wp-json\/wp\/v2\/posts"}],"about":[{"href":"https:\/\/www.europesays.com\/fr\/wp-json\/wp\/v2\/types\/post"}],"author":[{"embeddable":true,"href":"https:\/\/www.europesays.com\/fr\/wp-json\/wp\/v2\/users\/2"}],"replies":[{"embeddable":true,"href":"https:\/\/www.europesays.com\/fr\/wp-json\/wp\/v2\/comments?post=599132"}],"version-history":[{"count":0,"href":"https:\/\/www.europesays.com\/fr\/wp-json\/wp\/v2\/posts\/599132\/revisions"}],"wp:featuredmedia":[{"embeddable":true,"href":"https:\/\/www.europesays.com\/fr\/wp-json\/wp\/v2\/media\/599133"}],"wp:attachment":[{"href":"https:\/\/www.europesays.com\/fr\/wp-json\/wp\/v2\/media?parent=599132"}],"wp:term":[{"taxonomy":"category","embeddable":true,"href":"https:\/\/www.europesays.com\/fr\/wp-json\/wp\/v2\/categories?post=599132"},{"taxonomy":"post_tag","embeddable":true,"href":"https:\/\/www.europesays.com\/fr\/wp-json\/wp\/v2\/tags?post=599132"}],"curies":[{"name":"wp","href":"https:\/\/api.w.org\/{rel}","templated":true}]}}