{"id":599134,"date":"2025-12-14T17:44:20","date_gmt":"2025-12-14T17:44:20","guid":{"rendered":"https:\/\/www.europesays.com\/fr\/599134\/"},"modified":"2025-12-14T17:44:20","modified_gmt":"2025-12-14T17:44:20","slug":"guerre-en-ukraine-americains-europeens-ukrainiens-un-sommet-decisif-a-berlin-pour-les-negociations-de-paix","status":"publish","type":"post","link":"https:\/\/www.europesays.com\/fr\/599134\/","title":{"rendered":"Guerre en Ukraine\u00a0: Am\u00e9ricains, Europ\u00e9ens, Ukrainiens\u2026 Un sommet d\u00e9cisif \u00e0 Berlin pour les n\u00e9gociations de paix"},"content":{"rendered":"<p>\n                                                                Les n\u00e9gociations sur un plan de paix en Ukraine s\u2019intensifient \u00e0 Berlin. Des d\u00e9l\u00e9gations am\u00e9ricaine et ukrainienne, soutenues par l\u2019Europe, discutent d\u2019un cessez-le-feu. Kyiv subit la pression de Washington pour accepter des concessions territoriales.\n                            <\/p>\n<p>Le chancelier allemand Friedrich Merz a accueilli des d\u00e9l\u00e9gations am\u00e9ricaine et ukrainienne \u00e0 Berlin en vue de n\u00e9gociations sur un plan de paix en Ukraine soutenu par les \u00c9tats-Unis, a d\u00e9clar\u00e9 ce dimanche \u00e0 Reuters une source gouvernementale allemande. Le pr\u00e9sident ukrainien Volodymyr Zelensky et le principal n\u00e9gociateur de Kyiv Roustem Oumerov, ainsi que l\u2019\u00e9missaire Steve Witkoff et Jared Kushner, le gendre du pr\u00e9sident am\u00e9ricain Donald Trump, sont tous arriv\u00e9s \u00e0 Berlin, a pr\u00e9cis\u00e9 la source.<\/p>\n<p>Un responsable allemand avait d\u00e9clar\u00e9 samedi que Berlin accueillerait dans le courant du week-end des d\u00e9l\u00e9gations am\u00e9ricaine et ukrainienne pour des discussions sur un cessez-le-feu en Ukraine, avant un sommet avec les dirigeants europ\u00e9ens et Volodymyr Zelensky pr\u00e9vu \u00e0 Berlin lundi.<\/p>\n<p>Washington met la pression<\/p>\n<p>Le pr\u00e9sident fran\u00e7ais Emmanuel Macron a d\u00e9clar\u00e9 dimanche, en fin d\u2019apr\u00e8s-midi, qu\u2019il venait de s\u2019entretenir avec le pr\u00e9sident ukrainien. \u00ab\u00a0Am\u00e9ricains, Europ\u00e9ens et Ukrainiens ne demandons que la paix. Alors que la Russie poursuit sa guerre d\u2019agression, l\u2019Ukraine tient bon\u00a0\u00bb, a-t-il \u00e9crit dans un message publi\u00e9 sur X. \u00ab\u00a0La France est et continuera d\u2019\u00eatre aux c\u00f4t\u00e9s de l\u2019Ukraine pour b\u00e2tir une paix robuste et durable capable de garantir la s\u00e9curit\u00e9 et la souverainet\u00e9 de l\u2019Ukraine et de l\u2019Europe sur le long terme\u00a0\u00bb, a ajout\u00e9 Emmanuel Macron, remerciant \u00ab\u00a0tous les n\u00e9gociateurs, ukrainiens, europ\u00e9ens et am\u00e9ricains, mobilis\u00e9s pour cet objectif\u00a0\u00bb.<\/p>\n<p>Le sommet pr\u00e9vu \u00e0 Berlin constitue la derni\u00e8re manifestation publique en date de soutien \u00e0 Volodymyr Zelensky de la part de ses alli\u00e9s europ\u00e9ens, alors que Kyiv subit la pression de Washington pour signer un plan de paix qui soutenait initialement les principales demandes de Moscou. La Grande-Bretagne, la France et l\u2019Allemagne ont travaill\u00e9 ces derni\u00e8res semaines pour affiner les propositions am\u00e9ricaines qui, dans un projet divulgu\u00e9 le mois dernier, demandaient \u00e0 Kyiv de c\u00e9der davantage de territoires, de renoncer \u00e0 son ambition d\u2019adh\u00e9rer \u00e0 l\u2019Otan et d\u2019accepter de limiter ses forces arm\u00e9es.<\/p>\n","protected":false},"excerpt":{"rendered":"Les n\u00e9gociations sur un plan de paix en Ukraine s\u2019intensifient \u00e0 Berlin. Des d\u00e9l\u00e9gations am\u00e9ricaine et ukrainienne, soutenues&hellip;\n","protected":false},"author":2,"featured_media":599135,"comment_status":"","ping_status":"","sticky":false,"template":"","format":"standard","meta":{"footnotes":""},"categories":[1590],"tags":[1111,11,1777,674,131,14,12,220],"class_list":{"0":"post-599134","1":"post","2":"type-post","3":"status-publish","4":"format-standard","5":"has-post-thumbnail","7":"category-ukraine","8":"tag-actu","9":"tag-actualites","10":"tag-eu","11":"tag-europe","12":"tag-guerre-en-ukraine","13":"tag-international","14":"tag-news","15":"tag-ukraine"},"share_on_mastodon":{"url":"https:\/\/pubeurope.com\/@fr\/115719167401178157","error":""},"_links":{"self":[{"href":"https:\/\/www.europesays.com\/fr\/wp-json\/wp\/v2\/posts\/599134","targetHints":{"allow":["GET"]}}],"collection":[{"href":"https:\/\/www.europesays.com\/fr\/wp-json\/wp\/v2\/posts"}],"about":[{"href":"https:\/\/www.europesays.com\/fr\/wp-json\/wp\/v2\/types\/post"}],"author":[{"embeddable":true,"href":"https:\/\/www.europesays.com\/fr\/wp-json\/wp\/v2\/users\/2"}],"replies":[{"embeddable":true,"href":"https:\/\/www.europesays.com\/fr\/wp-json\/wp\/v2\/comments?post=599134"}],"version-history":[{"count":0,"href":"https:\/\/www.europesays.com\/fr\/wp-json\/wp\/v2\/posts\/599134\/revisions"}],"wp:featuredmedia":[{"embeddable":true,"href":"https:\/\/www.europesays.com\/fr\/wp-json\/wp\/v2\/media\/599135"}],"wp:attachment":[{"href":"https:\/\/www.europesays.com\/fr\/wp-json\/wp\/v2\/media?parent=599134"}],"wp:term":[{"taxonomy":"category","embeddable":true,"href":"https:\/\/www.europesays.com\/fr\/wp-json\/wp\/v2\/categories?post=599134"},{"taxonomy":"post_tag","embeddable":true,"href":"https:\/\/www.europesays.com\/fr\/wp-json\/wp\/v2\/tags?post=599134"}],"curies":[{"name":"wp","href":"https:\/\/api.w.org\/{rel}","templated":true}]}}