{"id":599138,"date":"2025-12-14T17:47:26","date_gmt":"2025-12-14T17:47:26","guid":{"rendered":"https:\/\/www.europesays.com\/fr\/599138\/"},"modified":"2025-12-14T17:47:26","modified_gmt":"2025-12-14T17:47:26","slug":"royaume-uni-a-londres-un-defile-canin-vole-la-vedette-au-pere-noel","status":"publish","type":"post","link":"https:\/\/www.europesays.com\/fr\/599138\/","title":{"rendered":"Royaume-Uni. A Londres, un d\u00e9fil\u00e9 canin vole la vedette au p\u00e8re No\u00ebl"},"content":{"rendered":"<p class=\"paragraph-1-base\">La r\u00e8gle est simple: les teckels doivent \u00eatre par\u00e9s de leurs plus beaux habits de lumi\u00e8re (pulls douillets, bonnets de p\u00e8re No\u00ebl, guirlandes &#8230;) pour d\u00e9filer.<\/p>\n<p class=\"paragraph-1-base\">La premi\u00e8re \u00e9dition de cette atypique parade avait \u00e9t\u00e9 lanc\u00e9e il y a huit ans par Ana Rodriguez afin d&rsquo;aider son teckel Winston \u00e0 mieux socialiser. Le succ\u00e8s a \u00e9t\u00e9 imm\u00e9diat.<\/p>\n<p class=\"paragraph-1-base\">Aujourd&rsquo;hui, c&rsquo;est l&rsquo;occasion pour les teckels de la capitale de se rencontrer, de jouer et de participer \u00e0 un concours du chien le mieux habill\u00e9 pendant que leurs propri\u00e9taires dont connaissance.<\/p>\n<p class=\"paragraph-1-base\">Les vid\u00e9os de cette parade, post\u00e9es sur les r\u00e9seaux sociaux, font un carton. Sur les r\u00e9seaux sociaux ou en IRL, tous racontent leur amour des teckels.<\/p>\n<p class=\"paragraph-1-base\">\u00ab\u00a0Ils sont espi\u00e8gles et t\u00eatus, tr\u00e8s affectueux, tr\u00e8s dr\u00f4les et pleins de caract\u00e8re\u00a0\u00bb, a assur\u00e9 \u00e0 l&rsquo;AFP Nicky Bailey, propri\u00e9taire de trois teckels : Una et ses deux chiots de 19 semaines, Ember et Finnegan. Les trois \u00e9taient v\u00eatus d&rsquo;un manteau rouge.<\/p>\n<p class=\"paragraph-1-base\">Pour Jon Rummins, 43 ans, qui a amen\u00e9 son chien Bear habill\u00e9 d&rsquo;un manteau sur le th\u00e8me de No\u00ebl, les teckels sont tout simplement des \u00ab\u00a0guerriers\u00a0\u00bb, n&rsquo;en d\u00e9plaise leur petite taille.<\/p>\n<p class=\"paragraph-1-base\">Il a expliqu\u00e9 que leurs mani\u00e8res amusantes et leur caract\u00e8re allaient de pair avec \u00ab\u00a0le syndrome de Napol\u00e9on\u00a0\u00bb, \u00e0 savoir qu&rsquo;ils se \u00ab\u00a0pensent grands et forts alors qu&rsquo;ils ne le sont pas du tout\u00a0\u00bb.<\/p>\n<p class=\"paragraph-1-base\">Grace McCarthy, 19 ans, est d&rsquo;accord avec Jon Rummins. Son chien qu&rsquo;elle a baptis\u00e9 Sausage est particuli\u00e8rement \u00ab\u00a0bruyant\u00a0\u00bb, a-t-elle racont\u00e9 \u00e0 l&rsquo;AFP.<\/p>\n<p class=\"paragraph-1-base\">La jeune femme avait \u00e9galement amen\u00e9 son cockapoo mais a reconnu qu&rsquo;il \u00ab\u00a0ne semblait pas vraiment appr\u00e9cier\u00a0\u00bb l&rsquo;\u00e9v\u00e9nement, contrairement \u00e0 Sausage.<\/p>\n<p class=\"paragraph-1-base after:text-primary after:heading-2-xl after:relative after:top-[2px] after:pl-1 after:!leading-[18px] after:text-primary-300 after:content-[&quot;\u00bb&quot;] dark:after:text-primary-300\">\u00ab\u00a0Il adore socialiser et \u00eatre avec d&rsquo;autres chiens\u00a0\u00bb, a-t-elle assur\u00e9 tandis qu&rsquo;il tirait joyeusement sur la laisse.<\/p>\n","protected":false},"excerpt":{"rendered":"La r\u00e8gle est simple: les teckels doivent \u00eatre par\u00e9s de leurs plus beaux habits de lumi\u00e8re (pulls douillets,&hellip;\n","protected":false},"author":2,"featured_media":599139,"comment_status":"","ping_status":"","sticky":false,"template":"","format":"standard","meta":{"footnotes":""},"categories":[1588],"tags":[11,903,1777,674,4534,12,15830,20721,473,1853,1851,1850,1852],"class_list":{"0":"post-599138","1":"post","2":"type-post","3":"status-publish","4":"format-standard","5":"has-post-thumbnail","7":"category-royaume-uni","8":"tag-actualites","9":"tag-concours","10":"tag-eu","11":"tag-europe","12":"tag-londres","13":"tag-news","14":"tag-noel","15":"tag-proprietaires","16":"tag-royaume-uni","17":"tag-royaume-uni-de-grande-bretagne-et-dirlande-du-nord","18":"tag-uk","19":"tag-united-kingdom","20":"tag-united-kingdom-of-great-britain-and-northern-ireland"},"share_on_mastodon":{"url":"https:\/\/pubeurope.com\/@fr\/115719179107509136","error":""},"_links":{"self":[{"href":"https:\/\/www.europesays.com\/fr\/wp-json\/wp\/v2\/posts\/599138","targetHints":{"allow":["GET"]}}],"collection":[{"href":"https:\/\/www.europesays.com\/fr\/wp-json\/wp\/v2\/posts"}],"about":[{"href":"https:\/\/www.europesays.com\/fr\/wp-json\/wp\/v2\/types\/post"}],"author":[{"embeddable":true,"href":"https:\/\/www.europesays.com\/fr\/wp-json\/wp\/v2\/users\/2"}],"replies":[{"embeddable":true,"href":"https:\/\/www.europesays.com\/fr\/wp-json\/wp\/v2\/comments?post=599138"}],"version-history":[{"count":0,"href":"https:\/\/www.europesays.com\/fr\/wp-json\/wp\/v2\/posts\/599138\/revisions"}],"wp:featuredmedia":[{"embeddable":true,"href":"https:\/\/www.europesays.com\/fr\/wp-json\/wp\/v2\/media\/599139"}],"wp:attachment":[{"href":"https:\/\/www.europesays.com\/fr\/wp-json\/wp\/v2\/media?parent=599138"}],"wp:term":[{"taxonomy":"category","embeddable":true,"href":"https:\/\/www.europesays.com\/fr\/wp-json\/wp\/v2\/categories?post=599138"},{"taxonomy":"post_tag","embeddable":true,"href":"https:\/\/www.europesays.com\/fr\/wp-json\/wp\/v2\/tags?post=599138"}],"curies":[{"name":"wp","href":"https:\/\/api.w.org\/{rel}","templated":true}]}}