{"id":599140,"date":"2025-12-14T17:48:20","date_gmt":"2025-12-14T17:48:20","guid":{"rendered":"https:\/\/www.europesays.com\/fr\/599140\/"},"modified":"2025-12-14T17:48:20","modified_gmt":"2025-12-14T17:48:20","slug":"bensebaini-retrouve-laxe-et-marque-video","status":"publish","type":"post","link":"https:\/\/www.europesays.com\/fr\/599140\/","title":{"rendered":"Bensebaini retrouve l&rsquo;axe et marque (vid\u00e9o)"},"content":{"rendered":"<p><strong\/><\/p>\n<p><strong>Apr\u00e8s avoir rejou\u00e9 comme titulaire au poste de lat\u00e9ral<br \/>\ngauche en LdC, Ramy Bensebaini a rejou\u00e9 dans l&rsquo;axe de la d\u00e9fense et<br \/>\nmarqu\u00e9 un but avec Dortmund en Bundesliga aujourd&rsquo;hui.<\/strong><\/p>\n<p>En l&rsquo;<strong>absence d&rsquo;Anton et Andeslino bless\u00e9s<\/strong>,<br \/>\nl&rsquo;international Alg\u00e9rien a <strong>retrouv\u00e9 sa position de stoppeur<br \/>\ngauche<\/strong> dans la d\u00e9fense \u00e0 trois, aux c\u00f4t\u00e9 de Schlotterbeck<br \/>\net Emre Can, pour un d\u00e9placement \u00e0 Fribourg.<\/p>\n<p>C\u00a0\u00bbest aussi <strong>Bensebaini qui a ouvert le score \u00e0 31e<br \/>\nminute. Sur un coup-franc de Yan Couto, il tente de reprendre de la<br \/>\nt\u00eate, puis termine le travail du pied droit. Il s&rsquo;agit de son<br \/>\ntroisi\u00e8me but de la saison et le premier dans le jeu.<\/strong><\/p>\n<blockquote class=\"twitter-tweet\"><p><a class=\"twitter-link\" rel=\"noindex, nofollow noopener\" href=\"https:\/\/twitter.com\/IcosiumFC\/status\/2000248940600647723\" target=\"_blank\"><\/p><\/blockquote>\n<p>Dortmund va ensuite subir les assauts adverses avec plusieurs<br \/>\narr\u00eats de Kobel avant de craquer sur une belle frappe de Holler \u00e0<br \/>\nla 75e. Score final 1-1.<\/p>\n<p style=\"text-align: right;\">DZfoot<\/p>\n<p><script async src=\"https:\/\/platform.twitter.com\/widgets.js\" charset=\"utf-8\"><\/script><\/p>\n","protected":false},"excerpt":{"rendered":"Apr\u00e8s avoir rejou\u00e9 comme titulaire au poste de lat\u00e9ral gauche en LdC, Ramy Bensebaini a rejou\u00e9 dans l&rsquo;axe&hellip;\n","protected":false},"author":2,"featured_media":599141,"comment_status":"","ping_status":"","sticky":false,"template":"","format":"standard","meta":{"footnotes":""},"categories":[1587],"tags":[11,672,1804,1805,1803,1777,674,1801,12,1802],"class_list":{"0":"post-599140","1":"post","2":"type-post","3":"status-publish","4":"format-standard","5":"has-post-thumbnail","7":"category-allemagne","8":"tag-actualites","9":"tag-allemagne","10":"tag-bundesrepublik-deutschland","11":"tag-de","12":"tag-deutschland","13":"tag-eu","14":"tag-europe","15":"tag-germany","16":"tag-news","17":"tag-republique-federale-dallemagne"},"share_on_mastodon":{"url":"https:\/\/pubeurope.com\/@fr\/115719183027648191","error":""},"_links":{"self":[{"href":"https:\/\/www.europesays.com\/fr\/wp-json\/wp\/v2\/posts\/599140","targetHints":{"allow":["GET"]}}],"collection":[{"href":"https:\/\/www.europesays.com\/fr\/wp-json\/wp\/v2\/posts"}],"about":[{"href":"https:\/\/www.europesays.com\/fr\/wp-json\/wp\/v2\/types\/post"}],"author":[{"embeddable":true,"href":"https:\/\/www.europesays.com\/fr\/wp-json\/wp\/v2\/users\/2"}],"replies":[{"embeddable":true,"href":"https:\/\/www.europesays.com\/fr\/wp-json\/wp\/v2\/comments?post=599140"}],"version-history":[{"count":0,"href":"https:\/\/www.europesays.com\/fr\/wp-json\/wp\/v2\/posts\/599140\/revisions"}],"wp:featuredmedia":[{"embeddable":true,"href":"https:\/\/www.europesays.com\/fr\/wp-json\/wp\/v2\/media\/599141"}],"wp:attachment":[{"href":"https:\/\/www.europesays.com\/fr\/wp-json\/wp\/v2\/media?parent=599140"}],"wp:term":[{"taxonomy":"category","embeddable":true,"href":"https:\/\/www.europesays.com\/fr\/wp-json\/wp\/v2\/categories?post=599140"},{"taxonomy":"post_tag","embeddable":true,"href":"https:\/\/www.europesays.com\/fr\/wp-json\/wp\/v2\/tags?post=599140"}],"curies":[{"name":"wp","href":"https:\/\/api.w.org\/{rel}","templated":true}]}}