{"id":599144,"date":"2025-12-14T17:50:19","date_gmt":"2025-12-14T17:50:19","guid":{"rendered":"https:\/\/www.europesays.com\/fr\/599144\/"},"modified":"2025-12-14T17:50:19","modified_gmt":"2025-12-14T17:50:19","slug":"les-fans-de-charmed-regrettent-toujours-ce-spin-off-qui-na-jamais-eu-lieu","status":"publish","type":"post","link":"https:\/\/www.europesays.com\/fr\/599144\/","title":{"rendered":"Les fans de Charmed regrettent toujours ce spin-off qui n&rsquo;a jamais eu lieu"},"content":{"rendered":"<p>Charmed s\u2019est termin\u00e9e il y a pr\u00e8s de vingt ans. Les fans de la s\u00e9rie fantastique regrettent toujours de ne pas avoir eu droit \u00e0 un spin-off, notamment autour d\u2019une histoire en particulier.<\/p>\n<p>Les fans s\u2019en remettront-ils un jour ? Voil\u00e0 bient\u00f4t vingt ans que <a href=\"https:\/\/www.programme-tv.net\/news\/series-tv\/336788-on-a-revu-le-premier-episode-de-charmed-et-cette-scene-entre-prue-et-phoebe-prend-tout-son-sens-aujourdhui\/\" data-api-deeplink=\"teleloisirs:\/\/news\/336788\" target=\"_blank\" rel=\"noopener\">Charmed <\/a>a tir\u00e9 sa r\u00e9v\u00e9rence. En 2006, apr\u00e8s huit saisons magistrales, les s\u0153urs Halliwell ont tir\u00e9 leur r\u00e9v\u00e9rence et la magie n\u2019a plus op\u00e9r\u00e9. La cha\u00eene am\u00e9ricaine The CW a bien tent\u00e9 de ressusciter l\u2019histoire en proposant un <a href=\"https:\/\/www.programme-tv.net\/news\/series-tv\/261890-reboot-de-charmed-syfy-quelles-sont-les-differences-entre-les-deux-series-photos\/\" data-api-deeplink=\"teleloisirs:\/\/news\/261890\" target=\"_blank\" rel=\"noopener\">reboot de la s\u00e9rie, en 2018<\/a>, mais malgr\u00e9 ses quatre saisons, elle n\u2019a jamais r\u00e9ussi \u00e0 conqu\u00e9rir le c\u0153ur des v\u00e9ritables fans de Charmed. Ils se consolent en regardant encore et encore la s\u00e9rie originale, disponible sur Prime Video. Et \u00e0 chaque visionnage, le regret de ne jamais avoir eu droit \u00e0 un spin-off de la s\u00e9rie leur revient en m\u00e9moire. Ce n\u2019est pas faute d\u2019avoir eu des id\u00e9es, pourtant. Lorsque Charmed \u00e9tait encore en production, les sc\u00e9naristes ont commenc\u00e9 \u00e0 travailler sur un spin-off dont le titre de travail \u00e9tait Mermaids (sir\u00e8nes, en anglais). Mais le projet a finalement \u00e9t\u00e9 annul\u00e9. D\u2019autres producteurs auraient voulu une s\u00e9rie d\u00e9riv\u00e9e sur le personnage de Billie, jou\u00e9 par <a href=\"https:\/\/www.programme-tv.net\/biographie\/1148-cuoco-kaley\/\" data-link-people=\"c58e48a8-d060-4262-87e6-eb12586af69c\" target=\"_blank\" rel=\"noopener\">Kaley Cuoco<\/a> dans la saison 8. Mais le public ne semblait pas emball\u00e9 par l\u2019id\u00e9e. Elle a donc \u00e9t\u00e9 abandonn\u00e9e \u00e0 son tour.<\/p>\n<p>                        Les fans de Charmed voulaient absolument un spin-off autour de cette intrigue<\/p>\n<p>S\u2019il y a une id\u00e9e de spin-off pour laquelle les fans de Charmed se sont battus bec et ongles, c\u2019est celle qui est apparue apr\u00e8s la saison 6 de la s\u00e9rie. \u00c0 ce stade, Piper avait deux fils : Wyatt et Chris. Le public y a vu une mine d\u2019or pour une \u00e9ventuelle s\u00e9rie d\u00e9riv\u00e9e. Ils avaient tout imagin\u00e9 : Wyatt, l\u2019a\u00een\u00e9, deviendrait l\u2019un des sorciers les plus puissants au monde tandis que Chris tenterait de combattre le mal et la jalousie qui l\u2019habiteraient. Les fans s\u2019\u00e9taient organis\u00e9s pour pousser les producteurs \u00e0 lancer cette s\u00e9rie. \u00ab\u00a0Cette s\u00e9rie aurait \u00e9t\u00e9 incroyable\u00a0\u00bb, pense toujours un internaute sur le forum Reddit<a href=\"https:\/\/www.reddit.com\/r\/charmed\/comments\/1phfpq6\/the_charmed_sons_never_materialized\/\" target=\"_blank\" rel=\"noopener\"> <\/a>d\u00e9di\u00e9 \u00e0 Charmed. Mais cela ne s\u2019est jamais fait\u2026 pour une bonne raison.<\/p>\n<p>\u00c0 l\u2019\u00e9poque, The CW produisait et diffusait d\u00e9j\u00e0 une s\u00e9rie avec deux fr\u00e8res aux pouvoirs paranormaux : <a href=\"https:\/\/www.programme-tv.net\/news\/series-tv\/341841-mes-chances-de-survie-etaient-nulles-cette-star-de-supernatural-a-survecu-a-6-crises-cardiaques\/\" data-api-deeplink=\"teleloisirs:\/\/news\/341841\" target=\"_blank\" rel=\"noopener\">Supernatural<\/a>. Les producteurs ont donc estim\u00e9 que la volont\u00e9 des fans n\u2019\u00e9tait pas une bonne id\u00e9e. Une d\u00e9cision que les fans n\u2019ont pas toujours comprise, en t\u00e9moigne l\u2019un d\u2019eux : \u00ab\u00a0Pendant plus d\u2019une d\u00e9cennie, j\u2019\u00e9tais si \u00e9nerv\u00e9e que j\u2019ai refus\u00e9 de regarder Supernatural par principe.\u00a0\u00bb<\/p>\n<p>Article \u00e9crit en collaboration avec 6Medias<\/p>\n","protected":false},"excerpt":{"rendered":"Charmed s\u2019est termin\u00e9e il y a pr\u00e8s de vingt ans. Les fans de la s\u00e9rie fantastique regrettent toujours&hellip;\n","protected":false},"author":2,"featured_media":599145,"comment_status":"","ping_status":"","sticky":false,"template":"","format":"standard","meta":{"footnotes":""},"categories":[1586],"tags":[11,4225,36814,244,1777,674,1779,1011,27,12,4224,25,5389,129,1778,364],"class_list":{"0":"post-599144","1":"post","2":"type-post","3":"status-publish","4":"format-standard","5":"has-post-thumbnail","7":"category-europe","8":"tag-actualites","9":"tag-amazon-prime-vidu00e9o","10":"tag-charmed","11":"tag-commentaire","12":"tag-eu","13":"tag-europe","14":"tag-european-union","15":"tag-fr","16":"tag-france","17":"tag-news","18":"tag-pub-streaming-prime-video","19":"tag-republique-francaise","20":"tag-su00e9rie","21":"tag-svod","22":"tag-ue","23":"tag-union-europeenne"},"share_on_mastodon":{"url":"https:\/\/pubeurope.com\/@fr\/115719190873427827","error":""},"_links":{"self":[{"href":"https:\/\/www.europesays.com\/fr\/wp-json\/wp\/v2\/posts\/599144","targetHints":{"allow":["GET"]}}],"collection":[{"href":"https:\/\/www.europesays.com\/fr\/wp-json\/wp\/v2\/posts"}],"about":[{"href":"https:\/\/www.europesays.com\/fr\/wp-json\/wp\/v2\/types\/post"}],"author":[{"embeddable":true,"href":"https:\/\/www.europesays.com\/fr\/wp-json\/wp\/v2\/users\/2"}],"replies":[{"embeddable":true,"href":"https:\/\/www.europesays.com\/fr\/wp-json\/wp\/v2\/comments?post=599144"}],"version-history":[{"count":0,"href":"https:\/\/www.europesays.com\/fr\/wp-json\/wp\/v2\/posts\/599144\/revisions"}],"wp:featuredmedia":[{"embeddable":true,"href":"https:\/\/www.europesays.com\/fr\/wp-json\/wp\/v2\/media\/599145"}],"wp:attachment":[{"href":"https:\/\/www.europesays.com\/fr\/wp-json\/wp\/v2\/media?parent=599144"}],"wp:term":[{"taxonomy":"category","embeddable":true,"href":"https:\/\/www.europesays.com\/fr\/wp-json\/wp\/v2\/categories?post=599144"},{"taxonomy":"post_tag","embeddable":true,"href":"https:\/\/www.europesays.com\/fr\/wp-json\/wp\/v2\/tags?post=599144"}],"curies":[{"name":"wp","href":"https:\/\/api.w.org\/{rel}","templated":true}]}}