{"id":599154,"date":"2025-12-14T17:56:15","date_gmt":"2025-12-14T17:56:15","guid":{"rendered":"https:\/\/www.europesays.com\/fr\/599154\/"},"modified":"2025-12-14T17:56:15","modified_gmt":"2025-12-14T17:56:15","slug":"tous-les-resultats-de-la-12e-journee-et-les-classements","status":"publish","type":"post","link":"https:\/\/www.europesays.com\/fr\/599154\/","title":{"rendered":"tous les r\u00e9sultats de la 12e journ\u00e9e, et les classements"},"content":{"rendered":"<p>                    Par<br \/>\n        <strong><br \/>\n            <a href=\"https:\/\/actu.fr\/auteur\/clement-mazella\" title=\"Consulter tous les articles de Cl\u00e9ment Mazella\" target=\"_blank\" rel=\"noopener\">Cl\u00e9ment Mazella<\/a><br \/>\n                    <\/strong><\/p>\n<p>        Publi\u00e9 le<\/p>\n<p>            14 d\u00e9c. 2025 \u00e0 17h16        <\/p>\n<p>Un dernier match, et place \u00e0 des vacances bien m\u00e9rit\u00e9es en <a href=\"https:\/\/actu.fr\/rugby\/amateurs\" target=\"_blank\" rel=\"noopener\">F\u00e9d\u00e9rale 1<\/a>. <a href=\"https:\/\/actu.fr\/rugby\/\" target=\"_blank\" rel=\"noopener\">Actu Rugby<\/a> vous invite \u00e0 retrouver <strong>tous les r\u00e9sultats<\/strong> de la <strong>12e journ\u00e9e<\/strong>, et <strong>les classements<\/strong>.<\/p>\n<p>F\u00e9d\u00e9rale 1 : les r\u00e9sultats de la 12e journ\u00e9e<\/p>\n<p class=\" wall-content\"><strong>Poule 1<\/strong><\/p>\n<ul class=\" wall-content\">\n<li>Issoire \u2013 Barbezieux\/Jonzac : 29-3<\/li>\n<li>Limoges \u2013 Bassin d\u2019Arcachon : 16-18<\/li>\n<li>Gujan-Mestras \u2013 Saint-M\u00e9dard-en-Jalles : 9-28<\/li>\n<li>Saint-Malo \u2013 Beauvais : 34-14<\/li>\n<li>Sarcelles \u2013 Floirac : 6-22<\/li>\n<li>Courbevoie \u2013 Tours : 31-28<\/li>\n<\/ul>\n<p class=\" wall-content\"><strong>Poule 2<\/strong><\/p>\n<ul class=\" wall-content\">\n<li>Gruissan \u2013 Saint-Jean-en-Royans : 25-14<\/li>\n<li>CO Berre XV \u2013 Chateaurenard : 16-16<\/li>\n<li>Annonay \u2013 XV du Coudon : 43-0<\/li>\n<li>Nuits-Saint-Georges \u2013 Annecy : 14-20<\/li>\n<li>Montm\u00e9lian \u2013 Vinay : 30-15<\/li>\n<li>B\u00e9darrides\/Ch\u00e2teauneuf-du-Pape \u2013 Agde : 27-23<\/li>\n<\/ul>\n<p class=\" wall-content\"><strong>Poule 3<\/strong><\/p>\n<ul class=\" wall-content\">\n<li>FCT TOEC TOAC \u2013 L\u2019Isle-Jourdain : 17-14<\/li>\n<li>Saint-Girons \u2013 Saverdun : 22-6<\/li>\n<li>Castelnaudary \u2013 Mazamet : 17-13<\/li>\n<li>Saint-Sulpice-sur-L\u00e8ze \u2013 Gaillac : 10-21<\/li>\n<li>Grenade \u2013 C\u00e9ret : 19-15<\/li>\n<li>Castelsarrasin \u2013 Blagnac : 10-32<\/li>\n<\/ul>\n<p class=\" wall-content\"><strong>Poule 4<\/strong><\/p>\n<ul class=\" wall-content\">\n<li>Tulle \u2013 Peyrehorade : 10-14<\/li>\n<li>Cahors \u2013 Bergerac : 25-22<\/li>\n<li>Soustons \u2013 4 Cantons : 20-20<\/li>\n<li>Bagn\u00e8res-de-Bigorre \u2013 Nafarroa : 34-17<\/li>\n<li>Layrac \u2013 Sarlat : 16-12<\/li>\n<li>Lourdes \u2013 Oloron : 16-13<\/li>\n<\/ul>\n<p>F\u00e9d\u00e9rale 1 : le classement<\/p>\n<p class=\" wall-content\">Retrouvez les classements des 4 poules de F\u00e9d\u00e9rale 1 \u00e0 l\u2019issue de la 12e journ\u00e9e <a href=\"https:\/\/actu.fr\/rugby\/classements-resultats\" target=\"_blank\" rel=\"noopener\">ici<\/a>.<\/p>\n<p class=\" wall-content\">La 13e journ\u00e9e de F\u00e9d\u00e9rale 1 se tiendra les 10 et 11 janvier 2026.<\/p>\n<p class=\" wall-content\">Personnalisez votre actualit\u00e9 en ajoutant vos villes et m\u00e9dias en favori avec <a href=\"https:\/\/moncompte.actu.fr\" title=\"D\u00e9couvez Mon Actu\" rel=\"nofollow noopener\" data-trk=\"{&quot;cta&quot;:{&quot;action&quot;:&quot;https:\\\/\\\/moncompte.actu.fr&quot;,&quot;category&quot;:&quot;mon compte&quot;,&quot;from&quot;:&quot;article footer&quot;,&quot;name&quot;:&quot;Mon actu&quot;,&quot;type&quot;:&quot;cta&quot;}}\" target=\"_blank\">Mon Actu<\/a>.<\/p>\n","protected":false},"excerpt":{"rendered":"Par Cl\u00e9ment Mazella Publi\u00e9 le 14 d\u00e9c. 2025 \u00e0 17h16 Un dernier match, et place \u00e0 des vacances&hellip;\n","protected":false},"author":2,"featured_media":599155,"comment_status":"","ping_status":"","sticky":false,"template":"","format":"standard","meta":{"footnotes":""},"categories":[1416],"tags":[4127,1011,27,479,4126,1468,60],"class_list":{"0":"post-599154","1":"post","2":"type-post","3":"status-publish","4":"format-standard","5":"has-post-thumbnail","7":"category-rugby","8":"tag-federale","9":"tag-fr","10":"tag-france","11":"tag-rugby","12":"tag-rugby-amateur","13":"tag-rugby-football","14":"tag-sports"},"share_on_mastodon":{"url":"https:\/\/pubeurope.com\/@fr\/115719214553068094","error":""},"_links":{"self":[{"href":"https:\/\/www.europesays.com\/fr\/wp-json\/wp\/v2\/posts\/599154","targetHints":{"allow":["GET"]}}],"collection":[{"href":"https:\/\/www.europesays.com\/fr\/wp-json\/wp\/v2\/posts"}],"about":[{"href":"https:\/\/www.europesays.com\/fr\/wp-json\/wp\/v2\/types\/post"}],"author":[{"embeddable":true,"href":"https:\/\/www.europesays.com\/fr\/wp-json\/wp\/v2\/users\/2"}],"replies":[{"embeddable":true,"href":"https:\/\/www.europesays.com\/fr\/wp-json\/wp\/v2\/comments?post=599154"}],"version-history":[{"count":0,"href":"https:\/\/www.europesays.com\/fr\/wp-json\/wp\/v2\/posts\/599154\/revisions"}],"wp:featuredmedia":[{"embeddable":true,"href":"https:\/\/www.europesays.com\/fr\/wp-json\/wp\/v2\/media\/599155"}],"wp:attachment":[{"href":"https:\/\/www.europesays.com\/fr\/wp-json\/wp\/v2\/media?parent=599154"}],"wp:term":[{"taxonomy":"category","embeddable":true,"href":"https:\/\/www.europesays.com\/fr\/wp-json\/wp\/v2\/categories?post=599154"},{"taxonomy":"post_tag","embeddable":true,"href":"https:\/\/www.europesays.com\/fr\/wp-json\/wp\/v2\/tags?post=599154"}],"curies":[{"name":"wp","href":"https:\/\/api.w.org\/{rel}","templated":true}]}}