{"id":599157,"date":"2025-12-14T18:01:22","date_gmt":"2025-12-14T18:01:22","guid":{"rendered":"https:\/\/www.europesays.com\/fr\/599157\/"},"modified":"2025-12-14T18:01:22","modified_gmt":"2025-12-14T18:01:22","slug":"gerben-kuypers-je-cherchais-la-confiance-actualite","status":"publish","type":"post","link":"https:\/\/www.europesays.com\/fr\/599157\/","title":{"rendered":"Gerben Kuypers : \u00ab Je cherchais la confiance \u00bb &#8211; Actualit\u00e9"},"content":{"rendered":"<p style=\"text-align: justify;\"><strong><a href=\"https:\/\/www.directvelo.com\/coureur\/24772\/gerben-kuypers\" target=\"_blank\" rel=\"noopener\">Gerben Kuypers<\/a><\/strong>\u00a0s&rsquo;est rappel\u00e9 aux bons souvenirs de 2022. Cet hiver-l\u00e0, il avait disput\u00e9 les six manches de Coupe de France, et en avait remport\u00e9 cinq. Ce dimanche, le Belge est revenu sur une manche, \u00e0 Ouistreham, <strong><a href=\"https:\/\/www.directvelo.com\/actualite\/125897\/cc-coupe-de-france-ouistreham-elite-hommes-gerben-kuypers-1er\" target=\"_blank\" rel=\"noopener\">avec une r\u00e9ussite similaire puisqu&rsquo;il s&rsquo;est impos\u00e9 dans le sable normand<\/a><\/strong>. \u00ab\u00a0Je suis tr\u00e8s satisfait parce que les derniers mois ont \u00e9t\u00e9 un peu compliqu\u00e9s. Je cherchais les bonnes jambes. Je suis all\u00e9 en Espagne les deux semaines pass\u00e9es pour faire un stage au soleil. Hier, j&rsquo;ai roul\u00e9 \u00e0 Kortrijk, j&rsquo;\u00e9tais un peu d\u00e9\u00e7u. Mais aujourd&rsquo;hui, je me suis bien d\u00e9brouill\u00e9 dans le sable\u00a0\u00bb.<\/p>\n<p style=\"text-align: justify;\">Il faut dire que le soci\u00e9taire d&rsquo;Intermarch\u00e9-Wanty conna\u00eet bien la sp\u00e9cialit\u00e9. \u00ab\u00a0J&rsquo;habite en Belgique, sur la c\u00f4te, \u00e0 Middelkerke. C&rsquo;est normal de rouler dans le sable pour moi. Mais Aubin se d\u00e9brouillait bien aussi\u00a0\u00bb. C&rsquo;est son adversaire de Decathlon AG2R La Mondiale qui a \u00e9t\u00e9 le plus coriace. \u00ab\u00a0En Belgique, on dit que quand il y a un peu de sable, c&rsquo;est compliqu\u00e9 pour les Fran\u00e7ais, mais il m&rsquo;a surpris, plaisante le vainqueur du jour. J&rsquo;attendais un peu une petite erreur. Il en a fait une dans le dernier tour, \u00e7a m&rsquo;a donn\u00e9 l&rsquo;avantage\u00a0\u00bb.<\/p>\n<p><strong>\u00ab UNE BONNE OPTION POUR UNE COUPE DU MONDE \u00bb<\/strong><\/p>\n<p>Gerben Kuypers a bien fait de faire le d\u00e9placement en Normandie. \u00ab\u00a0C&rsquo;est la premi\u00e8re fois que je viens ici, mais j&rsquo;avais vu quelques images. J&rsquo;\u00e9tais un peu surpris en arrivant ici, c&rsquo;est un parcours tr\u00e8s cool, tr\u00e8s technique aussi. Je pense que c&rsquo;est un peu unique en cyclo-cross. Ce serait une bonne option pour une Coupe du Monde, il y a de tout, c&rsquo;est beau, j&rsquo;aime le parcours\u00a0\u00bb, r\u00e9sume-t-il. En parall\u00e8le, il a manqu\u00e9 la manche de Coupe du Monde de Namur. \u00ab\u00a0L&rsquo;ann\u00e9e pass\u00e9e, j&rsquo;ai cass\u00e9 ma clavicule l\u00e0-bas et cette saison \u00e7a ne marche pas tr\u00e8s bien pour moi. Je cherchais la confiance. Aujourd&rsquo;hui, c&rsquo;\u00e9tait une bonne occasion\u00a0\u00bb.<\/p>\n<p>L&rsquo;occasion de se montrer aussi pour envisager des s\u00e9lections. \u00ab\u00a0C&rsquo;est un peu compliqu\u00e9 pour la Coupe du Monde car je ne suis pas dans les huit meilleurs en Belgique, bien qu&rsquo;il y ait des wild cards. Il y a plusieurs options. Il y a deux semaines qui viennent, mais il y a douze courses, c&rsquo;est beaucoup\u00a0\u00bb. Le 1er janvier, il y aura du nouveau pour lui avec un changement de couleurs. \u00ab\u00a0Je vais \u00e0 Pauwels Sauzen pour le cyclo-cross \u00e0 100%. Cette saison, j&rsquo;ai fait beaucoup de courses toute l&rsquo;ann\u00e9e. Toute la saison, j&rsquo;ai roul\u00e9 sur la route. Peut-\u00eatre que c&rsquo;est un peu le probl\u00e8me maintenant, je me sens un peu fatigu\u00e9. Maintenant, j&rsquo;esp\u00e8re que le train est sur les rails\u00a0\u00bb. Celui-ci est arriv\u00e9 \u00e0 l&rsquo;heure en gare de Ouistreham.<\/p>\n","protected":false},"excerpt":{"rendered":"Gerben Kuypers\u00a0s&rsquo;est rappel\u00e9 aux bons souvenirs de 2022. Cet hiver-l\u00e0, il avait disput\u00e9 les six manches de Coupe&hellip;\n","protected":false},"author":2,"featured_media":599158,"comment_status":"","ping_status":"","sticky":false,"template":"","format":"standard","meta":{"footnotes":""},"categories":[1411],"tags":[834,828,836,829,837,827,83,826,824,823,1154,207,814,817,815,816,822,821,832,211,839,1011,27,820,818,819,835,831,830,833,838,60,212,208,825],"class_list":{"0":"post-599157","1":"post","2":"type-post","3":"status-publish","4":"format-standard","5":"has-post-thumbnail","7":"category-cyclisme","8":"tag-attaque","9":"tag-belgique","10":"tag-braquet","11":"tag-bretagne","12":"tag-chute","13":"tag-competition","14":"tag-coupe-de-france","15":"tag-coureur","16":"tag-course-cyclisme","17":"tag-course-cycliste","18":"tag-cycling","19":"tag-cyclisme","20":"tag-direct","21":"tag-direct-velo","22":"tag-directvelo","23":"tag-directvelo-com","24":"tag-epreuve","25":"tag-epreuve-cycliste","26":"tag-federation-francaise-de-cyclisme","27":"tag-ffc","28":"tag-flandres","29":"tag-fr","30":"tag-france","31":"tag-live","32":"tag-live-course","33":"tag-live-epreuve","34":"tag-peloton","35":"tag-radio-peloton","36":"tag-radio-tour","37":"tag-ravitaillement","38":"tag-relance","39":"tag-sports","40":"tag-uci","41":"tag-velo","42":"tag-velos"},"share_on_mastodon":{"url":"https:\/\/pubeurope.com\/@fr\/115719234041360675","error":""},"_links":{"self":[{"href":"https:\/\/www.europesays.com\/fr\/wp-json\/wp\/v2\/posts\/599157","targetHints":{"allow":["GET"]}}],"collection":[{"href":"https:\/\/www.europesays.com\/fr\/wp-json\/wp\/v2\/posts"}],"about":[{"href":"https:\/\/www.europesays.com\/fr\/wp-json\/wp\/v2\/types\/post"}],"author":[{"embeddable":true,"href":"https:\/\/www.europesays.com\/fr\/wp-json\/wp\/v2\/users\/2"}],"replies":[{"embeddable":true,"href":"https:\/\/www.europesays.com\/fr\/wp-json\/wp\/v2\/comments?post=599157"}],"version-history":[{"count":0,"href":"https:\/\/www.europesays.com\/fr\/wp-json\/wp\/v2\/posts\/599157\/revisions"}],"wp:featuredmedia":[{"embeddable":true,"href":"https:\/\/www.europesays.com\/fr\/wp-json\/wp\/v2\/media\/599158"}],"wp:attachment":[{"href":"https:\/\/www.europesays.com\/fr\/wp-json\/wp\/v2\/media?parent=599157"}],"wp:term":[{"taxonomy":"category","embeddable":true,"href":"https:\/\/www.europesays.com\/fr\/wp-json\/wp\/v2\/categories?post=599157"},{"taxonomy":"post_tag","embeddable":true,"href":"https:\/\/www.europesays.com\/fr\/wp-json\/wp\/v2\/tags?post=599157"}],"curies":[{"name":"wp","href":"https:\/\/api.w.org\/{rel}","templated":true}]}}