{"id":599159,"date":"2025-12-14T18:03:13","date_gmt":"2025-12-14T18:03:13","guid":{"rendered":"https:\/\/www.europesays.com\/fr\/599159\/"},"modified":"2025-12-14T18:03:13","modified_gmt":"2025-12-14T18:03:13","slug":"textor-assume-son-bilan-et-provoque-les-fans","status":"publish","type":"post","link":"https:\/\/www.europesays.com\/fr\/599159\/","title":{"rendered":"Textor assume son bilan et provoque les fans"},"content":{"rendered":"<p><b>John Textor n\u2019est plus une figure centrale de l\u2019OL depuis plusieurs mois. L\u2019ancien pr\u00e9sident des Gones se montre n\u00e9anmoins tr\u00e8s fier de son bilan dans le Rh\u00f4ne.<\/b><\/p>\n<p>L\u2019Olympique Lyonnais avance avec des moyens limit\u00e9s depuis le d\u00e9but de la saison. Le club rhodanien a \u00e9vit\u00e9 de justesse une rel\u00e9gation en Ligue 2, voire pire, l\u2019\u00e9t\u00e9 dernier. D\u00e9sireux de repartir de l\u2019avant, les Gones le font d\u00e9sormais sans John Textor. Le businessman am\u00e9ricain a \u00e9t\u00e9 invit\u00e9 \u00e0 prendre ses distances avec la gestion du club, laissant la place \u00e0 Michele Kang, dont l\u2019arriv\u00e9e satisfait une grande partie de l\u2019environnement lyonnais. Malgr\u00e9 les critiques \u00e0 son encontre, John Textor campe sur ses positions et assure que son bilan \u00e0 la t\u00eate de l\u2019<a href=\"https:\/\/www.foot01.com\/ol\/ol-le-havre-change-darbitre-lyon-est-sidere\" target=\"_self\" rel=\"noopener\">OL<\/a> est positif, comme il l\u2019a affirm\u00e9 ces derni\u00e8res heures sur RMC.Textor livre sa v\u00e9rit\u00e9\u00a0<\/p>\n<p>Pour Rothen s&rsquo;enflamme, John Textor a en effet balanc\u00e9 sans sourciller : \u00ab\u00a0Il faut \u00eatre honn\u00eate, travailler et aider. Le fait est que nous n&rsquo;avons fait qu&rsquo;aider. Mais ce n&rsquo;\u00e9tait pas assez bien. Nous avons r\u00e9ussi \u00e0 ramener des capitaux pour rembourser des dettes. Nous avons aussi amen\u00e9 des talents et r\u00e9duit les d\u00e9penses. (&#8230;) Nous avons perdu \u00e9norm\u00e9ment d&rsquo;argent sur les droits tv. (&#8230;) J&rsquo;ai ramen\u00e9 l&rsquo;\u00e9quipe en Ligue Europa. Depuis ma venue, j&rsquo;ai augment\u00e9 les revenus chaque ann\u00e9e. Il faut demander \u00e0 la DNCG comment nous pouvons avoir le feu vert le 20 mai et \u00eatre rel\u00e9gu\u00e9s le 24 juin. <\/p>\n<p>Les supporters ne savent pas \u00e7a. Les fans peuvent m&rsquo;en vouloir de ne pas avoir \u00e9t\u00e9 bon mais il faut regarder ce qu&rsquo;il s&rsquo;est pass\u00e9 entre le 20 mai et le 24 juin \u00bb.<\/p>\n<p>Toujours est-il que la situation de l\u2019OL demeure tr\u00e8s pr\u00e9caire. Les r\u00e9sultats sportifs ne sont toutefois pas si n\u00e9gatifs : les Gones sont encore en lice pour une qualification europ\u00e9enne via la Ligue 1 et peuvent \u00e9galement nourrir l\u2019espoir d\u2019un sacre en Ligue Europa. Lors du prochain <a href=\"https:\/\/www.foot01.com\/mercato\" title=\"Mercato\" target=\"_blank\" rel=\"noopener\">mercato<\/a> hivernal, quelques r\u00e9ajustements pourraient encore intervenir. Il se murmure notamment que l\u2019arriv\u00e9e d\u2019Endrick ne serait plus qu\u2019une question de temps.<\/p>\n","protected":false},"excerpt":{"rendered":"John Textor n\u2019est plus une figure centrale de l\u2019OL depuis plusieurs mois. L\u2019ancien pr\u00e9sident des Gones se montre&hellip;\n","protected":false},"author":2,"featured_media":599160,"comment_status":"","ping_status":"","sticky":false,"template":"","format":"standard","meta":{"footnotes":""},"categories":[1410],"tags":[63,1011,27,1434,241,60],"class_list":{"0":"post-599159","1":"post","2":"type-post","3":"status-publish","4":"format-standard","5":"has-post-thumbnail","7":"category-football","8":"tag-football","9":"tag-fr","10":"tag-france","11":"tag-mercato","12":"tag-ol","13":"tag-sports"},"share_on_mastodon":{"url":"https:\/\/pubeurope.com\/@fr\/115719242100146583","error":""},"_links":{"self":[{"href":"https:\/\/www.europesays.com\/fr\/wp-json\/wp\/v2\/posts\/599159","targetHints":{"allow":["GET"]}}],"collection":[{"href":"https:\/\/www.europesays.com\/fr\/wp-json\/wp\/v2\/posts"}],"about":[{"href":"https:\/\/www.europesays.com\/fr\/wp-json\/wp\/v2\/types\/post"}],"author":[{"embeddable":true,"href":"https:\/\/www.europesays.com\/fr\/wp-json\/wp\/v2\/users\/2"}],"replies":[{"embeddable":true,"href":"https:\/\/www.europesays.com\/fr\/wp-json\/wp\/v2\/comments?post=599159"}],"version-history":[{"count":0,"href":"https:\/\/www.europesays.com\/fr\/wp-json\/wp\/v2\/posts\/599159\/revisions"}],"wp:featuredmedia":[{"embeddable":true,"href":"https:\/\/www.europesays.com\/fr\/wp-json\/wp\/v2\/media\/599160"}],"wp:attachment":[{"href":"https:\/\/www.europesays.com\/fr\/wp-json\/wp\/v2\/media?parent=599159"}],"wp:term":[{"taxonomy":"category","embeddable":true,"href":"https:\/\/www.europesays.com\/fr\/wp-json\/wp\/v2\/categories?post=599159"},{"taxonomy":"post_tag","embeddable":true,"href":"https:\/\/www.europesays.com\/fr\/wp-json\/wp\/v2\/tags?post=599159"}],"curies":[{"name":"wp","href":"https:\/\/api.w.org\/{rel}","templated":true}]}}