{"id":599161,"date":"2025-12-14T18:04:17","date_gmt":"2025-12-14T18:04:17","guid":{"rendered":"https:\/\/www.europesays.com\/fr\/599161\/"},"modified":"2025-12-14T18:04:17","modified_gmt":"2025-12-14T18:04:17","slug":"la-famille-vous-demande-de-supprimer-faustine-bollaert-au-coeur-dune-vive-polemique-apres-le-temoignage-dun-invite-de-ca-commence-aujourdhui","status":"publish","type":"post","link":"https:\/\/www.europesays.com\/fr\/599161\/","title":{"rendered":"La famille vous demande de supprimer\u00a0\u00bb : Faustine Bollaert au coeur d&rsquo;une vive pol\u00e9mique apr\u00e8s le t\u00e9moignage d&rsquo;un invit\u00e9 de \u00ab\u00a0\u00c7a commence aujourd&rsquo;hui"},"content":{"rendered":"<p>      R\u00e9sum\u00e9<\/p>\n<p>Un t\u00e9moignage diffus\u00e9 dans \u00ab \u00c7a commence aujourd&rsquo;hui \u00bb sur un accident mortel suscite une pol\u00e9mique en raison de l&rsquo;absence de certains faits et de la diffusion de photos controvers\u00e9es.<\/p>\n<p>        Sommaire<\/p>\n<p>C&rsquo;est un t\u00e9moignage que les \u00e9quipes de <strong>\u00c7a commence aujourd&rsquo;hui<\/strong> ont visiblement mal recoup\u00e9. Ce vendredi 12 d\u00e9cembre, <a href=\"https:\/\/vsd.fr\/87888-faustine-bollaert-son-emission-deprogrammee-et-pour-un-long-moment\/\" target=\"_blank\" rel=\"noopener\">Faustine Bollaert<\/a> s&rsquo;int\u00e9ressait aux accidents de la circulation, et recevait Julien. Le jeune homme est venu t\u00e9moigner sur le violent accident qui l&rsquo;a conduit dans le coma pendant plus d&rsquo;un mois, et qui a aussi co\u00fbt\u00e9 la vie \u00e0 son ami. Mais depuis 48 heures, ses propos cr\u00e9ent une vive pol\u00e9mique sur la Toile. La famille de la victime, inform\u00e9e, <strong>somme l&rsquo;\u00e9mission de supprimer ce t\u00e9moignage<\/strong> qui contourne visiblement la r\u00e9alit\u00e9 des faits.<br \/>\u00ab\u00a0La famille de Shouga a d\u00e9j\u00e0 demand\u00e9 de retirer ce t\u00e9moignage. Premi\u00e8rement, la famille n\u2019a jamais vu les images de la voiture (&#8230;) <strong>Ensuite Julien, si tu veux mentir, mens bien parce que le proc\u00e8s verbal ne dit pas que tu roulais normalement. Retirez<\/strong>\u00a0\u00bb d\u00e9clare un proche de la famille. Des dizaines d&rsquo;autres personnes sont unanimes et rappellent <a href=\"https:\/\/www.leparisien.fr\/essonne-91\/ballancourt-sur-essonne-91610\/au-volant-d-un-bolide-il-avait-tue-son-passager-04-10-2012-2202793.php\" target=\"_blank\" rel=\"noopener\">l&rsquo;article du Parisien<\/a> publi\u00e9 le 4 octobre 2012.<\/p>\n<p>Julien a \u00e9t\u00e9 condamn\u00e9 avec des circonstances aggravantes<\/p>\n<p>Effectivement, comme \u00e9crit par nos confr\u00e8res \u00e0 l&rsquo;\u00e9poque, Julien, 19 ans, <strong>avait \u00e9t\u00e9 reconnu coupable d&rsquo;homicide involontaire par le tribunal d&rsquo;\u00c9vry<\/strong>. Il avait \u00e9t\u00e9 condamn\u00e9 \u00e0 18 mois de prison avec sursis assortis \u00e0 140 heures de travail d&rsquo;int\u00e9r\u00eat g\u00e9n\u00e9ral. Le 28 d\u00e9cembre 2011, sa voiture avait fini sa route dans un arbre \u00e0 Baulne (Essonne). La voiture est \u00ab\u00a0disloqu\u00e9e\u00a0\u00bb comme le souligne le juge, surpris de quatre des cinq passagers aient surpris. <strong>L&rsquo;aiguille est bloqu\u00e9e \u00e0 110 km\/h, et la vitesse est retenue par les juges<\/strong>. La possible intervention du t\u00e9l\u00e9phone, sur lequel il a re\u00e7u un SMS quelques secondes avant le drame, est aussi \u00e9voqu\u00e9e.<\/p>\n<p>Ces \u00e9l\u00e9ments-l\u00e0 ne sont pas \u00e9voqu\u00e9s dans \u00c7a commence aujourd&rsquo;hui. <strong>La vitesse retenue est \u00e9clips\u00e9e, et Julien se morfond et pleure son ami<\/strong>. Un t\u00e9moignage qui ne passe pas pour les proches du d\u00e9funt, qui avaient en plus toujours refus\u00e9 \u00e0 voir les photos de l&rsquo;accident. Or, celles-ci sont diffus\u00e9es \u00e0 l&rsquo;antenne par <a href=\"https:\/\/www.public.fr\/faustine-bollaert-25-kilos-en-moins-apres-la-rupture-pour-le-celebre-papa-de-ses-enfants\" target=\"_blank\" rel=\"noopener\">Faustine Bollaert<\/a> et ses \u00e9quipes. Mais <strong>la famille n&rsquo;a pas \u00e9t\u00e9 contact\u00e9e<\/strong>, et n&rsquo;a pas eu son mot \u00e0 dire.<\/p>\n<p>La famille confront\u00e9e \u00e0 un t\u00e9moignage pol\u00e9mique<\/p>\n<p>\u00ab\u00a0La famille du d\u00e9funt, 14 ans apr\u00e8s les faits et la perte de Shouga, d\u00e9couvre malheureusement les photos de la voiture et de l\u2019accident \u00e0 la TV. Ce n\u2019est pas de votre fait, mais c\u2019est difficile \u00e0 avaler\u00a0\u00bb t\u00e9moigne un proche sur X. <strong>\u00ab\u00a0La famille vous demande de SUPPRIMER. Qu&rsquo;est ce que vous ne comprenez pas ?\u00a0\u00bb<\/strong> s&rsquo;insurge un autre. Mais le t\u00e9moignage demeure malgr\u00e9 tout&#8230;<\/p>\n<p>Une personne de la famille de la victime fulmine : \u00ab\u00a0Mais vous \u00eates des grands malades, vous avez contact\u00e9 quel membre de notre famille pour pouvoir publier la photo et puis <strong>lui il est \u00e0 l\u2019aise sur le plateau t\u00e9l\u00e9 (\u00e0 raconter) la connerie qu\u2019il a (faite)<\/strong> ! Mais vous \u00eates des grands malades ! J\u2019avais jamais vu cette photo\u00a0\u00bb. La production et la cha\u00eene n&rsquo;ont pour l&rsquo;heure pas r\u00e9agi, et la vid\u00e9o, sur laquelle t\u00e9moigne Julien, qui ne cesse d&rsquo;agiter la Toile, <strong>n&rsquo;a toujours pas \u00e9t\u00e9 retir\u00e9e<\/strong>. <\/p>\n<p>\n          Hits &amp; People en continu\n        <\/p>\n<p>\n          Public Radio\n        <\/p>\n<p>      Mentionn\u00e9s dans cet article<\/p>\n<p>      Sur le m\u00eame sujet<\/p>\n","protected":false},"excerpt":{"rendered":"R\u00e9sum\u00e9 Un t\u00e9moignage diffus\u00e9 dans \u00ab \u00c7a commence aujourd&rsquo;hui \u00bb sur un accident mortel suscite une pol\u00e9mique en&hellip;\n","protected":false},"author":2,"featured_media":599162,"comment_status":"","ping_status":"","sticky":false,"template":"","format":"standard","meta":{"footnotes":""},"categories":[1359],"tags":[4376,24279,58,59,842,6308,1011,27,18,973,1062],"class_list":{"0":"post-599161","1":"post","2":"type-post","3":"status-publish","4":"format-standard","5":"has-post-thumbnail","7":"category-people","8":"tag-accident-de-la-route","9":"tag-ca-commence-aujourdhui","10":"tag-divertissement","11":"tag-entertainment","12":"tag-fake-news","13":"tag-faustine-bollaert","14":"tag-fr","15":"tag-france","16":"tag-mort","17":"tag-people","18":"tag-polemique"},"share_on_mastodon":{"url":"https:\/\/pubeurope.com\/@fr\/115719246055213938","error":""},"_links":{"self":[{"href":"https:\/\/www.europesays.com\/fr\/wp-json\/wp\/v2\/posts\/599161","targetHints":{"allow":["GET"]}}],"collection":[{"href":"https:\/\/www.europesays.com\/fr\/wp-json\/wp\/v2\/posts"}],"about":[{"href":"https:\/\/www.europesays.com\/fr\/wp-json\/wp\/v2\/types\/post"}],"author":[{"embeddable":true,"href":"https:\/\/www.europesays.com\/fr\/wp-json\/wp\/v2\/users\/2"}],"replies":[{"embeddable":true,"href":"https:\/\/www.europesays.com\/fr\/wp-json\/wp\/v2\/comments?post=599161"}],"version-history":[{"count":0,"href":"https:\/\/www.europesays.com\/fr\/wp-json\/wp\/v2\/posts\/599161\/revisions"}],"wp:featuredmedia":[{"embeddable":true,"href":"https:\/\/www.europesays.com\/fr\/wp-json\/wp\/v2\/media\/599162"}],"wp:attachment":[{"href":"https:\/\/www.europesays.com\/fr\/wp-json\/wp\/v2\/media?parent=599161"}],"wp:term":[{"taxonomy":"category","embeddable":true,"href":"https:\/\/www.europesays.com\/fr\/wp-json\/wp\/v2\/categories?post=599161"},{"taxonomy":"post_tag","embeddable":true,"href":"https:\/\/www.europesays.com\/fr\/wp-json\/wp\/v2\/tags?post=599161"}],"curies":[{"name":"wp","href":"https:\/\/api.w.org\/{rel}","templated":true}]}}