{"id":599163,"date":"2025-12-14T18:05:20","date_gmt":"2025-12-14T18:05:20","guid":{"rendered":"https:\/\/www.europesays.com\/fr\/599163\/"},"modified":"2025-12-14T18:05:20","modified_gmt":"2025-12-14T18:05:20","slug":"cette-mediatheque-et-sa-nouvelle-fresque-captent-tous-les-regards-dans-le-cotentin","status":"publish","type":"post","link":"https:\/\/www.europesays.com\/fr\/599163\/","title":{"rendered":"Cette m\u00e9diath\u00e8que et sa nouvelle fresque captent tous les regards dans le Cotentin"},"content":{"rendered":"<p>                    Par<br \/>\n        <strong><br \/>\n            <a href=\"https:\/\/actu.fr\/auteur\/redaction-pressemanche\" title=\"Consulter tous les articles de R\u00e9daction La Presse de la Manche\" target=\"_blank\" rel=\"noopener\">R\u00e9daction La Presse de la Manche<\/a><br \/>\n                    <\/strong><\/p>\n<p>        Publi\u00e9 le<\/p>\n<p>            14 d\u00e9c. 2025 \u00e0 12h57        <\/p>\n<p data-end=\"512\">Impossible d\u00e9sormais de traverser la commune sans tourner la t\u00eate, depuis que<b> la m\u00e9diath\u00e8que d\u2019Urville-Nacqueville<\/b> (<a href=\"https:\/\/actu.fr\/normandie\/manche_50\" target=\"_blank\" rel=\"noopener\">Manche<\/a>), situ\u00e9e au 625, rue Saint-Laurent, arbore d\u00e9sormais <b>une fresque \u00e9clatante, longue de 40 m\u00e8tres, <\/b>qui illumine le c\u0153ur du village.<\/p>\n<p>Une \u0153uvre sign\u00e9e Pierre Burnel<\/p>\n<p data-end=\"512\" class=\" wall-content\">La commune de<a href=\"https:\/\/actu.fr\/normandie\/la-hague_50041\" target=\"_blank\" rel=\"noopener\"> La Hague<\/a>, en partenariat avec le r\u00e9seau Zig Zag, qui regroupe les douze m\u00e9diath\u00e8ques du territoire, s<b>ouhaitait rendre le lieu plus visible et plus attractif.\u00a0Objectif atteint, <\/b>puisque la fa\u00e7ade attire instantan\u00e9ment l\u2019attention des habitants comme celle des visiteurs.<\/p>\n<p data-end=\"784\" class=\" wall-content\">Pour donner vie \u00e0 ce projet, la commune a fait appel \u00e0<b> Pierre Burnel<\/b>, artiste sp\u00e9cialis\u00e9 dans les fresques murales depuis dix ans.\u00a0Install\u00e9 dans une nacelle qu\u2019il a lui-m\u00eame lou\u00e9e, il a pass\u00e9 <b>plus de deux semaines \u00e0 r\u00e9aliser ce d\u00e9cor en peinture acrylique,<\/b> sans aucun usage de bombes.<\/p>\n<p data-end=\"1247\" class=\" wall-content\">\u00ab J\u2019ai choisi un bleu oasis qui rappelle la mer, mais pas seulement. On y trouve des fleurs, des ajoncs,<b> tout ce que l\u2019on voit en se promenant dans le Cotentin.<\/b> Et puis, je voulais aussi laisser place \u00e0 l\u2019imaginaire, comme lorsque l\u2019on ouvre un livre. C\u2019est une invitation au voyage \u00bb, explique l\u2019artiste.<\/p>\n<p>Une r\u00e9f\u00e9rence \u00e0 Raz-Bannes<\/p>\n<p data-end=\"1448\" class=\" wall-content\">Ce dernier a \u00e9galement gliss\u00e9<b> une r\u00e9f\u00e9rence \u00e0 Raz-Bannes,<\/b> la c\u00e9l\u00e8bre tourelle signalant les dangers au large d\u2019Urville, d\u00e9j\u00e0 repr\u00e9sent\u00e9e sur la porte d\u2019entr\u00e9e lors d\u2019une premi\u00e8re intervention un an plus t\u00f4t.<\/p>\n<p data-end=\"1625\" class=\" wall-content\"><b>Habitu\u00e9 des grands formats, <\/b>Pierre Burnel signe ici une nouvelle r\u00e9alisation, apr\u00e8s de nombreuses fresques peintes dans des \u00e9coles de l\u2019agglom\u00e9ration ou chez des particuliers.<\/p>\n<p>Vid\u00e9os : en ce moment sur Actu<\/p>\n<p data-end=\"2014\" class=\" wall-content\">\u00ab On ne peut plus ignorer qu\u2019il y a une m\u00e9diath\u00e8que \u00e0 Urville-Nacqueville \u00bb, sourit Nathalie Dubost, adjointe \u00e0 la culture de la commune de La Hague. \u00ab Cette fresque <b>r\u00e9pond pleinement \u00e0 l\u2019ambition municipale : <\/b>rendre la culture visible, accessible et attractive. C\u2019est un enjeu majeur, tous les enfants du territoire doivent y avoir acc\u00e8s. \u00bb<\/p>\n<p>Une v\u00e9ritable politique documentaire<\/p>\n<p data-end=\"2276\" class=\" wall-content\"><b>Cin\u00e9ma et musique compl\u00e8tent cette offre,<\/b> notamment gr\u00e2ce \u00e0 l\u2019\u00c9cole des arts vivants situ\u00e9e \u00e0 Beaumont-Hague. V\u00e9ritable r\u00e9seau culturel dynamique et accessible \u00e0 tous, les m\u00e9diath\u00e8ques Zig Zag sont des lieux de proximit\u00e9 et d\u2019\u00e9changes, ouverts \u00e0 tous les \u00e2ges.\u00a0<\/p>\n<p>Votre r\u00e9gion, votre actu !<\/p>\n<p>Recevez chaque jour les infos qui comptent pour vous.<\/p>\n<p>\t<a href=\"https:\/\/actu.fr\/newsletter\" class=\"ac-btn ac-btn--corner ac-btn--medium ac-btn--blue800\" target=\"_blank\" rel=\"noopener\">S&rsquo;incrire<\/a><\/p>\n<p data-end=\"2276\" class=\" wall-content\">Elles proposent <b>un large choix<\/b> de livres, magazines, documents patrimoniaux, CD, DVD, jeux, ainsi que des espaces multim\u00e9dias et l\u2019acc\u00e8s \u00e0 des ressources num\u00e9riques.<\/p>\n<p data-end=\"2716\" class=\" wall-content\">En partenariat avec la Biblioth\u00e8que d\u00e9partementale de la Manche, ces m\u00e9diath\u00e8ques m\u00e8nent une v\u00e9ritable politique documentaire, tout en offrant, toute l\u2019ann\u00e9e, <b>un programme riche :<\/b> clubs de lecture, heures du conte, ateliers, expositions, accueils d\u2019auteurs, conf\u00e9rences, concerts\u2026<\/p>\n<p>Un projet participatif tourn\u00e9 vers l\u2019avenir<\/p>\n<p data-end=\"2894\" class=\" wall-content\"><b>Deux temps forts rythment l\u2019ann\u00e9e :<\/b> le Zig Zag Tour et le Zig Zag L\u2019\u00c9t\u00e9 \u00e0 la plage, avec des animations de lecture hors les murs, sur le th\u00e8me \u00ab Habiter le bord du monde \u00bb.<\/p>\n<p data-end=\"3157\" class=\" wall-content\">Le nom m\u00eame de la m\u00e9diath\u00e8que, h\u00e9rit\u00e9 de l\u2019ancienne \u00e9cole du Bord de Mer et de ses classes de CM, fait partie d\u2019<b>un projet participatif <\/b>o\u00f9 les habitants sont invit\u00e9s \u00e0 donner leur avis. Les livres voyagent aussi, sur r\u00e9servation, entre toutes celles de La Hague.<\/p>\n<p data-end=\"3362\" class=\" wall-content\">Et l\u2019\u00e9lan ne s\u2019arr\u00eate pas l\u00e0. L\u2019adjointe i<b>magine d\u00e9j\u00e0 un nouvel am\u00e9nagement de l\u2019ancien pr\u00e9au :<\/b> \u00ab Un espace de lecture en plein air, avec transats, v\u00e9g\u00e9talisation des barri\u00e8res et mobilier convivial \u00bb.<\/p>\n<p data-end=\"3362\" class=\" wall-content\">Une mani\u00e8re d\u2019ancrer encore davantage la m\u00e9diath\u00e8que dans la vie d\u2019Urville-Nacqueville, tout en conservant l\u2019ADN d\u2019un lieu o\u00f9 l\u2019on apprend, o\u00f9 l\u2019on partage. N\u2019h\u00e9sitez pas \u00e0 pousser la porte !<\/p>\n<p data-end=\"3362\" class=\" wall-content\">\n<p>    <img   decoding=\"async\" loading=\"lazy\" class=\"size-large\" src=\"https:\/\/www.europesays.com\/fr\/wp-content\/uploads\/2025\/12\/a5c01ea65b396b9c01ea65b392ec01v-960x640.jpg\" alt=\"La m\u00e9diath\u00e8que du bord de mer offre un bel espace lumineux, ouvert \u00e0 tous\" width=\"960\" height=\"640\"\/><br \/>\n    \u00c0 l\u2019int\u00e9rieur, la m\u00e9diath\u00e8que propose un bel espace lumineux, ouvert \u00e0 tous de 7 \u00e0 77\u00a0ans. \u00a9Anne MATAGUEZ<\/p>\n<p class=\" wall-content\"><b>De notre correspondante Anne MATAGUEZ<\/b><\/p>\n<p class=\" wall-content\">Personnalisez votre actualit\u00e9 en ajoutant vos villes et m\u00e9dias en favori avec <a href=\"https:\/\/moncompte.actu.fr\" title=\"D\u00e9couvez Mon Actu\" rel=\"nofollow noopener\" data-trk=\"{&quot;cta&quot;:{&quot;action&quot;:&quot;https:\\\/\\\/moncompte.actu.fr&quot;,&quot;category&quot;:&quot;mon compte&quot;,&quot;from&quot;:&quot;article footer&quot;,&quot;name&quot;:&quot;Mon actu&quot;,&quot;type&quot;:&quot;cta&quot;}}\" target=\"_blank\">Mon Actu<\/a>.<\/p>\n","protected":false},"excerpt":{"rendered":"Par R\u00e9daction La Presse de la Manche Publi\u00e9 le 14 d\u00e9c. 2025 \u00e0 12h57 Impossible d\u00e9sormais de traverser&hellip;\n","protected":false},"author":2,"featured_media":599164,"comment_status":"","ping_status":"","sticky":false,"template":"","format":"standard","meta":{"footnotes":""},"categories":[1358],"tags":[1348,1384,1385,3168,1386,58,59,1011,27,1652],"class_list":{"0":"post-599163","1":"post","2":"type-post","3":"status-publish","4":"format-standard","5":"has-post-thumbnail","7":"category-arts-et-design","8":"tag-arts","9":"tag-arts-and-design","10":"tag-arts-et-design","11":"tag-cotentin","12":"tag-design","13":"tag-divertissement","14":"tag-entertainment","15":"tag-fr","16":"tag-france","17":"tag-loisirs-culture"},"share_on_mastodon":{"url":"https:\/\/pubeurope.com\/@fr\/115719250710445580","error":""},"_links":{"self":[{"href":"https:\/\/www.europesays.com\/fr\/wp-json\/wp\/v2\/posts\/599163","targetHints":{"allow":["GET"]}}],"collection":[{"href":"https:\/\/www.europesays.com\/fr\/wp-json\/wp\/v2\/posts"}],"about":[{"href":"https:\/\/www.europesays.com\/fr\/wp-json\/wp\/v2\/types\/post"}],"author":[{"embeddable":true,"href":"https:\/\/www.europesays.com\/fr\/wp-json\/wp\/v2\/users\/2"}],"replies":[{"embeddable":true,"href":"https:\/\/www.europesays.com\/fr\/wp-json\/wp\/v2\/comments?post=599163"}],"version-history":[{"count":0,"href":"https:\/\/www.europesays.com\/fr\/wp-json\/wp\/v2\/posts\/599163\/revisions"}],"wp:featuredmedia":[{"embeddable":true,"href":"https:\/\/www.europesays.com\/fr\/wp-json\/wp\/v2\/media\/599164"}],"wp:attachment":[{"href":"https:\/\/www.europesays.com\/fr\/wp-json\/wp\/v2\/media?parent=599163"}],"wp:term":[{"taxonomy":"category","embeddable":true,"href":"https:\/\/www.europesays.com\/fr\/wp-json\/wp\/v2\/categories?post=599163"},{"taxonomy":"post_tag","embeddable":true,"href":"https:\/\/www.europesays.com\/fr\/wp-json\/wp\/v2\/tags?post=599163"}],"curies":[{"name":"wp","href":"https:\/\/api.w.org\/{rel}","templated":true}]}}