{"id":599167,"date":"2025-12-14T18:08:14","date_gmt":"2025-12-14T18:08:14","guid":{"rendered":"https:\/\/www.europesays.com\/fr\/599167\/"},"modified":"2025-12-14T18:08:14","modified_gmt":"2025-12-14T18:08:14","slug":"50-cent-revele-que-lun-des-fils-de-p-diddy-voulait-temoigner-dans-son-documentaire","status":"publish","type":"post","link":"https:\/\/www.europesays.com\/fr\/599167\/","title":{"rendered":"50 Cent r\u00e9v\u00e8le que l\u2019un des fils de P. Diddy voulait t\u00e9moigner dans son documentaire"},"content":{"rendered":"<p>50 Cent boit du petit-lait depuis la sortie de <a href=\"https:\/\/www.20minutes.fr\/arts-stars\/culture\/4189460-20251204-seul-egal-fils-dieu-apprend-documentaire-netflix-p-diddy\" target=\"_blank\" class=\"c-link c-link--is-underlined\" rel=\"noopener\">Sean Combs\u00a0: The Reckoning<\/a>. Se posant comme celui qui n\u2019a rien \u00e0 cacher, <a href=\"https:\/\/www.20minutes.fr\/arts-stars\/people\/4171419-20250905-50-cent-commandes-emission-true-crime-lena-dunham-sortira-memoires-2026\" target=\"_blank\" class=\"c-link c-link--is-underlined\" rel=\"noopener\">l\u2019interpr\u00e8te de Candy Shop<\/a> l\u00e8ve peu \u00e0 peu le voile sur la fa\u00e7on dont il a produit ce documentaire, \u00e0 charge, sur son ennemi de longue date. Cette fois, il vient de d\u00e9voiler des n\u00e9gociations inattendues avec le camp de <a href=\"https:\/\/www.20minutes.fr\/arts-stars\/people\/4175286-20250925-p-diddy-poursuivi-abus-physiques-sexuels-psychologiques-ancien-styliste\" target=\"_blank\" class=\"c-link c-link--is-underlined\" rel=\"noopener\">P. Diddy<\/a>. Le rappeur a r\u00e9v\u00e9l\u00e9 avoir eu des discussions avec l\u2019un des fils du producteur d\u00e9chu, lequel aurait envisag\u00e9 de participer au projet pour donner sa version des faits.<\/p>\n<p>\u00ab\u00a0J\u2019ai eu des \u00e9changes avec son fils. \u00c0 un moment donn\u00e9, ils \u00e9taient int\u00e9ress\u00e9s pour faire partie du documentaire parce qu\u2019ils voulaient montrer leur point de vue\u00a0\u00bb, a confi\u00e9, \u00e0 <a href=\"https:\/\/www.usmagazine.com\/celebrity-news\/news\/50-cent-details-diddy-doc-footage-he-couldnt-wait-to-show-excl\/\" rel=\"nofollow noopener\" target=\"_blank\" class=\"c-link c-link--is-underlined\">Us Weekly<\/a>, Curtis Jackson, de son vrai nom.<\/p>\n<p>Finalement, aucun des six enfants de l\u2019interpr\u00e8te de I\u2019ll Be Missing You n\u2019appara\u00eet dans <a href=\"https:\/\/www.20minutes.fr\/arts-stars\/people\/4190400-20251208-mere-p-diddy-rogne-contre-netflix-avoir-diffuse-recits-mensongers-selon\" target=\"_blank\" class=\"c-link c-link--is-underlined\" rel=\"noopener\">Sean Combs\u00a0: The Reckoning<\/a>, documentaire en quatre parties sorti il y a deux semaines sur Netflix et qui a explos\u00e9 les compteurs avec 21,8\u00a0millions de vues d\u00e8s sa premi\u00e8re semaine.<\/p>\n<p>A couteaux tir\u00e9s<\/p>\n<p>Depuis les avocats de P. Diddy ont r\u00e9pondu avec une mise en demeure, qualifiant le documentaire de \u00ab\u00a0racoleur et honteux\u00a0\u00bb.<\/p>\n<p>Malgr\u00e9 leur rivalit\u00e9 l\u00e9gendaire qui dure depuis plus de vingt ans, 50 Cent a assur\u00e9 qu\u2019il n\u2019y avait \u00ab\u00a0pas de beef\u00a0\u00bb entre eux. Une d\u00e9claration qu\u2019il faut sans doute consid\u00e9rer comme relevant de l\u2019ironie, m\u00eame s\u2019il est vrai que le rappeur a pu employer deux des fils de Combs, Justin et Quincy, dans ses productions t\u00e9l\u00e9vis\u00e9es. Pour autant, difficile de ne pas voir dans ce documentaire une v\u00e9ritable d\u00e9claration de guerre \u00e0 l\u2019encontre du fondateur du magnat de l\u2019industrie musicale.<\/p>\n<p>Pour rappel, Sean Combs a \u00e9t\u00e9 condamn\u00e9 \u00e0 50 mois de prison en octobre dernier pour violation des lois f\u00e9d\u00e9rales sur la prostitution, tout en \u00e9tant acquitt\u00e9 des charges de trafic sexuel et de racket.<\/p>\n","protected":false},"excerpt":{"rendered":"50 Cent boit du petit-lait depuis la sortie de Sean Combs\u00a0: The Reckoning. Se posant comme celui qui&hellip;\n","protected":false},"author":2,"featured_media":599168,"comment_status":"","ping_status":"","sticky":false,"template":"","format":"standard","meta":{"footnotes":""},"categories":[1355],"tags":[45158,58,59,652,1011,27,303,1361,873,127,16997,973,806,3616,133],"class_list":{"0":"post-599167","1":"post","2":"type-post","3":"status-publish","4":"format-standard","5":"has-post-thumbnail","7":"category-musique","8":"tag-50-cent","9":"tag-divertissement","10":"tag-entertainment","11":"tag-famille","12":"tag-fr","13":"tag-france","14":"tag-justice","15":"tag-music","16":"tag-musique","17":"tag-netflix","18":"tag-p-diddy","19":"tag-people","20":"tag-prison","21":"tag-rap","22":"tag-video"},"share_on_mastodon":{"url":"https:\/\/pubeurope.com\/@fr\/115719261801464482","error":""},"_links":{"self":[{"href":"https:\/\/www.europesays.com\/fr\/wp-json\/wp\/v2\/posts\/599167","targetHints":{"allow":["GET"]}}],"collection":[{"href":"https:\/\/www.europesays.com\/fr\/wp-json\/wp\/v2\/posts"}],"about":[{"href":"https:\/\/www.europesays.com\/fr\/wp-json\/wp\/v2\/types\/post"}],"author":[{"embeddable":true,"href":"https:\/\/www.europesays.com\/fr\/wp-json\/wp\/v2\/users\/2"}],"replies":[{"embeddable":true,"href":"https:\/\/www.europesays.com\/fr\/wp-json\/wp\/v2\/comments?post=599167"}],"version-history":[{"count":0,"href":"https:\/\/www.europesays.com\/fr\/wp-json\/wp\/v2\/posts\/599167\/revisions"}],"wp:featuredmedia":[{"embeddable":true,"href":"https:\/\/www.europesays.com\/fr\/wp-json\/wp\/v2\/media\/599168"}],"wp:attachment":[{"href":"https:\/\/www.europesays.com\/fr\/wp-json\/wp\/v2\/media?parent=599167"}],"wp:term":[{"taxonomy":"category","embeddable":true,"href":"https:\/\/www.europesays.com\/fr\/wp-json\/wp\/v2\/categories?post=599167"},{"taxonomy":"post_tag","embeddable":true,"href":"https:\/\/www.europesays.com\/fr\/wp-json\/wp\/v2\/tags?post=599167"}],"curies":[{"name":"wp","href":"https:\/\/api.w.org\/{rel}","templated":true}]}}