{"id":599169,"date":"2025-12-14T18:09:43","date_gmt":"2025-12-14T18:09:43","guid":{"rendered":"https:\/\/www.europesays.com\/fr\/599169\/"},"modified":"2025-12-14T18:09:43","modified_gmt":"2025-12-14T18:09:43","slug":"ou-precommander-le-lego-la-machine-a-remonter-le-temps-de-retour-vers-le-futur","status":"publish","type":"post","link":"https:\/\/www.europesays.com\/fr\/599169\/","title":{"rendered":"O\u00f9 pr\u00e9commander le Lego La machine \u00e0 remonter le temps de Retour vers le futur ?"},"content":{"rendered":"<p>[Pr\u00e9commande] Les plus nostalgiques se souviennent s\u00fbrement avoir regard\u00e9 Retour vers le Futur \u00e9tant enfants, d\u00e9sesp\u00e9r\u00e9s \u00e0 l\u2019id\u00e9e de ne jamais pouvoir conduire la mythique DeLorean. \u00c0 d\u00e9faut de prendre le volant, vous pouvez d\u00e9sormais la construire en briques.<\/p>\n<p>Retour vers le futur, c\u2019est une trilogie culte sortie en 1985, 1989 et 1990. Additionnez ces trois dates et vous obtenez 5 964. Diviser ce nombre par le nombre de pi\u00e8ces du set La machine \u00e0 remonter le temps de Lego, et vous obtenez 16. Puis multipliez 16 par 9, l\u2019\u00e2ge minimum recommand\u00e9 pour ce mod\u00e8le, et vous tombez sur 144. Un r\u00e9sultat qui n\u2019a absolument aucun rapport avec la date de sortie de ce nouveau Lego \u2014 fix\u00e9e au 1er janvier 2026. Mais au moins, maintenant, vous avez toutes les infos.<\/p>\n<p>Le Lego Speed Champions, La machine \u00e0 remonter le temps de Retour vers le futur, est disponible en pr\u00e9commande <a href=\"https:\/\/shop.numerama.com\/n4z45gxq\" target=\"_blank\" rel=\"noreferrer noopener sponsored nofollow\" data-gtm=\"{&quot;event&quot;:&quot;afficlic&quot;,&quot;nom_marchand&quot;:&quot;fnac&quot;,&quot;nom_produit&quot;:&quot;inconnu&quot;,&quot;categorie_produit&quot;:&quot;inconnu&quot;,&quot;module_produit&quot;:&quot;editolink&quot;,&quot;position_marchand&quot;:0,&quot;texte&quot;:&quot;au-prix-de-27-99-e&quot;,&quot;offer_url&quot;:&quot;https:\/\/shop.numerama.com\/n4z45gxq&quot;,&quot;zone&quot;:&quot;contenu-page&quot;}\">au prix de 27,99 \u20ac <\/a>sur le site de La Fnac. Sa date de sortie est pr\u00e9vue pour le 1\u1d49\u02b3\u00a0janvier 2026.<\/p>\n<p>C\u2019est quoi, ce Lego Retour vers le futur ?<\/p>\n<p>La machine \u00e0 remonter le temps de Retour vers le futur est un Lego de la gamme Speed Champions consacr\u00e9 aux voitures. Ce mod\u00e8le de la c\u00e9l\u00e8bre DeLorean du film comprend le paratonnerre et la plaque d\u2019immatriculation californienne du premier film. Elle peut se transformer en mode voiture volante du deuxi\u00e8me film avec ses fameuses roues basculantes. Les deux versions sont dot\u00e9es de prises d\u2019air \u00e0 l\u2019arri\u00e8re, d\u2019un cockpit, d\u2019un convecteur temporel et d\u2019un calculateur de temps.<\/p>\n<p><a href=\"https:\/\/www.numerama.com\/wp-content\/uploads\/2025\/12\/lego-la-machine-a-remonter-le-temps-de-retour-vers-le-futur.jpg\" target=\"_blank\" rel=\"noopener\"><img decoding=\"async\" width=\"1024\" height=\"576\" loading=\"lazy\" alt=\"La machine \u00e0 remonter le temps de Retour vers le futur \/\/ Source : Lego\" title=\"La machine \u00e0 remonter le temps de Retour vers le futur \/\/ Source : Lego\" class=\"wp-image-2140161 placeholder-default wp-image\" src=\"https:\/\/www.europesays.com\/fr\/wp-content\/uploads\/2025\/12\/lego-la-machine-a-remonter-le-temps-de-retour-vers-le-futur-1024x576.jpg\" \/><\/a>La machine \u00e0 remonter le temps de Retour vers le futur. \/\/ Source : Lego<\/p>\n<p>Le set inclut \u00e9galement les minifigurines de Doc Brown et Marty McFly, pr\u00eates \u00e0 prendre place dans le cockpit de la DeLorean. Un plaisir autant pour les enfants que pour les adultes nostalgiques, qui peuvent construire le mod\u00e8le gr\u00e2ce au livret, mais \u00e9galement via l\u2019application Lego Builders, qui propose des outils de visualisation 3D et un suivi de progression.<\/p>\n<p><a href=\"https:\/\/www.numerama.com\/wp-content\/uploads\/2025\/12\/la-machine-a-remonter-le-temps.jpg\" target=\"_blank\" rel=\"noopener\"><img decoding=\"async\" width=\"1024\" height=\"576\" loading=\"lazy\" alt=\"Les deux configurations de la Delorean \/\/ Source : Lego\" title=\"Les deux configurations de la Delorean \/\/ Source : Lego\" class=\"wp-image-2140167 placeholder-default wp-image\" src=\"https:\/\/www.europesays.com\/fr\/wp-content\/uploads\/2025\/12\/la-machine-a-remonter-le-temps-1024x576.jpg\" \/><\/a>Les deux configurations de la DeLorean. \/\/ Source : Lego<\/p>\n<p>La maquette de la mythique voiture de Retour vers le futur se compose de 357 pi\u00e8ces et affiche des dimensions de 10 cm de haut, 17 cm de long et 7 cm de large. Des proportions qui permettent de capturer avec d\u00e9tail les lignes embl\u00e9matiques de la DeLorean, tout en restant suffisamment compacte pour trouver facilement sa place sur une \u00e9tag\u00e8re.<\/p>\n<p>            <img decoding=\"async\" src=\"https:\/\/www.europesays.com\/fr\/wp-content\/uploads\/2025\/12\/iPhone-16-pro-vDJtn9o4_vzSsPIGCFDc5.png\" alt=\"Toute l'actu tech en un clien d'oeil\"\/><\/p>\n<p class=\"card-install-pwa__title\">Toute l&rsquo;actu tech en un clin d&rsquo;\u0153il<\/p>\n<p class=\"card-install-pwa__description\">Ajoutez Numerama \u00e0 votre \u00e9cran d&rsquo;accueil et restez connect\u00e9s au futur !<\/p>\n<p>            <img decoding=\"async\" src=\"https:\/\/www.numerama.com\/wp-content\/themes\/numerama-next\/dist\/images\/premium\/logo-card-pwa-coupe-vCvPQ_Q_ysBNfqKp6w7gG.svg\" alt=\"Logo PWA\"\/><\/p>\n<p>       Installer Numerama<\/p>\n<p>                        <a href=\"https:\/\/www.numerama.com\/films\/retour-vers-le-futur\/\" class=\"is-block\" target=\"_blank\" rel=\"noopener\"><br \/>\n                            <img decoding=\"async\" width=\"350\" height=\"210\" loading=\"lazy\" alt=\"Une part de l'intrigue de Retour vers le Futur repose aussi sur les \u00e9tranget\u00e9s possibles du voyage dans le temps. \/\/ Source : Film de Robert Zemeckis\" title=\"Une part de l'intrigue de Retour vers le Futur repose aussi sur les \u00e9tranget\u00e9s possibles du voyage dans le temps. \/\/ Source : Film de Robert Zemeckis\" class=\"is-block is-radiused placeholder-default\" src=\"https:\/\/www.europesays.com\/fr\/wp-content\/uploads\/2025\/12\/slider-retour-vers-le-futur-680x383.png\" \/>                        <\/a><\/p>\n","protected":false},"excerpt":{"rendered":"[Pr\u00e9commande] Les plus nostalgiques se souviennent s\u00fbrement avoir regard\u00e9 Retour vers le Futur \u00e9tant enfants, d\u00e9sesp\u00e9r\u00e9s \u00e0 l\u2019id\u00e9e&hellip;\n","protected":false},"author":2,"featured_media":599170,"comment_status":"","ping_status":"","sticky":false,"template":"","format":"standard","meta":{"footnotes":""},"categories":[1354],"tags":[58,59,1346,1011,27,14812,1360,42647,17894],"class_list":{"0":"post-599169","1":"post","2":"type-post","3":"status-publish","4":"format-standard","5":"has-post-thumbnail","7":"category-films","8":"tag-divertissement","9":"tag-entertainment","10":"tag-films","11":"tag-fr","12":"tag-france","13":"tag-lego","14":"tag-movies","15":"tag-precommandes","16":"tag-retour-vers-le-futur"},"share_on_mastodon":{"url":"https:\/\/pubeurope.com\/@fr\/115719268163479145","error":""},"_links":{"self":[{"href":"https:\/\/www.europesays.com\/fr\/wp-json\/wp\/v2\/posts\/599169","targetHints":{"allow":["GET"]}}],"collection":[{"href":"https:\/\/www.europesays.com\/fr\/wp-json\/wp\/v2\/posts"}],"about":[{"href":"https:\/\/www.europesays.com\/fr\/wp-json\/wp\/v2\/types\/post"}],"author":[{"embeddable":true,"href":"https:\/\/www.europesays.com\/fr\/wp-json\/wp\/v2\/users\/2"}],"replies":[{"embeddable":true,"href":"https:\/\/www.europesays.com\/fr\/wp-json\/wp\/v2\/comments?post=599169"}],"version-history":[{"count":0,"href":"https:\/\/www.europesays.com\/fr\/wp-json\/wp\/v2\/posts\/599169\/revisions"}],"wp:featuredmedia":[{"embeddable":true,"href":"https:\/\/www.europesays.com\/fr\/wp-json\/wp\/v2\/media\/599170"}],"wp:attachment":[{"href":"https:\/\/www.europesays.com\/fr\/wp-json\/wp\/v2\/media?parent=599169"}],"wp:term":[{"taxonomy":"category","embeddable":true,"href":"https:\/\/www.europesays.com\/fr\/wp-json\/wp\/v2\/categories?post=599169"},{"taxonomy":"post_tag","embeddable":true,"href":"https:\/\/www.europesays.com\/fr\/wp-json\/wp\/v2\/tags?post=599169"}],"curies":[{"name":"wp","href":"https:\/\/api.w.org\/{rel}","templated":true}]}}