{"id":59917,"date":"2025-04-28T18:41:19","date_gmt":"2025-04-28T18:41:19","guid":{"rendered":"https:\/\/www.europesays.com\/fr\/59917\/"},"modified":"2025-04-28T18:41:19","modified_gmt":"2025-04-28T18:41:19","slug":"alice-29-ans-et-fille-du-boulanger-pedophile-raconte-son-combat","status":"publish","type":"post","link":"https:\/\/www.europesays.com\/fr\/59917\/","title":{"rendered":"Alice, 29 ans et fille du \u00ab\u00a0boulanger p\u00e9dophile\u00a0\u00bb raconte son combat"},"content":{"rendered":"<p>            Par<br \/>\n        <strong><br \/>\n            <a href=\"https:\/\/actu.fr\/auteur\/laurene-fertin\" title=\"Consulter tous les articles de Laur\u00e8ne Fertin\" target=\"_blank\" rel=\"noopener\">Laur\u00e8ne Fertin<\/a><br \/>\n        <\/strong><\/p>\n<p>        Publi\u00e9 le<\/p>\n<p>            28 avr. 2025 \u00e0 18h30        <\/p>\n<p>\u00ab\u2009Je suis une grande r\u00e9volt\u00e9e.\u2009\u00bb Quand on plonge le regard dans les grands yeux noirs <strong>d\u2019Alice Guitton<\/strong>, il est difficile d\u2019en douter. Pourtant, son enfance a \u00e9t\u00e9 malheureuse\u2009: ni\u00e8ce d\u2019un <strong>oncle incestueux,<\/strong> fille du <strong>\u00ab\u2009boulanger p\u00e9dophile\u2009\u00bb<\/strong> de Rennes, la jeune femme de<strong> 29\u00a0ans<\/strong> a v\u00e9cu dans une famille dysfonctionnelle.\u00a0Sans effacer son histoire, mais au contraire, en la racontant dans un livre La fille des Ruines (aux \u00e9ditions Panth\u00e9on), Alice retrace <strong>ses blessures<\/strong> et <strong>son combat judiciaire<\/strong> pour que chacun, chacune, \u00ab\u2009ne baisse pas les bras\u2009\u00bb.<\/p>\n<p class=\"ac-article-content__question wall-content\"><strong class=\"color-primary\">Actu : <\/strong>Vous avez \u00e9t\u00e9 victime d&rsquo;agressions sexuelles et d&rsquo;inceste. Que s&rsquo;est-il pass\u00e9 durant votre enfance et votre adolescence ? <\/p>\n<p class=\" wall-content\"><strong class=\"color-primary\">Alice Guitton : <\/strong>Mon p\u00e8re a \u00e9t\u00e9 tristement connu pour avoir abus\u00e9 sexuellement de ses apprentis alors qu&rsquo;il \u00e9tait boulanger \u00e0 Rennes, mais aussi dans d&rsquo;autres communes de la m\u00e9tropole, comme Cesson-S\u00e9vign\u00e9, dans les ann\u00e9es 1995. Les journaux l&rsquo;avaient renomm\u00e9 le \u00ab\u00a0boulanger p\u00e9dophile\u00a0\u00bb. J&rsquo;ai grandi dans un univers malsain. Si mon p\u00e8re ne m&rsquo;a rien fait &#8211; hormis \u00e0 ma s\u0153ur a\u00een\u00e9e, ce que j&rsquo;apprendrais plus tard &#8211; mon oncle, en revanche, a profit\u00e9 de moi lorsque j&rsquo;\u00e9tais jeune.<\/p>\n<p class=\"ac-article-content__question wall-content\">Vous dites \u00e0 ce titre que votre vuln\u00e9rabilit\u00e9 a attir\u00e9 \u00ab\u00a0d&rsquo;autres pr\u00e9dateurs\u00a0\u00bb, \u00e0 l&rsquo;instar de votre oncle. Pourquoi ?<\/p>\n<p class=\" wall-content\"><strong class=\"color-primary\">A.G : <\/strong>Mon p\u00e8re n&rsquo;\u00e9tant pas un p\u00e8re aimant, pas un p\u00e8re fiable, j&rsquo;\u00e9tais une enfant qui avait besoin d&rsquo;une figure paternelle. Lorsque j&rsquo;\u00e9tais plus jeune, mon oncle a compris ce manque et l&rsquo;a d\u00e9tourn\u00e9 pour profiter de moi. Il ne m&rsquo;a jamais viol\u00e9e mais m&rsquo;a agress\u00e9e sexuellement. Ces agressions ont dur\u00e9 de mes 6 \u00e0 13 ans. <\/p>\n<blockquote class=\"ac-article-quote wall-content\">\n<p>S&rsquo;il n&rsquo;est pas entr\u00e9 dans mon corps, mon oncle est entr\u00e9 dans ma t\u00eate pour me manipuler (&#8230;). Sans mon consentement et malgr\u00e9 moi, mon oncle a souill\u00e9 mon corps d&rsquo;enfant avec des baisers et des caresses d&rsquo;adulte (&#8230;). Il a abus\u00e9 de ma jeunesse, de ma d\u00e9tresse et de ma faiblesse.<\/p>\n<p>    <strong>Alice Guitton<\/strong><br \/>\n        La fille des ruines, extrait de la page 53     <\/p><\/blockquote>\n<p class=\"ac-article-content__question wall-content\">\u00c0 quel moment avez-vous d\u00e9cid\u00e9 d&rsquo;en parler ?<\/p>\n<p class=\" wall-content\"><strong class=\"color-primary\">A.G : <\/strong>\u00c0 13 ans, j&rsquo;ai d\u00e9cid\u00e9 d&rsquo;en parler \u00e0 ma m\u00e8re pour la premi\u00e8re fois. Je l&rsquo;ai fait comme je pouvais, avec mes mots. Des mots d&rsquo;enfants. Je lui ai dit que mon oncle \u00e9tait bizarre, qu&rsquo;il regardait souvent mon d\u00e9collet\u00e9. Je n&rsquo;ai pas \u00e9t\u00e9 entendue, ma m\u00e8re, \u00e0 cette \u00e9poque, \u00e9tait l&rsquo;ombre d&rsquo;elle-m\u00eame et sous l&#8217;emprise de mon p\u00e8re. J&rsquo;ai \u00e9t\u00e9 mise de c\u00f4t\u00e9. <\/p>\n<p class=\"ac-article-content__question wall-content\">Plus tard, un psychologue vous enjoint \u00e0 d\u00e9poser plainte. Comment cela s&rsquo;est-il pass\u00e9 ? <\/p>\n<p class=\" wall-content\"><strong class=\"color-primary\">A.G : <\/strong>Apr\u00e8s cet \u00e9pisode, j&rsquo;ai grandi et ma m\u00e9moire est revenue par bribes. J&rsquo;ai consult\u00e9 une psychologue qui m&rsquo;a litt\u00e9ralement forc\u00e9e \u00e0 porter plainte contre mon oncle. C&rsquo;\u00e9tait en 2011. En r\u00e9alit\u00e9, je n&rsquo;\u00e9tais pas pr\u00e9par\u00e9e \u00e0 le faire. Comme pour 94 % des victimes, cette plainte a \u00e9t\u00e9 class\u00e9e sans suite, car l&rsquo;infraction n&rsquo;\u00e9tait pas suffisamment caract\u00e9ris\u00e9e. En d&rsquo;autres termes, c&rsquo;\u00e9tait la parole de mon oncle contre la mienne, les preuves n&rsquo;\u00e9taient pas suffisantes. <\/p>\n<blockquote class=\"ac-article-quote wall-content\">\n<p>\u00ab\u00a0Classement sans suite.\u00a0\u00bb Voil\u00e0, \u00e7a s&rsquo;arr\u00eatait l\u00e0. Toutes ces ann\u00e9es de souffrance et d&rsquo;angoisse, toutes ces heures d&rsquo;interrogation et de pression se soldaient par trois mots.<\/p>\n<p>    <strong>Alice Guitton<\/strong><br \/>\n        La fille des ruines, extrait de la page 121     <\/p><\/blockquote>\n<p>      <img   decoding=\"async\" loading=\"lazy\" src=\"https:\/\/www.europesays.com\/fr\/wp-content\/uploads\/2025\/04\/alice-guitton-rennes-boulanger-pedophile-livre-960x640.jpg\" alt=\"xxxx\" width=\"960\" height=\"640\"\/><br \/>\n    \u00ab\u2009Il y a des p\u00e9dophiles qui se cachent derri\u00e8re de bons p\u00e8res de famille\u2009\u00bb, commence la pr\u00e9face du livre La fille des ruines, d\u2019Alice Guitton, publi\u00e9 en novembre\u00a02024. (\u00a9 Laur\u00e8ne Fertin \u2013 actu Rennes)<\/p>\n<p class=\"ac-article-content__question wall-content\">Vous dites que l&rsquo;enqu\u00eate a \u00e9t\u00e9 totalement b\u00e2cl\u00e9e. Pour quelles raisons ?\n<\/p>\n<p class=\" wall-content\"><strong class=\"color-primary\">A.G : <\/strong>Je me suis tourn\u00e9e vers l&rsquo;association SOS victimes d&rsquo;Ille-et-Vilaine, en octobre 2013, qui m&rsquo;a indiqu\u00e9 qu&rsquo;il \u00e9tait possible de consulter la totalit\u00e9 de mon dossier. Lorsque je l&rsquo;ai consult\u00e9, six ans plus tard, j&rsquo;ai pris conscience que les gendarmes n&rsquo;avaient pas retranscrit fid\u00e8lement mon t\u00e9moignage. Que des personnes qui devaient \u00eatre auditionn\u00e9es ne l&rsquo;ont jamais \u00e9t\u00e9. Que mon dossier qui devait \u00eatre transmis \u00e0 la gendarmerie de Bain-de-Bretagne ne l&rsquo;a jamais \u00e9t\u00e9 non plus. Mon avocate avait par ailleurs suppos\u00e9 que ma plainte n&rsquo;ait pas abouti parce que mon oncle se trouvait alors dans un \u00e9tat de sant\u00e9 pr\u00e9occupant.<\/p>\n<p class=\"ac-article-content__question wall-content\">Vous d\u00e9cidez de contacter la CIVI, la Commission d&rsquo;indemnisation des victimes, pour que votre statut soit enfin reconnu par la Justice. Comment cela s&rsquo;est-il d\u00e9roul\u00e9 ?<\/p>\n<p class=\" wall-content\"><strong class=\"color-primary\">A.G : <\/strong>La CIVI est un organisme qui permet l&rsquo;indemnisation des victimes au nom de la solidarit\u00e9 nationale. Plus que l&rsquo;indemnisation, c&rsquo;\u00e9tait la reconnaissance de mes agressions qui m&rsquo;importait. Malheureusement, on ne pouvait pas \u00eatre \u00e2g\u00e9 de plus de 21 ans et j&rsquo;avais cet \u00e2ge \u00e0 ce moment-l\u00e0. J&rsquo;ai tout de m\u00eame constitu\u00e9 un dossier. Je suis pass\u00e9e devant un jury.<\/p>\n<blockquote class=\"ac-article-quote wall-content\">\n<p>J&rsquo;avais 16 ans quand j&rsquo;ai pouss\u00e9 la porte de la gendarmerie pour la premi\u00e8re fois ; j&rsquo;en avais 25 quand j&rsquo;ai ferm\u00e9 celle de la CIVI pour la derni\u00e8re fois. Toutes ces ann\u00e9es de souffrances, de doutes, de peurs, de pleurs&#8230; Trop de fois j&rsquo;avais \u00e9t\u00e9 rabaiss\u00e9e, discr\u00e9dit\u00e9e ou r\u00e9duite au silence&#8230;<\/p>\n<p>    <strong>Alice Guitton<\/strong><br \/>\n        La fille des ruines, extrait de la page 185     <\/p><\/blockquote>\n<p class=\"ac-article-content__question wall-content\">Et votre statut a \u00e9t\u00e9, enfin, accept\u00e9. Que retenez-vous de ce parcours ? <\/p>\n<p class=\" wall-content\"><strong class=\"color-primary\">A.G : <\/strong>Tout au long de mon parcours, je n&rsquo;ai pas eu de chance. J&rsquo;\u00e9tais seule, j&rsquo;ai avanc\u00e9 comme je l&rsquo;ai pu. Auparavant, j&rsquo;avais honte et je ressentais de la culpabilit\u00e9 vis-\u00e0-vis de mon pass\u00e9. Aujourd&rsquo;hui, je peux et je veux parler de mon histoire, j&rsquo;ai trouv\u00e9 une certaine forme de paix. Je me dis que je n&rsquo;ai pas v\u00e9cu tout cela pour rien. Je r\u00e9side d\u00e9sormais en Vend\u00e9e, j&rsquo;ai chang\u00e9 de vie. <\/p>\n<p class=\"ac-article-content__question wall-content\">Que sont devenus votre oncle, et votre p\u00e8re ?<\/p>\n<p class=\" wall-content\"><strong class=\"color-primary\">A.G : <\/strong>Mon oncle est d\u00e9c\u00e9d\u00e9 en 2012. Il n&rsquo;a jamais \u00e9t\u00e9 condamn\u00e9 par la Justice pour ce qu&rsquo;il a fait. Quant \u00e0 mon p\u00e8re, il a v\u00e9cu trois ou quatre proc\u00e8s et en tout, il n&rsquo;a fait que quatre mois fermes de prison. Lui non plus, n&rsquo;a pas pay\u00e9 pour ce qu&rsquo;il a fait. Je n&rsquo;ai plus de contact avec lui.<\/p>\n<p>J&rsquo;esp\u00e8re, en tout cas, que mon livre aidera les victimes \u00e0 ne pas perdre espoir. <\/p>\n<p class=\" wall-content\">Suivez toute l\u2019actualit\u00e9 de vos villes et m\u00e9dias favoris en vous inscrivant \u00e0 <a href=\"https:\/\/moncompte.actu.fr\" title=\"D\u00e9couvez Mon Actu\" rel=\"nofollow noopener\" data-trk=\"{&quot;cta&quot;:{&quot;action&quot;:&quot;https:\\\/\\\/moncompte.actu.fr&quot;,&quot;category&quot;:&quot;mon compte&quot;,&quot;from&quot;:&quot;article footer&quot;,&quot;name&quot;:&quot;Mon actu&quot;,&quot;type&quot;:&quot;cta&quot;}}\" target=\"_blank\">Mon Actu<\/a>.<\/p>\n","protected":false},"excerpt":{"rendered":"Par Laur\u00e8ne Fertin Publi\u00e9 le 28 avr. 2025 \u00e0 18h30 \u00ab\u2009Je suis une grande r\u00e9volt\u00e9e.\u2009\u00bb Quand on plonge&hellip;\n","protected":false},"author":2,"featured_media":59918,"comment_status":"","ping_status":"","sticky":false,"template":"","format":"standard","meta":{"footnotes":""},"categories":[2821],"tags":[1111,11,829,1777,674,1011,27,303,12,584,25,104,240,799],"class_list":{"0":"post-59917","1":"post","2":"type-post","3":"status-publish","4":"format-standard","5":"has-post-thumbnail","7":"category-rennes","8":"tag-actu","9":"tag-actualites","10":"tag-bretagne","11":"tag-eu","12":"tag-europe","13":"tag-fr","14":"tag-france","15":"tag-justice","16":"tag-news","17":"tag-rennes","18":"tag-republique-francaise","19":"tag-societe","20":"tag-temoignage","21":"tag-violences-sexuelles"},"share_on_mastodon":{"url":"https:\/\/pubeurope.com\/@fr\/114417059977031065","error":""},"_links":{"self":[{"href":"https:\/\/www.europesays.com\/fr\/wp-json\/wp\/v2\/posts\/59917","targetHints":{"allow":["GET"]}}],"collection":[{"href":"https:\/\/www.europesays.com\/fr\/wp-json\/wp\/v2\/posts"}],"about":[{"href":"https:\/\/www.europesays.com\/fr\/wp-json\/wp\/v2\/types\/post"}],"author":[{"embeddable":true,"href":"https:\/\/www.europesays.com\/fr\/wp-json\/wp\/v2\/users\/2"}],"replies":[{"embeddable":true,"href":"https:\/\/www.europesays.com\/fr\/wp-json\/wp\/v2\/comments?post=59917"}],"version-history":[{"count":0,"href":"https:\/\/www.europesays.com\/fr\/wp-json\/wp\/v2\/posts\/59917\/revisions"}],"wp:featuredmedia":[{"embeddable":true,"href":"https:\/\/www.europesays.com\/fr\/wp-json\/wp\/v2\/media\/59918"}],"wp:attachment":[{"href":"https:\/\/www.europesays.com\/fr\/wp-json\/wp\/v2\/media?parent=59917"}],"wp:term":[{"taxonomy":"category","embeddable":true,"href":"https:\/\/www.europesays.com\/fr\/wp-json\/wp\/v2\/categories?post=59917"},{"taxonomy":"post_tag","embeddable":true,"href":"https:\/\/www.europesays.com\/fr\/wp-json\/wp\/v2\/tags?post=59917"}],"curies":[{"name":"wp","href":"https:\/\/api.w.org\/{rel}","templated":true}]}}