{"id":599180,"date":"2025-12-14T18:17:15","date_gmt":"2025-12-14T18:17:15","guid":{"rendered":"https:\/\/www.europesays.com\/fr\/599180\/"},"modified":"2025-12-14T18:17:15","modified_gmt":"2025-12-14T18:17:15","slug":"la-communaute-internationale-denonce-une-odieuse-attaque-meurtriere-apres-une-fusillade-qui-a-fait-12-morts-pendant-une-fete-juive-sur-une-plage-de-sydney","status":"publish","type":"post","link":"https:\/\/www.europesays.com\/fr\/599180\/","title":{"rendered":"la communaut\u00e9 internationale d\u00e9nonce une \u00ab\u00a0odieuse attaque meurtri\u00e8re\u00a0\u00bb apr\u00e8s une fusillade qui a fait 12 morts pendant une f\u00eate juive sur une plage de Sydney"},"content":{"rendered":"<p>   Les autorit\u00e9s isra\u00e9liennes d\u00e9noncent l\u2019inaction de Canberra face \u00e0 la mont\u00e9e de l\u2019antis\u00e9mitisme             <\/p>\n<p class=\"post__live-container--answer-text post__space-node\">Benyamin N\u00e9tanyahou, le premier ministre isra\u00e9lien, a accus\u00e9 le gouvernement australien d\u2019avoir \u00ab\u00a0jet\u00e9 de l\u2019huile sur le feu de l\u2019antis\u00e9mitisme\u00a0\u00bb avant la fusillade de dimanche 14\u00a0d\u00e9cembre \u00e0 Sydney. \u00ab\u00a0Il y a trois mois, j\u2019ai \u00e9crit au premier ministre australien pour lui dire que [sa] politique jetait de l\u2019huile sur le feu de l\u2019antis\u00e9mitisme\u00a0\u00bb, a d\u00e9clar\u00e9 M. N\u00e9tanyahou, en r\u00e9f\u00e9rence \u00e0 une lettre envoy\u00e9e \u00e0 Anthony Albanese en ao\u00fbt apr\u00e8s l\u2019annonce par Canberra de sa d\u00e9cision de reconna\u00eetre un Etat palestinien. \u00ab\u00a0L\u2019antis\u00e9mitisme est un cancer qui se propage lorsque les dirigeants restent silencieux et n\u2019agissent pas\u00a0\u00bb, a fustig\u00e9 M. N\u00e9tanyahou lors d\u2019un discours t\u00e9l\u00e9vis\u00e9 prononc\u00e9 \u00e0 l\u2019occasion d\u2019un \u00e9v\u00e9nement dans le sud d\u2019Isra\u00ebl.<\/p>\n<p class=\"post__live-container--answer-text post__space-node\">Le pr\u00e9sident isra\u00e9lien, Isaac Herzog, avait \u00e9t\u00e9 le premier dimanche \u00e0 annoncer le caract\u00e8re antis\u00e9mite de l\u2019attaque, en d\u00e9clarant de J\u00e9rusalem\u00a0: \u00ab\u00a0Nos fr\u00e8res et s\u0153urs de Sydney, en Australie, ont \u00e9t\u00e9 attaqu\u00e9s par d\u2019ignobles terroristes dans une attaque tr\u00e8s cruelle contre des juifs.\u00a0\u00bb<\/p>\n<p class=\"post__live-container--answer-text post__space-node\">\u00ab\u00a0Nous r\u00e9p\u00e9tons sans cesse nos avertissements au gouvernement australien afin qu\u2019il prenne des mesures et lutte contre la vague massive d\u2019antis\u00e9mitisme qui s\u00e9vit dans la soci\u00e9t\u00e9 australienne\u00a0\u00bb, a ajout\u00e9 le pr\u00e9sident dans un discours prononc\u00e9 \u00e0 J\u00e9rusalem.<\/p>\n<p class=\"post__live-container--answer-text post__space-node\">Le ministre des affaires \u00e9trang\u00e8res, Gideon Saar, s\u2019est dit \u00ab\u00a0constern\u00e9\u00a0\u00bb sur le r\u00e9seau social X, estimant que \u00ab\u00a0ce sont les cons\u00e9quences de la vague d\u2019antis\u00e9mitisme qui a d\u00e9ferl\u00e9 dans les rues d\u2019Australie ces deux derni\u00e8res ann\u00e9es\u00a0\u00bb. \u00ab\u00a0Le gouvernement australien, qui a re\u00e7u d\u2019innombrables signaux d\u2019alerte, doit se ressaisir\u00a0!\u00a0\u00bb, a-t-il insist\u00e9.<\/p>\n<p class=\"post__live-container--answer-text post__space-node\">Le chef de l\u2019opposition isra\u00e9lienne, Yair Lapid, s\u2019est dit \u00ab\u00a0horrifi\u00e9 par l\u2019attaque terroriste antis\u00e9mite\u00a0\u00bb \u00e0 Sydney. \u00ab\u00a0Boulder. Manchester. Washington. Et maintenant Sydney. Les noms de plus en plus de villes \u00e0 travers le monde deviennent synonymes d\u2019attaques meurtri\u00e8res contre les juifs. Pour mettre fin \u00e0 ces horreurs, une intervention imm\u00e9diate et d\u00e9cisive est n\u00e9cessaire \u00e0 tous les niveaux\u00a0\u00bb, a-t-il ajout\u00e9 sur X.<\/p>\n<p class=\"post__live-container--answer-text post__space-node\">Pour le ministre d\u2019extr\u00eame droite charg\u00e9 de la s\u00e9curit\u00e9 nationale, Itamar Ben Gvir, \u00ab\u00a0le sang des victimes est sur les mains du gouvernement australien, qui a annonc\u00e9 la reconnaissance d\u2019un Etat \u201cpalestinien\u201d et a l\u00e9gitim\u00e9 le terrorisme contre les juifs\u00a0\u00bb.<\/p>\n<p class=\"post__live-container--answer-text post__space-node\">Le chef de l\u2019Association juive australienne avait auparavant estim\u00e9 qu\u2019Anthony Albanese \u00ab\u00a0n\u2019a pas pris les mesures ad\u00e9quates pour prot\u00e9ger la communaut\u00e9 juive\u00a0\u00bb.<\/p>\n","protected":false},"excerpt":{"rendered":"Les autorit\u00e9s isra\u00e9liennes d\u00e9noncent l\u2019inaction de Canberra face \u00e0 la mont\u00e9e de l\u2019antis\u00e9mitisme Benyamin N\u00e9tanyahou, le premier ministre&hellip;\n","protected":false},"author":2,"featured_media":599181,"comment_status":"","ping_status":"","sticky":false,"template":"","format":"standard","meta":{"footnotes":""},"categories":[5],"tags":[11,1011,27,14,12,28],"class_list":{"0":"post-599180","1":"post","2":"type-post","3":"status-publish","4":"format-standard","5":"has-post-thumbnail","7":"category-international","8":"tag-actualites","9":"tag-fr","10":"tag-france","11":"tag-international","12":"tag-news","13":"tag-world"},"share_on_mastodon":{"url":"https:\/\/pubeurope.com\/@fr\/115719297090095241","error":""},"_links":{"self":[{"href":"https:\/\/www.europesays.com\/fr\/wp-json\/wp\/v2\/posts\/599180","targetHints":{"allow":["GET"]}}],"collection":[{"href":"https:\/\/www.europesays.com\/fr\/wp-json\/wp\/v2\/posts"}],"about":[{"href":"https:\/\/www.europesays.com\/fr\/wp-json\/wp\/v2\/types\/post"}],"author":[{"embeddable":true,"href":"https:\/\/www.europesays.com\/fr\/wp-json\/wp\/v2\/users\/2"}],"replies":[{"embeddable":true,"href":"https:\/\/www.europesays.com\/fr\/wp-json\/wp\/v2\/comments?post=599180"}],"version-history":[{"count":0,"href":"https:\/\/www.europesays.com\/fr\/wp-json\/wp\/v2\/posts\/599180\/revisions"}],"wp:featuredmedia":[{"embeddable":true,"href":"https:\/\/www.europesays.com\/fr\/wp-json\/wp\/v2\/media\/599181"}],"wp:attachment":[{"href":"https:\/\/www.europesays.com\/fr\/wp-json\/wp\/v2\/media?parent=599180"}],"wp:term":[{"taxonomy":"category","embeddable":true,"href":"https:\/\/www.europesays.com\/fr\/wp-json\/wp\/v2\/categories?post=599180"},{"taxonomy":"post_tag","embeddable":true,"href":"https:\/\/www.europesays.com\/fr\/wp-json\/wp\/v2\/tags?post=599180"}],"curies":[{"name":"wp","href":"https:\/\/api.w.org\/{rel}","templated":true}]}}