{"id":599182,"date":"2025-12-14T18:18:18","date_gmt":"2025-12-14T18:18:18","guid":{"rendered":"https:\/\/www.europesays.com\/fr\/599182\/"},"modified":"2025-12-14T18:18:18","modified_gmt":"2025-12-14T18:18:18","slug":"temoignage-dermatose-nodulaire-inquiet-leleveur-attend-avec-febrilite-les-resultats-des-tests-realises-sur-ses-vaches","status":"publish","type":"post","link":"https:\/\/www.europesays.com\/fr\/599182\/","title":{"rendered":"T\u00c9MOIGNAGE. Dermatose nodulaire\u00a0: \u00ab\u00a0Inquiet\u00a0\u00bb, l\u2019\u00e9leveur attend avec f\u00e9brilit\u00e9 les r\u00e9sultats des tests r\u00e9alis\u00e9s sur ses vaches"},"content":{"rendered":"<p>\n                                                                    l&rsquo;essentiel<br \/>\n                                                                \u00c0 Benque, au sud de la Haute-Garonne, un agriculteur attend avec f\u00e9brilit\u00e9 les r\u00e9sultats des tests r\u00e9alis\u00e9s sur ses vaches. Les autorit\u00e9s sanitaires suspectent un nouveau cas de dermatose nodulaire contagieuse. Deux des quatre tests sont pour l\u2019heure revenus n\u00e9gatifs, selon l\u2019\u00e9leveur.\n                            <\/p>\n<p>\u00c0 Benque, un petit village du Comminges de moins de 200 habitants, au sud de la Haute-Garonne, la tension est forte en ce dimanche 14\u00a0d\u00e9cembre. Un cordon des membres des forces de l\u2019ordre entoure la commune afin de s\u00e9curiser l\u2019acc\u00e8s \u00e0 la ferme de Christian Lasserre.<\/p>\n<p>C\u2019est l\u00e0 qu\u2019un nouveau cas suspect de dermatose nodulaire contagieuse a \u00e9t\u00e9 d\u00e9tect\u00e9, deux jours apr\u00e8s celui de Touille, \u00e0 une trentaine de kilom\u00e8tres plus au sud du d\u00e9partement. Depuis quelques heures, des agriculteurs et des habitants sont venus soutenir cet \u00e9leveur de bovins, suspendu aux r\u00e9sultats des tests r\u00e9alis\u00e9s par les autorit\u00e9s sanitaires pour savoir si son troupeau va devoir \u00eatre abattu.<\/p>\n<p>        <img decoding=\"async\" class=\"std-img__img responsive-img\" src=\"https:\/\/www.europesays.com\/fr\/wp-content\/uploads\/2025\/12\/1765736296_900_image.jpg\" alt=\"Pr\u00e8s de 200 personnes sont rassembl\u00e9es \u00e0 Benque, au sud de la Haute-Garonne, pour soutenir l\u2019agriculteur.\"\/><\/p>\n<p>                Pr\u00e8s de 200 personnes sont rassembl\u00e9es \u00e0 Benque, au sud de la Haute-Garonne, pour soutenir l\u2019agriculteur.<br \/>\n                                    DDM &#8211; Laurent Dard<\/p>\n<p>\u00ab\u00a0\u00c0 l\u2019heure qu\u2019il est, j\u2019ai eu la r\u00e9ponse de la DDPP sur quatre tests. Il y en a deux de n\u00e9gatifs. On est en attente des deux autres tests qui me seront communiqu\u00e9s d\u00e8s que possible\u00a0\u00bb, indique Christian Lasserre qui poss\u00e8de un cheptel de 82 vaches. Ce dernier ne le cache pas, il est \u00ab\u00a0inquiet, tant qu\u2019on n\u2019a pas les r\u00e9sultats finals\u00a0\u00bb.<\/p>\n<p>        <img decoding=\"async\" class=\"std-img__img responsive-img\" src=\"https:\/\/www.europesays.com\/fr\/wp-content\/uploads\/2025\/12\/1765736298_27_image.jpg\" alt=\"Pr\u00e8s de 200 personnes sont rassembl\u00e9es \u00e0 Benque, au sud de la Haute-Garonne, pour soutenir l\u2019agriculteur.\"\/><\/p>\n<p>                Pr\u00e8s de 200 personnes sont rassembl\u00e9es \u00e0 Benque, au sud de la Haute-Garonne, pour soutenir l\u2019agriculteur.<br \/>\n                                    DDM &#8211; Laurent Dard<\/p>\n<p>En attendant, il essaie de trouver du r\u00e9confort aupr\u00e8s de tous ses coll\u00e8gues venus le soutenir \u00e0 l\u2019appel des syndicats agricoles\u00a0: les Jeunes Agriculteurs, la Coordination rurale et la FDSEA dont des repr\u00e9sentants sont pr\u00e9sents sur place. \u00ab\u00a0\u00c7a fait chaud au c\u0153ur, on voit qu\u2019il y a beaucoup de soutien. Il faut aussi que ce massacre s\u2019arr\u00eate.\u00a0\u00bb<\/p>\n<p>F\u00e9brile, l\u2019agriculteur haut-garonnais attend. Et se pr\u00e9pare au pire. \u00ab\u00a0On n\u2019est jamais pr\u00eat \u00e0 l\u2019accepter, mais il faudra le faire quand m\u00eame. De toute fa\u00e7on, je pense qu\u2019on n\u2019a pas le choix\u00a0\u00bb, conclut-il r\u00e9sign\u00e9.<\/p>\n<p>*Direction d\u00e9partementale de la protection des populations<\/p>\n","protected":false},"excerpt":{"rendered":"l&rsquo;essentiel \u00c0 Benque, au sud de la Haute-Garonne, un agriculteur attend avec f\u00e9brilit\u00e9 les r\u00e9sultats des tests r\u00e9alis\u00e9s&hellip;\n","protected":false},"author":2,"featured_media":599183,"comment_status":"","ping_status":"","sticky":false,"template":"","format":"standard","meta":{"footnotes":""},"categories":[4],"tags":[11,327,70814,33,1011,27,2722,12,25,2312],"class_list":{"0":"post-599182","1":"post","2":"type-post","3":"status-publish","4":"format-standard","5":"has-post-thumbnail","7":"category-france","8":"tag-actualites","9":"tag-agriculture","10":"tag-dermatose-nodulaire","11":"tag-economie","12":"tag-fr","13":"tag-france","14":"tag-haute-garonne","15":"tag-news","16":"tag-republique-francaise","17":"tag-toulouse"},"share_on_mastodon":{"url":"https:\/\/pubeurope.com\/@fr\/115719302426360904","error":""},"_links":{"self":[{"href":"https:\/\/www.europesays.com\/fr\/wp-json\/wp\/v2\/posts\/599182","targetHints":{"allow":["GET"]}}],"collection":[{"href":"https:\/\/www.europesays.com\/fr\/wp-json\/wp\/v2\/posts"}],"about":[{"href":"https:\/\/www.europesays.com\/fr\/wp-json\/wp\/v2\/types\/post"}],"author":[{"embeddable":true,"href":"https:\/\/www.europesays.com\/fr\/wp-json\/wp\/v2\/users\/2"}],"replies":[{"embeddable":true,"href":"https:\/\/www.europesays.com\/fr\/wp-json\/wp\/v2\/comments?post=599182"}],"version-history":[{"count":0,"href":"https:\/\/www.europesays.com\/fr\/wp-json\/wp\/v2\/posts\/599182\/revisions"}],"wp:featuredmedia":[{"embeddable":true,"href":"https:\/\/www.europesays.com\/fr\/wp-json\/wp\/v2\/media\/599183"}],"wp:attachment":[{"href":"https:\/\/www.europesays.com\/fr\/wp-json\/wp\/v2\/media?parent=599182"}],"wp:term":[{"taxonomy":"category","embeddable":true,"href":"https:\/\/www.europesays.com\/fr\/wp-json\/wp\/v2\/categories?post=599182"},{"taxonomy":"post_tag","embeddable":true,"href":"https:\/\/www.europesays.com\/fr\/wp-json\/wp\/v2\/tags?post=599182"}],"curies":[{"name":"wp","href":"https:\/\/api.w.org\/{rel}","templated":true}]}}