{"id":599185,"date":"2025-12-14T18:20:13","date_gmt":"2025-12-14T18:20:13","guid":{"rendered":"https:\/\/www.europesays.com\/fr\/599185\/"},"modified":"2025-12-14T18:20:13","modified_gmt":"2025-12-14T18:20:13","slug":"trois-jeunes-condamnes-pour-avoir-sequestre-et-tabasse-un-mineur","status":"publish","type":"post","link":"https:\/\/www.europesays.com\/fr\/599185\/","title":{"rendered":"trois jeunes condamn\u00e9s pour avoir s\u00e9questr\u00e9 et tabass\u00e9 un mineur"},"content":{"rendered":"<p>Ils sont trois primo-d\u00e9linquants, tout juste \u00e2g\u00e9s de 18 ans. Pourtant, ils ont commis une atrocit\u00e9 qui leur collera longtemps aux baskets. Alors que la nuit tombait, le vendredi 7\u00a0novembre, ils ont enlev\u00e9, s\u00e9questr\u00e9 et pass\u00e9 \u00e0 tabac un adolescent de 15 ans, avant de le rel\u00e2cher dans une zone industrielle st\u00e9phanoise.<\/p>\n<p>Pr\u00e9sente \u00e0 la barre du tribunal de Saint-\u00c9tienne ce 10\u00a0d\u00e9cembre, la jeune victime raconte, d\u2019un ton monotone, sans \u00e9motion, cette soir\u00e9e traumatisante o\u00f9 il s\u2019est vu mourir.<\/p>\n<p>\u00ab\u00a0Une femme m\u2019a ajout\u00e9 sur les r\u00e9seaux sociaux et m\u2019a donn\u00e9 rendez-vous, t\u00e9moigne le lyc\u00e9en. Je suis mont\u00e9 dans sa voiture et nous sommes all\u00e9s au lac de Terrenoire. Quand je remonte dans la voiture, les trois cagoul\u00e9s arrivent, donnent un coup avec un pistolet, me sortent, me&#8230;<\/p>\n","protected":false},"excerpt":{"rendered":"Ils sont trois primo-d\u00e9linquants, tout juste \u00e2g\u00e9s de 18 ans. Pourtant, ils ont commis une atrocit\u00e9 qui leur&hellip;\n","protected":false},"author":2,"featured_media":599186,"comment_status":"","ping_status":"","sticky":false,"template":"","format":"standard","meta":{"footnotes":""},"categories":[9653],"tags":[1111,11,2430,271,272,7539,1777,674,274,107,1011,27,3367,12,25,4001,7538],"class_list":{"0":"post-599185","1":"post","2":"type-post","3":"status-publish","4":"format-standard","5":"has-post-thumbnail","7":"category-saint-etienne","8":"tag-actu","9":"tag-actualites","10":"tag-auvergne-rhone-alpes","11":"tag-crime","12":"tag-delit-et-contravention","13":"tag-edition-loire-sud","14":"tag-eu","15":"tag-europe","16":"tag-faits-divers-justice","17":"tag-fil-info","18":"tag-fr","19":"tag-france","20":"tag-loire","21":"tag-news","22":"tag-republique-francaise","23":"tag-saint-etienne","24":"tag-saint-etienne-ville"},"share_on_mastodon":{"url":"https:\/\/pubeurope.com\/@fr\/115719308773459554","error":""},"_links":{"self":[{"href":"https:\/\/www.europesays.com\/fr\/wp-json\/wp\/v2\/posts\/599185","targetHints":{"allow":["GET"]}}],"collection":[{"href":"https:\/\/www.europesays.com\/fr\/wp-json\/wp\/v2\/posts"}],"about":[{"href":"https:\/\/www.europesays.com\/fr\/wp-json\/wp\/v2\/types\/post"}],"author":[{"embeddable":true,"href":"https:\/\/www.europesays.com\/fr\/wp-json\/wp\/v2\/users\/2"}],"replies":[{"embeddable":true,"href":"https:\/\/www.europesays.com\/fr\/wp-json\/wp\/v2\/comments?post=599185"}],"version-history":[{"count":0,"href":"https:\/\/www.europesays.com\/fr\/wp-json\/wp\/v2\/posts\/599185\/revisions"}],"wp:featuredmedia":[{"embeddable":true,"href":"https:\/\/www.europesays.com\/fr\/wp-json\/wp\/v2\/media\/599186"}],"wp:attachment":[{"href":"https:\/\/www.europesays.com\/fr\/wp-json\/wp\/v2\/media?parent=599185"}],"wp:term":[{"taxonomy":"category","embeddable":true,"href":"https:\/\/www.europesays.com\/fr\/wp-json\/wp\/v2\/categories?post=599185"},{"taxonomy":"post_tag","embeddable":true,"href":"https:\/\/www.europesays.com\/fr\/wp-json\/wp\/v2\/tags?post=599185"}],"curies":[{"name":"wp","href":"https:\/\/api.w.org\/{rel}","templated":true}]}}