{"id":599187,"date":"2025-12-14T18:21:16","date_gmt":"2025-12-14T18:21:16","guid":{"rendered":"https:\/\/www.europesays.com\/fr\/599187\/"},"modified":"2025-12-14T18:21:16","modified_gmt":"2025-12-14T18:21:16","slug":"saint-etienne-sur-reyssouze-vingt-et-un-convives-au-repas-de-fin-dannee-du-ccas","status":"publish","type":"post","link":"https:\/\/www.europesays.com\/fr\/599187\/","title":{"rendered":"Saint-\u00c9tienne-sur-Reyssouze. Vingt et un convives au repas de fin d\u2019ann\u00e9e du CCAS"},"content":{"rendered":"<p>Chaque ann\u00e9e avant No\u00ebl, le Centre Communal d\u2019Action Sociale (CCAS) convie les habitants \u00e2g\u00e9s de plus de 75\u00a0ans. Ce samedi 13\u00a0d\u00e9cembre, ils \u00e9taient vingt et un\u00a0convives qui, accompagn\u00e9s des huit membres du CCAS, se sont attabl\u00e9s au restaurant du village Chez Marie et Jean-Louis.<\/p>\n<p>Le 20\u00a0d\u00e9cembre, les quarante-deux personnes qui n\u2019ont pas pu participer au banquet recevront \u00e0 leur domicile ou \u00e0 l\u2019h\u00f4pital, un colis de No\u00ebl garni de douceurs et d\u2019accessoires de bien-\u00eatre.<\/p>\n","protected":false},"excerpt":{"rendered":"Chaque ann\u00e9e avant No\u00ebl, le Centre Communal d\u2019Action Sociale (CCAS) convie les habitants \u00e2g\u00e9s de plus de 75\u00a0ans.&hellip;\n","protected":false},"author":2,"featured_media":599188,"comment_status":"","ping_status":"","sticky":false,"template":"","format":"standard","meta":{"footnotes":""},"categories":[9653],"tags":[1111,11,2430,6751,1777,674,1011,27,12,44332,25,4001,71168,801,104,1631],"class_list":{"0":"post-599187","1":"post","2":"type-post","3":"status-publish","4":"format-standard","5":"has-post-thumbnail","7":"category-saint-etienne","8":"tag-actu","9":"tag-actualites","10":"tag-auvergne-rhone-alpes","11":"tag-edition-ain-ouest","12":"tag-eu","13":"tag-europe","14":"tag-fr","15":"tag-france","16":"tag-news","17":"tag-pont-de-vaux-bassin","18":"tag-republique-francaise","19":"tag-saint-etienne","20":"tag-saint-etienne-sur-reyssouze","21":"tag-social","22":"tag-societe","23":"tag-vie-associative"},"share_on_mastodon":{"url":"https:\/\/pubeurope.com\/@fr\/115719312927766863","error":""},"_links":{"self":[{"href":"https:\/\/www.europesays.com\/fr\/wp-json\/wp\/v2\/posts\/599187","targetHints":{"allow":["GET"]}}],"collection":[{"href":"https:\/\/www.europesays.com\/fr\/wp-json\/wp\/v2\/posts"}],"about":[{"href":"https:\/\/www.europesays.com\/fr\/wp-json\/wp\/v2\/types\/post"}],"author":[{"embeddable":true,"href":"https:\/\/www.europesays.com\/fr\/wp-json\/wp\/v2\/users\/2"}],"replies":[{"embeddable":true,"href":"https:\/\/www.europesays.com\/fr\/wp-json\/wp\/v2\/comments?post=599187"}],"version-history":[{"count":0,"href":"https:\/\/www.europesays.com\/fr\/wp-json\/wp\/v2\/posts\/599187\/revisions"}],"wp:featuredmedia":[{"embeddable":true,"href":"https:\/\/www.europesays.com\/fr\/wp-json\/wp\/v2\/media\/599188"}],"wp:attachment":[{"href":"https:\/\/www.europesays.com\/fr\/wp-json\/wp\/v2\/media?parent=599187"}],"wp:term":[{"taxonomy":"category","embeddable":true,"href":"https:\/\/www.europesays.com\/fr\/wp-json\/wp\/v2\/categories?post=599187"},{"taxonomy":"post_tag","embeddable":true,"href":"https:\/\/www.europesays.com\/fr\/wp-json\/wp\/v2\/tags?post=599187"}],"curies":[{"name":"wp","href":"https:\/\/api.w.org\/{rel}","templated":true}]}}