{"id":599189,"date":"2025-12-14T18:22:26","date_gmt":"2025-12-14T18:22:26","guid":{"rendered":"https:\/\/www.europesays.com\/fr\/599189\/"},"modified":"2025-12-14T18:22:26","modified_gmt":"2025-12-14T18:22:26","slug":"nancy-un-dimanche-douverture-exceptionnelle-en-demi-teinte","status":"publish","type":"post","link":"https:\/\/www.europesays.com\/fr\/599189\/","title":{"rendered":"Nancy. Un dimanche d\u2019ouverture exceptionnelle en demi-teinte"},"content":{"rendered":"<p>Les trottoirs de la rue Saint-Jean, art\u00e8re commerciale nanc\u00e9ienne, ne sont pas noirs de monde pour ce dimanche d\u2019ouverture exceptionnelle. Elle est \u00e0 peine plus fr\u00e9quent\u00e9e qu\u2019un jour en semaine. On y fl\u00e2ne comme cette famille h\u00e9sitante quant \u00e0 la direction \u00e0 prendre au niveau de l\u2019angle des rues Saint-Dizier et Saint-Jean\u00a0: \u00ab\u00a0On vient de Metz, on est venu s\u2019a\u00e9rer un peu, voir entre autres votre march\u00e9 de No\u00ebl, mais pour les achats de cadeaux, c\u2019est d\u00e9j\u00e0 fait\u00a0\u00bb. A\u00efe. La concurrence de la vente en ligne, l\u2019av\u00e8nement du Black Friday, auraient-ils soustrait les ouvertures exceptionnelles de leur essence\u00a0?<\/p>\n<p>Autrefois exceptionnel, ce rendez-vous dominical glisse doucement vers l\u2019ordinaire t\u00e9moigne un gardien de la s\u00e9curit\u00e9 du Saint-S\u00e9bastien\u00a0: \u00ab\u00a0L\u00e0, c\u2019est comme un samedi. Ou dimanche dernier o\u00f9 l\u2019on \u00e9tait d\u00e9j\u00e0 ouvert\u00a0\u00bb.<\/p>\n<p>Venue de Richardm\u00e9nil, voici Sandrine qui repart les bras charg\u00e9s. Encore un magasin et ses achats de No\u00ebl effectu\u00e9s en toute qui\u00e9tude seront boucl\u00e9s. Ancienne commer\u00e7ante nanc\u00e9ienne, elle est le portrait type de la cliente de ce dimanche d\u2019ouverture de magasin\u00a0: \u00ab\u00a0C\u2019est le seul jour de la semaine o\u00f9 je peux faire mes cadeaux, alors ces ouvertures m\u2019arrangent. Quand j\u2019\u00e9tais dans le m\u00e9tier, ces jours exceptionnels d\u2019ouverture servaient essentiellement de balade familiale et de rep\u00e9rage de cadeau. L\u00e0, on sent moins d\u2019effervescence dans les magasins\u00a0\u00bb. Pas faux.<\/p>\n<p>  Le gros week-end de la Saint-Nicolas<\/p>\n<p>D\u2019ailleurs \u00e0 la Parenth\u00e8se , sp\u00e9cialiste BD, cette ouverture dominicale est plus affaire de cr\u00e9dibilit\u00e9 que de chiffres\u00a0: \u00ab\u00a0Il y a peu de monde, mais on ouvre pour les gens qui se baladent, s\u2019arr\u00eatent. On sait que le rush sera dimanche prochain\u00a0\u00bb.<\/p>\n<p>La qu\u00eate d\u2019originalit\u00e9 et d\u2019artisanat fait encore les belles histoires commer\u00e7antes. Sp\u00e9cialis\u00e9 dans la d\u00e9coration int\u00e9rieure, le magasin Nicole Lhotte  est devenu pour l\u2019occasion un village de d\u00e9coration de No\u00ebl qui ne d\u00e9semplit pas. Entre deux conseils aux clients, la g\u00e9rante explique pourtant\u00a0: \u00ab\u00a0Notre gros week-end, c\u2019\u00e9tait surtout le pr\u00e9c\u00e9dant avec la <a href=\"https:\/\/www.estrepublicain.fr\/magazine-tourisme-et-patrimoine\/2023\/12\/01\/les-plus-belles-activites-de-noel-a-faire-en-lorraine-pour-se-mettre-dans-l-ambiance\" target=\"_blank\" rel=\"noopener\">Saint-Nicolas<\/a> \u00a0\u00bb.<\/p>\n<p>Retour rue des Carmes, o\u00f9 Christophe g\u00e9rant souriant des Lumi\u00e8res du Temps , magasin sp\u00e9cialis\u00e9 en bougie, fait ses estimations\u00a0: \u00ab\u00a0C\u2019est une quarantaine de clients dans la journ\u00e9e, comme un samedi\u00a0\u00bb.<\/p>\n<p>\u00c0 c\u00f4t\u00e9, Karine Claude qui g\u00e8re Le s Cocottes d\u2019Yvonne  ne compte plus ses heures, tourne depuis trois semaines en 7jours\/7. La client\u00e8le le lui rend bien comme en t\u00e9moigne l\u2019affluence de ce dimanche dans ce magasin sp\u00e9cialis\u00e9 en ustensile de cuisine\u00a0: \u00ab\u00a0J\u2019adore ce que je fais, mais \u00e7a fatigue aussi. Aujourd\u2019hui, j\u2019ai envie de dire, a-t-on le choix\u00a0? On essaye d\u2019avoir notre identit\u00e9, de se renouveler, d\u2019\u00eatre pr\u00e9sent sur les r\u00e9seaux sociaux. Mais d\u00e8s qu\u2019un groupe concurrent annonce s\u2019installer tout pr\u00e8s, c\u2019est tout de suite l\u2019incertitude (N.D.L.R.\u00a0: <a href=\"https:\/\/www.estrepublicain.fr\/economie\/2025\/12\/09\/commerce-culinarion-et-ses-ustensiles-de-cuisine-preparent-leur-retour-au-centre-ville\" target=\"_blank\" rel=\"noopener\">Culinarion  du groupe EK France<\/a> ) parce que pour nous les ind\u00e9pendants, ce n\u2019est la pi\u00e9tonnisation notre souci, mais bien le co\u00fbt affolant de location des cellules. Alors des jours exceptionnels d\u2019ouverture m\u00eame sans grande foule, on prend quand m\u00eame\u00a0\u00bb. Et celui du prochain week-end promet, dans la pure tradition d\u2019avant No\u00ebl, une nu\u00e9e de chasseurs de cadeaux.<\/p>\n","protected":false},"excerpt":{"rendered":"Les trottoirs de la rue Saint-Jean, art\u00e8re commerciale nanc\u00e9ienne, ne sont pas noirs de monde pour ce dimanche&hellip;\n","protected":false},"author":2,"featured_media":599190,"comment_status":"","ping_status":"","sticky":false,"template":"","format":"standard","meta":{"footnotes":""},"categories":[9635],"tags":[1111,11,1687,1704,1777,674,1011,27,775,1702,1703,12,25],"class_list":{"0":"post-599189","1":"post","2":"type-post","3":"status-publish","4":"format-standard","5":"has-post-thumbnail","7":"category-nancy","8":"tag-actu","9":"tag-actualites","10":"tag-culture-loisirs","11":"tag-edition-nancy-et-agglomeration","12":"tag-eu","13":"tag-europe","14":"tag-fr","15":"tag-france","16":"tag-grand-est","17":"tag-nancy","18":"tag-nancy-ville-54b","19":"tag-news","20":"tag-republique-francaise"},"share_on_mastodon":{"url":"https:\/\/pubeurope.com\/@fr\/115719317016298259","error":""},"_links":{"self":[{"href":"https:\/\/www.europesays.com\/fr\/wp-json\/wp\/v2\/posts\/599189","targetHints":{"allow":["GET"]}}],"collection":[{"href":"https:\/\/www.europesays.com\/fr\/wp-json\/wp\/v2\/posts"}],"about":[{"href":"https:\/\/www.europesays.com\/fr\/wp-json\/wp\/v2\/types\/post"}],"author":[{"embeddable":true,"href":"https:\/\/www.europesays.com\/fr\/wp-json\/wp\/v2\/users\/2"}],"replies":[{"embeddable":true,"href":"https:\/\/www.europesays.com\/fr\/wp-json\/wp\/v2\/comments?post=599189"}],"version-history":[{"count":0,"href":"https:\/\/www.europesays.com\/fr\/wp-json\/wp\/v2\/posts\/599189\/revisions"}],"wp:featuredmedia":[{"embeddable":true,"href":"https:\/\/www.europesays.com\/fr\/wp-json\/wp\/v2\/media\/599190"}],"wp:attachment":[{"href":"https:\/\/www.europesays.com\/fr\/wp-json\/wp\/v2\/media?parent=599189"}],"wp:term":[{"taxonomy":"category","embeddable":true,"href":"https:\/\/www.europesays.com\/fr\/wp-json\/wp\/v2\/categories?post=599189"},{"taxonomy":"post_tag","embeddable":true,"href":"https:\/\/www.europesays.com\/fr\/wp-json\/wp\/v2\/tags?post=599189"}],"curies":[{"name":"wp","href":"https:\/\/api.w.org\/{rel}","templated":true}]}}