{"id":59919,"date":"2025-04-28T18:42:13","date_gmt":"2025-04-28T18:42:13","guid":{"rendered":"https:\/\/www.europesays.com\/fr\/59919\/"},"modified":"2025-04-28T18:42:13","modified_gmt":"2025-04-28T18:42:13","slug":"il-a-pete-un-plomb-la-violente-agression-dun-professeur-par-un-eleve-cree-lemoi-dans-ce-lycee-prive-de-rennes","status":"publish","type":"post","link":"https:\/\/www.europesays.com\/fr\/59919\/","title":{"rendered":"\u00ab\u00a0Il a p\u00e9t\u00e9 un plomb\u00a0\u00bb\u00a0: la violente agression d\u2019un professeur par un \u00e9l\u00e8ve cr\u00e9e l\u2019\u00e9moi dans ce lyc\u00e9e priv\u00e9 de Rennes"},"content":{"rendered":"<p>\u00ab Mais qu\u2019est-ce qui lui est pass\u00e9 par la t\u00eate ? \u00bb \u00ab Je ne sais pas\u2026 Il \u00e9tait bourr\u00e9. \u00bb \u00c0 la sortie du lyc\u00e9e Saint-Vincent de la Providence, ce lundi apr\u00e8s-midi, l\u2019agression d\u2019il y a trois jours est encore sur toutes les l\u00e8vres. Vendredi 25 avril en fin d\u2019apr\u00e8s-midi, un \u00e9l\u00e8ve de seconde a souhait\u00e9 participer au cours d\u2019EPS d\u2019une autre classe. \u00ab Il voulait se joindre \u00e0 nous, ses amis, qui avions bien cours avec ce professeur, explique Martin*, un jeune homme de 16 ans. On avait picol\u00e9 avec lui auparavant et il voulait rester avec nous pour jouer au basket. Mais le prof n\u2019a pas voulu. Il lui a demand\u00e9 de quitter le gymnase et l\u00e0\u2026 Il a p\u00e9t\u00e9 un plomb. Pour moi, il n\u2019a jamais \u00e9t\u00e9 violent auparavant. Il a des probl\u00e8mes familiaux en ce moment mais \u00e7a n\u2019explique pas son geste. \u00bb Selon nos informations, l\u2019\u00e9l\u00e8ve de 16 ans aurait agress\u00e9 le professeur par surprise. Ce dernier se serait bless\u00e9 dans sa chute. R\u00e9sultat : 7 points de suture et 7 jours d\u2019interruption de travail.<\/p>\n<p>Dans la communaut\u00e9 \u00e9ducative, le choc est grand. Dans le tr\u00e8s chic quartier Thabor en plein centre-ville, ce lyc\u00e9e priv\u00e9 jouit d\u2019une excellente r\u00e9putation. \u00ab On ne pensait pas possible que \u00e7a arrive ici, soufflent des professeurs \u00e0 la sortie de l\u2019\u00e9tablissement. Certes, nous avons quelques \u00e9l\u00e8ves probl\u00e9matiques sortis du public car les parents cherchent des solutions\u2026 Mais on pensait impossible qu\u2019une agression physique puisse avoir lieu dans l\u2019enceinte de l\u2019\u00e9tablissement. \u00bb<\/p>\n<p>Violences en hausse<\/p>\n<p>\u00ab Il y a de plus en plus de violences exerc\u00e9es contre les enseignants \u00bb, se d\u00e9sole Eric Moisan, repr\u00e9sentant Bretagne pour le Synep, syndicat National de l\u2018Enseignement Priv\u00e9 de la CFE-CGC. \u00ab Depuis cinq ans, c\u2019est terrible. L\u2019autorit\u00e9 est mise \u00e0 mal. \u00c0 tel point que notre syndicat a mis en place une protection juridique. En adh\u00e9rant, les enseignants peuvent obtenir une aide juridique. \u00bb<\/p>\n<p>M\u00eame son de cloche pour Delphine Ruaux, repr\u00e9sentante d\u00e9partementale FEP-CGT : \u00ab Nous demandons que les \u00e9tablissements priv\u00e9s comptent des infirmi\u00e8res et des psychologues. Les jeunes vont de plus en plus mal. Et les classes sont de plus en plus charg\u00e9es. Ce qui emp\u00eache de conna\u00eetre bien les \u00e9l\u00e8ves et de pr\u00e9venir le mal-\u00eatre. Il faut revenir \u00e0 des classes moins charg\u00e9es. La p\u00e9dopsychiatrie est sous dot\u00e9e. Il y a une trentaine de lits pour des adolescents \u00e0 Rennes. \u00bb<\/p>\n<p>Exclusion possible<\/p>\n<p>Selon nos informations, l\u2019\u00e9l\u00e8ve mis en cause risque l\u2019exclusion de l\u2019\u00e9tablissement. Contact\u00e9, le procureur de la r\u00e9publique n\u2019a pas r\u00e9pondu \u00e0 nos sollicitations concernant les suites judiciaires donn\u00e9es.<\/p>\n","protected":false},"excerpt":{"rendered":"\u00ab Mais qu\u2019est-ce qui lui est pass\u00e9 par la t\u00eate ? \u00bb \u00ab Je ne sais pas\u2026 Il&hellip;\n","protected":false},"author":2,"featured_media":59920,"comment_status":"","ping_status":"","sticky":false,"template":"","format":"standard","meta":{"footnotes":""},"categories":[2821],"tags":[1111,11,829,1777,674,3383,1011,27,848,12,584,25],"class_list":{"0":"post-59919","1":"post","2":"type-post","3":"status-publish","4":"format-standard","5":"has-post-thumbnail","7":"category-rennes","8":"tag-actu","9":"tag-actualites","10":"tag-bretagne","11":"tag-eu","12":"tag-europe","13":"tag-faits-divers-a-rennes","14":"tag-fr","15":"tag-france","16":"tag-ille-et-vilaine","17":"tag-news","18":"tag-rennes","19":"tag-republique-francaise"},"share_on_mastodon":{"url":"https:\/\/pubeurope.com\/@fr\/114417063896972675","error":""},"_links":{"self":[{"href":"https:\/\/www.europesays.com\/fr\/wp-json\/wp\/v2\/posts\/59919","targetHints":{"allow":["GET"]}}],"collection":[{"href":"https:\/\/www.europesays.com\/fr\/wp-json\/wp\/v2\/posts"}],"about":[{"href":"https:\/\/www.europesays.com\/fr\/wp-json\/wp\/v2\/types\/post"}],"author":[{"embeddable":true,"href":"https:\/\/www.europesays.com\/fr\/wp-json\/wp\/v2\/users\/2"}],"replies":[{"embeddable":true,"href":"https:\/\/www.europesays.com\/fr\/wp-json\/wp\/v2\/comments?post=59919"}],"version-history":[{"count":0,"href":"https:\/\/www.europesays.com\/fr\/wp-json\/wp\/v2\/posts\/59919\/revisions"}],"wp:featuredmedia":[{"embeddable":true,"href":"https:\/\/www.europesays.com\/fr\/wp-json\/wp\/v2\/media\/59920"}],"wp:attachment":[{"href":"https:\/\/www.europesays.com\/fr\/wp-json\/wp\/v2\/media?parent=59919"}],"wp:term":[{"taxonomy":"category","embeddable":true,"href":"https:\/\/www.europesays.com\/fr\/wp-json\/wp\/v2\/categories?post=59919"},{"taxonomy":"post_tag","embeddable":true,"href":"https:\/\/www.europesays.com\/fr\/wp-json\/wp\/v2\/tags?post=59919"}],"curies":[{"name":"wp","href":"https:\/\/api.w.org\/{rel}","templated":true}]}}