{"id":599193,"date":"2025-12-14T18:25:23","date_gmt":"2025-12-14T18:25:23","guid":{"rendered":"https:\/\/www.europesays.com\/fr\/599193\/"},"modified":"2025-12-14T18:25:23","modified_gmt":"2025-12-14T18:25:23","slug":"la-stat-epatante-du-rct-a-domicile","status":"publish","type":"post","link":"https:\/\/www.europesays.com\/fr\/599193\/","title":{"rendered":"la stat \u00e9patante du RCT \u00e0 domicile"},"content":{"rendered":"<p>                    Par<br \/>\n        <strong><br \/>\n            <a href=\"https:\/\/actu.fr\/auteur\/clement-mazella\" title=\"Consulter tous les articles de Cl\u00e9ment Mazella\" target=\"_blank\" rel=\"noopener\">Cl\u00e9ment Mazella<\/a><br \/>\n                    <\/strong><\/p>\n<p>        Publi\u00e9 le<\/p>\n<p>            14 d\u00e9c. 2025 \u00e0 18h56        <\/p>\n<p>Le public de <a href=\"https:\/\/actu.fr\/tag\/rct-rugby-club-toulonnais\" target=\"_blank\" rel=\"noopener\">Toulon<\/a> a pu exulter au coup de sifflet final : le RCT a mis la mani\u00e8re pour venir \u00e0 bout d\u2019une coriace \u00e9quipe de <strong>Bath (45-34)<\/strong> lors de la 2e journ\u00e9e de <strong>Champions Cup<\/strong>.<\/p>\n<p class=\" wall-content\">Un r\u00e9sultat qui permet aux Varois de se repositionner dans une poule 2 tr\u00e8s dense, o\u00f9 toutes les \u00e9quipes se tiennent en un point.\u00a0<\/p>\n<p>La stat \u00e9patante de Toulon \u00e0 domicile<\/p>\n<p class=\" wall-content\">Vu le sc\u00e9nario de ce groupe, le moindre point laiss\u00e9 en route pourrait s\u2019av\u00e9rer pr\u00e9judiciable. Toulon, lui, n\u2019a pas d\u00e9rog\u00e9 \u00e0 ses bonnes vieilles habitudes en d\u00e9crochant le bonus offensif dans l\u2019antre de Mayol.<\/p>\n<p class=\" wall-content\">Un Mayol o\u00f9 la bande de Pierre Mignoni demeure sur une s\u00e9rie assez \u00e9patante depuis le d\u00e9but de la saison. En effet, <strong>en 7 matchs disput\u00e9s sur ses terres cette saison, Toulon est invaincu et a empoch\u00e9 \u00e0 6 reprises le point de bonus offensif<\/strong>. Fort, vraiment.<\/p>\n<p>Toulon a du caract\u00e8re<\/p>\n<p class=\" wall-content\">\u00ab\u00a0C\u2019\u00e9tait un gros test. C\u2019est bien ce que l\u2019on a fait. On avait besoin de gagner apr\u00e8s le revers de la semaine derni\u00e8re \u00e0 Edimbourg. Il faut qu\u2019on soit capable de faire de bons matchs face \u00e0 des \u00e9quipes comme \u00e7a\u00a0\u00bb, a r\u00e9agi au micro de France 2 Charles Ollivon, \u00e9lu homme du match.<\/p>\n<p class=\" wall-content\">\u00ab\u00a0La course en encore longue, mais c\u2019est bien. On a fait preuve de caract\u00e8re, mais il faut que \u00e7a continue : il ne faut pas que ce soit un coup oui, un coup non\u00a0\u00bb, a soulign\u00e9 de son c\u00f4t\u00e9 le centre J\u00e9r\u00e9my Sinzelle. Prochain match europ\u00e9en pour Toulon : la r\u00e9ception du Munster.<\/p>\n<p>Champions Cup : le classement de la poule 2<\/p>\n<p>1. Bath : 6 pts (+15)<br \/>2. Castres : 5 pts (+13)<br \/>3. Munster : 5 pts (+2)<br \/>4. Toulon : 5 pts (-2)<br \/>5. Gloucester : 5 pts (-8)<br \/>6. Edimbourg : 5 pts (-20)<\/p>\n<p class=\" wall-content\">Personnalisez votre actualit\u00e9 en ajoutant vos villes et m\u00e9dias en favori avec <a href=\"https:\/\/moncompte.actu.fr\" title=\"D\u00e9couvez Mon Actu\" rel=\"nofollow noopener\" data-trk=\"{&quot;cta&quot;:{&quot;action&quot;:&quot;https:\\\/\\\/moncompte.actu.fr&quot;,&quot;category&quot;:&quot;mon compte&quot;,&quot;from&quot;:&quot;article footer&quot;,&quot;name&quot;:&quot;Mon actu&quot;,&quot;type&quot;:&quot;cta&quot;}}\" target=\"_blank\">Mon Actu<\/a>.<\/p>\n","protected":false},"excerpt":{"rendered":"Par Cl\u00e9ment Mazella Publi\u00e9 le 14 d\u00e9c. 2025 \u00e0 18h56 Le public de Toulon a pu exulter au&hellip;\n","protected":false},"author":2,"featured_media":599194,"comment_status":"","ping_status":"","sticky":false,"template":"","format":"standard","meta":{"footnotes":""},"categories":[9619],"tags":[1111,11,3460,1089,1777,674,1011,27,12,882,6717,25,479,60,2310],"class_list":{"0":"post-599193","1":"post","2":"type-post","3":"status-publish","4":"format-standard","5":"has-post-thumbnail","7":"category-toulon","8":"tag-actu","9":"tag-actualites","10":"tag-champions-cup","11":"tag-coupe-deurope","12":"tag-eu","13":"tag-europe","14":"tag-fr","15":"tag-france","16":"tag-news","17":"tag-provence-alpes-cote-dazur","18":"tag-rct-rugby-club-toulonnais","19":"tag-republique-francaise","20":"tag-rugby","21":"tag-sports","22":"tag-toulon"},"share_on_mastodon":{"url":"https:\/\/pubeurope.com\/@fr\/115719328495046020","error":""},"_links":{"self":[{"href":"https:\/\/www.europesays.com\/fr\/wp-json\/wp\/v2\/posts\/599193","targetHints":{"allow":["GET"]}}],"collection":[{"href":"https:\/\/www.europesays.com\/fr\/wp-json\/wp\/v2\/posts"}],"about":[{"href":"https:\/\/www.europesays.com\/fr\/wp-json\/wp\/v2\/types\/post"}],"author":[{"embeddable":true,"href":"https:\/\/www.europesays.com\/fr\/wp-json\/wp\/v2\/users\/2"}],"replies":[{"embeddable":true,"href":"https:\/\/www.europesays.com\/fr\/wp-json\/wp\/v2\/comments?post=599193"}],"version-history":[{"count":0,"href":"https:\/\/www.europesays.com\/fr\/wp-json\/wp\/v2\/posts\/599193\/revisions"}],"wp:featuredmedia":[{"embeddable":true,"href":"https:\/\/www.europesays.com\/fr\/wp-json\/wp\/v2\/media\/599194"}],"wp:attachment":[{"href":"https:\/\/www.europesays.com\/fr\/wp-json\/wp\/v2\/media?parent=599193"}],"wp:term":[{"taxonomy":"category","embeddable":true,"href":"https:\/\/www.europesays.com\/fr\/wp-json\/wp\/v2\/categories?post=599193"},{"taxonomy":"post_tag","embeddable":true,"href":"https:\/\/www.europesays.com\/fr\/wp-json\/wp\/v2\/tags?post=599193"}],"curies":[{"name":"wp","href":"https:\/\/api.w.org\/{rel}","templated":true}]}}