{"id":599199,"date":"2025-12-14T18:28:22","date_gmt":"2025-12-14T18:28:22","guid":{"rendered":"https:\/\/www.europesays.com\/fr\/599199\/"},"modified":"2025-12-14T18:28:22","modified_gmt":"2025-12-14T18:28:22","slug":"barrage-filtrant-et-operation-escargot-sur-la-709-le-monde-agricole-en-colere-pres-de-montpellier","status":"publish","type":"post","link":"https:\/\/www.europesays.com\/fr\/599199\/","title":{"rendered":"Barrage filtrant et op\u00e9ration escargot\u2005sur l\u2019A 709\u00a0: le monde agricole en col\u00e8re pr\u00e8s de Montpellier"},"content":{"rendered":"<p>\n                                                                Oppos\u00e9e \u00e0 l\u2019abattage de tous les bovins dans les \u00e9levages touch\u00e9s par la dermatose nodulaire contagieuse, la Conf\u00e9d\u00e9ration Paysanne manifestait ce dimanche 14\u00a0d\u00e9cembre au rond-point de l\u2019A 709, \u00e0 Vendargues, avant d\u2019orchestrer une op\u00e9ration escargot jusqu\u2019\u00e0 Odysseum.\n                            <\/p>\n<p>Un immense panache de fum\u00e9e s\u2019\u00e9levait ce dimanche 14\u00a0d\u00e9cembre au\u00a0matin du rond-point de l\u2019A 709, entre Vendargues et Baillargues. Des agriculteurs de la Conf\u00e9d\u00e9ration Paysanne avaient apport\u00e9 des centaines de pneus, ainsi que des palettes et des ballots de foin.<\/p>\n<p>Venus avec une dizaine de tracteurs, ils ont organis\u00e9 un barrage filtrant d\u00e8s 8\u00a0heures du matin. Objectif\u00a0: marquer leur opposition \u00e0 l\u2019abattage de bovins du fait de la dermatose nodulaire contagieuse (DNC).<\/p>\n<p>\u00ab\u00a0La r\u00e9ponse sanitaire de l\u2019\u00c9tat, c\u2019est qu\u2019on abat tous les animaux d\u2019un \u00e9levage d\u00e8s qu\u2019il y en a un malade, s\u2019indigne Morgane Bara, porte-parole de la Conf\u00e9d\u00e9ration Paysanne 34. Voir son troupeau massacr\u00e9, c\u2019est insupportable pour les \u00e9leveurs.\u00a0\u00bb<\/p>\n<p>\u00ab\u00a0Une honte et un scandale\u00a0\u00bb<\/p>\n<p>\u00ab\u00a0Ce que j\u2019ai vu en Ari\u00e8ge, ces 207 animaux tu\u00e9s et la r\u00e9pression qui s\u2019est abattue sur les \u00e9leveurs, c\u2019est une honte et un scandale, je ne l\u2019oublierai jamais\u00a0\u00bb, lan\u00e7ait Nicolas Vitou, manadier et repr\u00e9sentant de la Conf\u2019.<\/p>\n<p>        <img decoding=\"async\" class=\"std-img__img responsive-img\" src=\"https:\/\/www.europesays.com\/fr\/wp-content\/uploads\/2025\/12\/1765736899_667_image.jpg\" alt=\"Op\u00e9ration escargot aller-retour jusqu\u2019\u00e0 Odysseum.\"\/><\/p>\n<p>                Op\u00e9ration escargot aller-retour jusqu\u2019\u00e0 Odysseum.<br \/>\n                                    Midi Libre &#8211; SYLVIE CAMBON<\/p>\n<p>En fin de matin\u00e9e, c\u2019est son fils qui a pris la t\u00eate de l\u2019op\u00e9ration escargot pour rejoindre Odysseum. Ce qui a occasionn\u00e9 des kilom\u00e8tres de bouchon sur l\u2019A 709. Les tracteurs sont revenus par le m\u00eame chemin.<\/p>\n<p>Des membres de la Conf\u2019avaient pr\u00e9vu de dormir sur le rond-point, la gendarmerie mettant en place une d\u00e9viation pendant la nuit. Le barrage filtrant devrait reprendre ce lundi d\u00e8s 7\u00a0heures du matin.<\/p>\n<p>        <img decoding=\"async\" class=\"std-img__img responsive-img\" src=\"https:\/\/www.europesays.com\/fr\/wp-content\/uploads\/2025\/12\/1765736900_242_image.jpg\" alt=\"Juliette Bougeault, \u00e9leveuse de vaches au Caylar.\"\/><\/p>\n<p>                Juliette Bougeault, \u00e9leveuse de vaches au Caylar.<br \/>\n                                    Midi Libre &#8211; SYLVIE CAMBON<\/p>\n<p>    \u00ab\u00a0Une mesure prise en d\u00e9pit du bon sens\u00a0\u00bb<\/p>\n<p>Juliette Bougeault est \u00e9leveuse<\/p>\n<p>Quelle est votre situation\u00a0?<\/p>\n<p>Je suis \u00e9leveuse de vaches au Caylar. J\u2019ai une vingtaine de vaches laiti\u00e8res et une quarantaine d\u2019allaitantes. Je suis adh\u00e9rente \u00e0 la Conf\u00e9d\u00e9ration Paysanne.<\/p>\n<p>Vous vous en sortez\u00a0?<\/p>\n<p>Sur la partie allaitante, oui, mais parce qu\u2019on a mont\u00e9 un atelier de transformation laiti\u00e8re \u00e0 la ferme, en bio, et qu\u2019on peut commercialiser nos produits en circuit court.<\/p>\n<p>Et pour les autres bovins\u00a0?<\/p>\n<p>On vend les veaux, les broutards, \u00e0 l\u2019export. Je fais donc partie des \u00e9leveurs qui seraient concern\u00e9s par les restrictions en cas de vaccination. Pour autant, je pr\u00e9f\u00e8re avoir mes animaux vivants et me poser plus tard la question de leur commercialisation.<\/p>\n<p>La maladie vous fait peur\u00a0?<\/p>\n<p>Ce qui me fait peur, c\u2019est plut\u00f4t qu\u2019on m\u2019emp\u00eache d\u2019avoir libre acc\u00e8s aux vaccins. Parce qu\u2019aujourd\u2019hui, on ne peut y acc\u00e9der que si la maladie n\u2019est pas loin. Et vu que le vaccin met plus de trente jours \u00e0 agir, on peut \u00eatre contamin\u00e9s.<\/p>\n<p>Que vous inspire l\u2019abattage des troupeaux\u00a0?<\/p>\n<p>C\u2019est une mesure prise en d\u00e9pit du bon sens et qui est en plus injuste. Je trouve aussi que c\u2019est infantiliser les \u00e9leveurs que de leur refuser les moyens de se prot\u00e9ger comme ils le souhaitent.<\/p>\n<p>La FNSEA durement critiqu\u00e9e<\/p>\n<p>La Coordination Rurale \u00e9tait aussi pr\u00e9sente sur le rond-point, hier. \u00ab\u00a0La strat\u00e9gie de l\u2019\u00c9tat ne fonctionne pas, estimait Christophe Sabatier. Cette maladie est end\u00e9mique et il faut s\u2019habituer \u00e0 vivre avec. De toute fa\u00e7on, les agriculteurs refusent d\u2019appliquer ce protocole injuste.\u00a0\u00bb<\/p>\n<p>Au-del\u00e0 de la DNC, \u00ab\u00a0l\u2019\u00c9tat doit se remettre en question, mais le monde agricole aussi. On ne peut pas interdire des produits en France et en importer dans le m\u00eame temps\u00a0!\u00a0\u00bb<\/p>\n<p>        <img decoding=\"async\" class=\"std-img__img responsive-img\" src=\"https:\/\/www.europesays.com\/fr\/wp-content\/uploads\/2025\/12\/1765736902_216_image.jpg\" alt=\"La Conf\u00e9d\u00e9ration Paysanne demande des vaccins pour les \u00e9leveurs.\"\/><\/p>\n<p>                La Conf\u00e9d\u00e9ration Paysanne demande des vaccins pour les \u00e9leveurs.<br \/>\n                                    Midi Libre &#8211; SYLVIE CAMBON<\/p>\n<p>Une banderole hostile \u00e0 l\u2019accord de libre-\u00e9change entre l\u2019Union europ\u00e9enne et le Mercosur (Br\u00e9sil, Argentine, Uruguay et Paraguay) \u00e9tait brandie, hier.<\/p>\n<p>Deux ans apr\u00e8s la flamb\u00e9e de col\u00e8re du monde agricole, en janvier\u00a02024, le moral reste au plus bas. La FNSEA, absente et durement critiqu\u00e9e, hier, \u00e9tait alors \u00e0 la man\u0153uvre.<\/p>\n<p>Prix qui s\u2019effondrent, normes qui s\u2019additionnent, concurrence qui s\u2019accro\u00eet\u2026 Les panneaux ne sont pas pr\u00e8s d\u2019\u00eatre remis \u00e0 l\u2019endroit dans le monde rural\u2026<\/p>\n","protected":false},"excerpt":{"rendered":"Oppos\u00e9e \u00e0 l\u2019abattage de tous les bovins dans les \u00e9levages touch\u00e9s par la dermatose nodulaire contagieuse, la Conf\u00e9d\u00e9ration&hellip;\n","protected":false},"author":2,"featured_media":599200,"comment_status":"","ping_status":"","sticky":false,"template":"","format":"standard","meta":{"footnotes":""},"categories":[9599],"tags":[1111,11,1777,674,1011,27,7089,2208,12,2680,25,1857],"class_list":{"0":"post-599199","1":"post","2":"type-post","3":"status-publish","4":"format-standard","5":"has-post-thumbnail","7":"category-montpellier","8":"tag-actu","9":"tag-actualites","10":"tag-eu","11":"tag-europe","12":"tag-fr","13":"tag-france","14":"tag-herault","15":"tag-montpellier","16":"tag-news","17":"tag-occitanie","18":"tag-republique-francaise","19":"tag-sociu00e9tu00e9"},"share_on_mastodon":{"url":"https:\/\/pubeurope.com\/@fr\/115719342266841199","error":""},"_links":{"self":[{"href":"https:\/\/www.europesays.com\/fr\/wp-json\/wp\/v2\/posts\/599199","targetHints":{"allow":["GET"]}}],"collection":[{"href":"https:\/\/www.europesays.com\/fr\/wp-json\/wp\/v2\/posts"}],"about":[{"href":"https:\/\/www.europesays.com\/fr\/wp-json\/wp\/v2\/types\/post"}],"author":[{"embeddable":true,"href":"https:\/\/www.europesays.com\/fr\/wp-json\/wp\/v2\/users\/2"}],"replies":[{"embeddable":true,"href":"https:\/\/www.europesays.com\/fr\/wp-json\/wp\/v2\/comments?post=599199"}],"version-history":[{"count":0,"href":"https:\/\/www.europesays.com\/fr\/wp-json\/wp\/v2\/posts\/599199\/revisions"}],"wp:featuredmedia":[{"embeddable":true,"href":"https:\/\/www.europesays.com\/fr\/wp-json\/wp\/v2\/media\/599200"}],"wp:attachment":[{"href":"https:\/\/www.europesays.com\/fr\/wp-json\/wp\/v2\/media?parent=599199"}],"wp:term":[{"taxonomy":"category","embeddable":true,"href":"https:\/\/www.europesays.com\/fr\/wp-json\/wp\/v2\/categories?post=599199"},{"taxonomy":"post_tag","embeddable":true,"href":"https:\/\/www.europesays.com\/fr\/wp-json\/wp\/v2\/tags?post=599199"}],"curies":[{"name":"wp","href":"https:\/\/api.w.org\/{rel}","templated":true}]}}