{"id":599203,"date":"2025-12-14T18:30:23","date_gmt":"2025-12-14T18:30:23","guid":{"rendered":"https:\/\/www.europesays.com\/fr\/599203\/"},"modified":"2025-12-14T18:30:23","modified_gmt":"2025-12-14T18:30:23","slug":"poupee-shein-parking-du-chu-nouvelles-adresses-les-infos-de-la-semaine-a-rouen","status":"publish","type":"post","link":"https:\/\/www.europesays.com\/fr\/599203\/","title":{"rendered":"Poup\u00e9e Shein, parking du CHU, nouvelles adresses&#8230; Les infos de la semaine \u00e0 Rouen"},"content":{"rendered":"<p>                    Par<br \/>\n        <strong><br \/>\n            <a href=\"https:\/\/actu.fr\/auteur\/julien-bouteiller\" title=\"Consulter tous les articles de Julien Bouteiller\" target=\"_blank\" rel=\"noopener\">Julien Bouteiller<\/a><br \/>\n                    <\/strong><\/p>\n<p>        Publi\u00e9 le<\/p>\n<p>            14 d\u00e9c. 2025 \u00e0 17h10        <\/p>\n<p>Comme toujours, la semaine a \u00e9t\u00e9 riche en \u00e9v\u00e9nements \u00e0 <strong>Rouen<\/strong>. Et si vous n\u2019avez pas pu tout suivre, <strong>voici le r\u00e9cap\u2019 de ce qu\u2019il faut retenir<\/strong> du 8 au 14\u00a0d\u00e9cembre 2025.<\/p>\n<p>Les infos de la semaine \u00e0 Rouen<\/p>\n<p class=\"expresso-item wall-content\"><a title=\"Lire l&#039;article\" href=\"https:\/\/actu.fr\/normandie\/rouen_76540\/poupee-pedopornographique-shein-un-acheteur-de-l-agglo-de-rouen-cachait-des-videos-glacantes_63573091.html\" target=\"_blank\" rel=\"noopener\"><strong>Poup\u00e9e p\u00e9dopornographique Shein\u2009: un acheteur de l\u2019agglo de Rouen cachait des vid\u00e9os gla\u00e7antes<\/strong><\/a><br \/>Un homme interpell\u00e9 dans la r\u00e9gion de Rouen pour avoir achet\u00e9 une poup\u00e9e p\u00e9dopornographique sur Shein a \u00e9t\u00e9 mis en examen pour viol apr\u00e8s la d\u00e9couverte de terribles vid\u00e9os.<\/p>\n<p class=\"expresso-item wall-content\"><a title=\"Lire l&#039;article\" href=\"https:\/\/actu.fr\/normandie\/rouen_76540\/rouen-pourquoi-l-oeuvre-en-hommage-a-gisele-halimi-n-est-toujours-pas-installee_63546825.html\" target=\"_blank\" rel=\"noopener\"><strong>Rouen. Pourquoi l\u2019\u0153uvre en hommage \u00e0 Gis\u00e8le Halimi n\u2019est toujours pas install\u00e9e<\/strong><\/a><br \/>Annonc\u00e9e pour fin 2024, l\u2019\u0153uvre en hommage \u00e0 la c\u00e9l\u00e8bre avocate Gis\u00e8le Halimi, \u00e0 c\u00f4t\u00e9 du Palais de Justice de Rouen, n\u2019a toujours pas \u00e9t\u00e9 install\u00e9e. On a donc demand\u00e9 pourquoi.<\/p>\n<p class=\"expresso-item wall-content\"><a title=\"Lire l&#039;article\" href=\"https:\/\/actu.fr\/normandie\/rouen_76540\/journaliste-editeur-historien-elu-originaire-de-rouen-guy-pessiot-est-mort-a-l-age-de-76-ans_63566612.html\" target=\"_blank\" rel=\"noopener\"><strong>Journaliste, \u00e9diteur, historien, \u00e9lu\u2026 Originaire de Rouen, Guy Pessiot est mort \u00e0 l\u2019\u00e2ge de 76\u00a0ans<\/strong><\/a><br \/>\u00c9lu au conseil municipal, mais aussi grand passionn\u00e9 de Rouen et son histoire, Guy Pessiot est mort jeudi 11\u00a0d\u00e9cembre 2025 \u00e0 76\u00a0ans.<\/p>\n<p class=\"expresso-item wall-content\"><a title=\"Lire l&#039;article\" href=\"https:\/\/actu.fr\/normandie\/rouen_76540\/ca-devrait-etre-gratuit-ils-payent-une-fortune-de-parking-pour-visiter-leurs-proches-au-chu-de-rouen_63550211.html\" target=\"_blank\" rel=\"noopener\"><strong>\u00ab\u2009\u00c7a devrait \u00eatre gratuit\u2009\u00bb\u2009: ils payent une \u00ab\u2009fortune\u2009\u00bb de parking pour visiter leurs proches au CHU de Rouen<\/strong><\/a><br \/>Plusieurs personnes ayant rendu visite \u00e0 leurs proches au CHU de Rouen d\u00e9plorent les co\u00fbts g\u00e9n\u00e9r\u00e9s par le parking. Tous s\u2019accordent\u2009: le stationnement devrait \u00eatre gratuit.<\/p>\n<p class=\"expresso-item wall-content\"><a title=\"Lire l&#039;article\" href=\"https:\/\/actu.fr\/normandie\/rouen_76540\/de-plus-en-plus-cher-le-prix-d-un-chalet-sur-le-marche-de-noel-de-rouen-est-il-plus-eleve-qu-ailleurs_63529763.html\" target=\"_blank\" rel=\"noopener\"><strong>De 4000 \u00e0 19\u2009000\u00a0euros\u2009: s\u2019installer sur le march\u00e9 de No\u00ebl de Rouen co\u00fbte-t-il plus cher qu\u2019ailleurs\u2009?<\/strong><\/a><br \/>Le prix de location d\u2019un chalet sur le march\u00e9 de No\u00ebl de Rouen varie entre 4000 et 19\u2009000\u00a0euros pour les exposants. Le prix est-il plus \u00e9lev\u00e9 que dans d\u2019autres villes\u2009?<\/p>\n<p>Bon \u00e0 savoir \u00e0 Rouen<\/p>\n<p class=\"expresso-item wall-content\"><a title=\"Lire l&#039;article\" href=\"https:\/\/actu.fr\/normandie\/rouen_76540\/vintage-bijoux-artisanat-pour-les-fetes-a-rouen-huit-creatrices-ouvrent-une-boutique-ephemere_63550981.html\" target=\"_blank\" rel=\"noopener\"><strong>Vintage, bijoux, artisanat\u2026 Pour les f\u00eates \u00e0 Rouen, huit cr\u00e9atrices ouvrent une boutique \u00e9ph\u00e9m\u00e8re<\/strong><\/a><br \/>Depuis le 5\u00a0d\u00e9cembre 2025, une boutique \u00e9ph\u00e9m\u00e8re baptis\u00e9e Maison Huit a ouvert ses portes \u00e0 Rouen. On y retrouve des v\u00eatements et accessoires vintage, des bijoux, etc.<\/p>\n<p class=\"expresso-item wall-content\"><a title=\"Lire l&#039;article\" href=\"https:\/\/actu.fr\/normandie\/rouen_76540\/a-rouen-il-ouvre-sa-propre-boutique-de-cartes-pokemon-c-est-le-reve-de-tout-collectionneur_63553976.html\" target=\"_blank\" rel=\"noopener\"><strong>\u00c0 Rouen, il ouvre sa propre boutique de cartes Pok\u00e9mon\u2009: \u00ab\u2009C\u2019est le r\u00eave de tout collectionneur\u2009\u00bb<\/strong><\/a><br \/>Collectionneur de cartes Pok\u00e9mon, David Deumer vient d\u2019ouvrir sa propre boutique d\u00e9di\u00e9e aux jeux de cartes \u00e0 collectionner \u00e0 Rouen. Un \u00ab\u2009r\u00eave\u2009\u00bb qu\u2019il veut partager \u00e0 ses clients.<\/p>\n<p class=\"expresso-item wall-content\"><a title=\"Lire l&#039;article\" href=\"https:\/\/actu.fr\/normandie\/rouen_76540\/oubliez-le-rhum-ce-rouennais-propose-des-calva-arranges-mes-idees-me-viennent-de-la-cuisine_63525899.html\" target=\"_blank\" rel=\"noopener\"><strong>Oubliez le rhum, ce Rouennais propose des Calva arrang\u00e9s\u2009! \u00ab\u2009Mes id\u00e9es me viennent de la cuisine\u2009\u00bb<\/strong><\/a><br \/>Insolite. \u00c0 Rouen, ce producteur revisite le calvados tels des rhums arrang\u00e9s. Ses produits lui ont valu un prix le 24\u00a0novembre 2025 \u00e0 l\u2019H\u00f4tel du D\u00e9partement de la Seine-Maritime.<\/p>\n<p class=\"expresso-item wall-content\"><a title=\"Lire l&#039;article\" href=\"https:\/\/actu.fr\/normandie\/rouen_76540\/cette-friperie-de-bijoux-ou-tout-est-a-5-euros-s-installe-pour-la-premiere-fois-a-rouen_63538105.html\" target=\"_blank\" rel=\"noopener\"><strong>Cette friperie de bijoux o\u00f9 tout est \u00e0 5\u00a0euros s\u2019installe pour la premi\u00e8re fois \u00e0 Rouen<\/strong><\/a><br \/>Nouveaut\u00e9 \u00e0 Rouen (Seine-Maritime), une boutique de seconde main enti\u00e8rement consacr\u00e9e aux bijoux s\u2019est install\u00e9e rue Jeanne-d\u2019Arc. Tout est \u00e0 5\u00a0euros.<\/p>\n<p class=\"expresso-item wall-content\"><a title=\"Lire l&#039;article\" href=\"https:\/\/actu.fr\/normandie\/rouen_76540\/poulet-frit-aux-saveurs-coreennes-le-restaurant-seoul-kitchen-vient-d-ouvrir-a-rouen_63547561.html\" target=\"_blank\" rel=\"noopener\"><strong>Poulet frit aux saveurs cor\u00e9ennes\u2009: le restaurant Seoul Kitchen vient d\u2019ouvrir \u00e0 Rouen<\/strong><\/a><br \/>Apr\u00e8s son restaurant de barbecue cor\u00e9en, Xiaoyan Song s\u2019est lanc\u00e9e dans un nouveau concept et a ouvert le 1er\u00a0d\u00e9cembre 2025 un restaurant cor\u00e9en sp\u00e9cialis\u00e9 dans le poulet frit.<\/p>\n<p class=\"expresso-item wall-content\"><a title=\"Lire l&#039;article\" href=\"https:\/\/actu.fr\/normandie\/rouen_76540\/nouveau-pendant-les-fetes-a-rouen-les-editions-petit-a-petit-ont-leur-propre-boutique-en-centre-ville_63537611.html\" target=\"_blank\" rel=\"noopener\"><strong>Nouveau pendant les f\u00eates \u00e0 Rouen\u2009: les \u00e9ditions Petit \u00e0 Petit ont leur propre boutique en centre-ville<\/strong><\/a><br \/>Les \u00e9ditions Petit \u00e0 Petit (bande dessin\u00e9e, docu-BD, mangas\u2026) ouvrent leur premi\u00e8re boutique \u00e9ph\u00e9m\u00e8re \u00e0 Rouen (Seine-Maritime), pendant le mois de d\u00e9cembre\u00a02025.<\/p>\n<p class=\"expresso-item wall-content\"><a title=\"Lire l&#039;article\" href=\"https:\/\/actu.fr\/normandie\/rouen_76540\/nouveau-a-rouen-un-bar-utilise-un-procede-ingenieux-pour-pouvoir-proposer-des-centaines-de-vins-differents_63536287.html\" target=\"_blank\" rel=\"noopener\"><strong>Nouveau \u00e0 Rouen\u2009: un bar utilise un proc\u00e9d\u00e9 ing\u00e9nieux pour pouvoir proposer des centaines de vins diff\u00e9rents<\/strong><\/a><br \/>Un nouveau bar \u00e0 vin a ouvert ses portes \u00e0 Rouen (Seine-Maritime), rue Martainville\u2009: Le Cercle des ar\u00f4mes. Fait notable, il propose jusqu\u2019\u00e0 170 vins au verre diff\u00e9rents\u2009!<\/p>\n<p>Suivez l\u2019actualit\u00e9 de Rouen <a href=\"https:\/\/www.whatsapp.com\/channel\/0029VaKfnf99hXF2ddApFB1D\" target=\"_blank\" rel=\"noopener\">sur notre cha\u00eene WhatsApp<\/a> et <a href=\"https:\/\/www.tiktok.com\/@76actu.fr?lang=fr\" target=\"_blank\" rel=\"noopener\">sur notre compte TikTok<\/a><\/p>\n<p class=\" wall-content\">Personnalisez votre actualit\u00e9 en ajoutant vos villes et m\u00e9dias en favori avec <a href=\"https:\/\/moncompte.actu.fr\" title=\"D\u00e9couvez Mon Actu\" rel=\"nofollow noopener\" data-trk=\"{&quot;cta&quot;:{&quot;action&quot;:&quot;https:\\\/\\\/moncompte.actu.fr&quot;,&quot;category&quot;:&quot;mon compte&quot;,&quot;from&quot;:&quot;article footer&quot;,&quot;name&quot;:&quot;Mon actu&quot;,&quot;type&quot;:&quot;cta&quot;}}\" target=\"_blank\">Mon Actu<\/a>.<\/p>\n<p>                    <script async src=\"\/\/www.tiktok.com\/embed.js\"><\/script><\/p>\n","protected":false},"excerpt":{"rendered":"Par Julien Bouteiller Publi\u00e9 le 14 d\u00e9c. 2025 \u00e0 17h10 Comme toujours, la semaine a \u00e9t\u00e9 riche en&hellip;\n","protected":false},"author":2,"featured_media":599204,"comment_status":"","ping_status":"","sticky":false,"template":"","format":"standard","meta":{"footnotes":""},"categories":[9587],"tags":[1111,11,9086,9682,1777,674,1011,27,12,5161,25,9590,104],"class_list":{"0":"post-599203","1":"post","2":"type-post","3":"status-publish","4":"format-standard","5":"has-post-thumbnail","7":"category-rouen","8":"tag-actu","9":"tag-actualites","10":"tag-bon-plan-a-rouen","11":"tag-chu-rouen","12":"tag-eu","13":"tag-europe","14":"tag-fr","15":"tag-france","16":"tag-news","17":"tag-normandie","18":"tag-republique-francaise","19":"tag-rouen","20":"tag-societe"},"share_on_mastodon":{"url":"https:\/\/pubeurope.com\/@fr\/115719348133482050","error":""},"_links":{"self":[{"href":"https:\/\/www.europesays.com\/fr\/wp-json\/wp\/v2\/posts\/599203","targetHints":{"allow":["GET"]}}],"collection":[{"href":"https:\/\/www.europesays.com\/fr\/wp-json\/wp\/v2\/posts"}],"about":[{"href":"https:\/\/www.europesays.com\/fr\/wp-json\/wp\/v2\/types\/post"}],"author":[{"embeddable":true,"href":"https:\/\/www.europesays.com\/fr\/wp-json\/wp\/v2\/users\/2"}],"replies":[{"embeddable":true,"href":"https:\/\/www.europesays.com\/fr\/wp-json\/wp\/v2\/comments?post=599203"}],"version-history":[{"count":0,"href":"https:\/\/www.europesays.com\/fr\/wp-json\/wp\/v2\/posts\/599203\/revisions"}],"wp:featuredmedia":[{"embeddable":true,"href":"https:\/\/www.europesays.com\/fr\/wp-json\/wp\/v2\/media\/599204"}],"wp:attachment":[{"href":"https:\/\/www.europesays.com\/fr\/wp-json\/wp\/v2\/media?parent=599203"}],"wp:term":[{"taxonomy":"category","embeddable":true,"href":"https:\/\/www.europesays.com\/fr\/wp-json\/wp\/v2\/categories?post=599203"},{"taxonomy":"post_tag","embeddable":true,"href":"https:\/\/www.europesays.com\/fr\/wp-json\/wp\/v2\/tags?post=599203"}],"curies":[{"name":"wp","href":"https:\/\/api.w.org\/{rel}","templated":true}]}}