{"id":599206,"date":"2025-12-14T18:34:14","date_gmt":"2025-12-14T18:34:14","guid":{"rendered":"https:\/\/www.europesays.com\/fr\/599206\/"},"modified":"2025-12-14T18:34:14","modified_gmt":"2025-12-14T18:34:14","slug":"coupe-de-france-feminine-vainqueur-de-grenoble-uc-saint-didier-pernes-poursuit-laventure","status":"publish","type":"post","link":"https:\/\/www.europesays.com\/fr\/599206\/","title":{"rendered":"coupe de France f\u00e9minine : vainqueur de Grenoble UC, Saint-Didier\/Pernes poursuit l&rsquo;aventure"},"content":{"rendered":"<p>La section f\u00e9minine de <a href=\"https:\/\/www.laprovence.com\/article\/sports\/53059296907224\/football-coupe-de-france-les-feminines-de-saint-didier-pernes-sont-affamees-a-grenoble\" target=\"_blank\" rel=\"noopener\">Saint-Didier\/Pernes<\/a> est d\u00e9cid\u00e9ment inarr\u00eatable. Deuxi\u00e8me en R\u00e9gional 1 derri\u00e8re la r\u00e9serve de l&rsquo;<a href=\"https:\/\/www.laprovence.com\/article\/om\/34071949000873\/om-d1-feminine-sechement-battues-les-marseillaises-ont-repete-les-memes-erreurs-face-a-nantes\" target=\"_blank\" rel=\"noopener\">Olympique de Marseille<\/a> avec deux matches en retard, elle vient d&rsquo;\u00e9crire une nouvelle ligne dans l&rsquo;histoire du club en se qualifiant pour les 16es de finale de la coupe de France gr\u00e2ce \u00e0 leur victoire contre Grenoble Universit\u00e9 Club ce dimanche.<\/p>\n<p>\u00ab\u00a0L&rsquo;aventure continue et en plus on s&rsquo;offre un beau cadeau de No\u00ebl\u00a0\u00bb, s&rsquo;exclamait l&rsquo;entra\u00eeneur Alexandre d&rsquo;Ascanio sur le chemin du retour.<\/p>\n<p>Il faut dire que cette qualification, les Vauclusiennes l&rsquo;ont acquise, une nouvelle fois, avec la mani\u00e8re. Comme au <a href=\"https:\/\/www.laprovence.com\/article\/sports\/53935795446735\/football-coupe-de-france-feminine-saint-didier-pernes-qualifie-pour-les-32es-de-finale\" target=\"_blank\" rel=\"noopener\">FEC Bastiais<\/a>, elles ont ma\u00eetris\u00e9 leur sujet de A \u00e0 Z et en marquant, \u00e0 deux reprises par Scheffer (10) et Bonjean (74), \u00e0 des moments cl\u00e9s de la rencontre.<\/p>\n<p>Une D1 f\u00e9minine en 16e de finale ?<\/p>\n<p>\u00ab\u00a0On n&rsquo;a pas \u00e9t\u00e9 trop inqui\u00e9t\u00e9s, corroborait l&rsquo;entra\u00eeneur comtadin. On \u00e9tait quand m\u00eame au-dessus dans tous les secteurs du jeu, et d\u00e9fensivement on a encore montr\u00e9 notre solidit\u00e9.\u00a0\u00bb<\/p>\n<p>Des \u00e9l\u00e9ments parfaitement ma\u00eetris\u00e9s qui permettent \u00e0 aux partenaires de Zo\u00e9 Molina de r\u00eaver pour le prochain tour puisqu&rsquo;elles peuvent, d\u00e9sormais, avoir la chance d&rsquo;affronter une \u00e9quipe d&rsquo;Arkema Premi\u00e8re Ligue (D1 f\u00e9minine) \u00e0 l&rsquo;occasion du tirage au sort qui va se d\u00e9rouler dans quelques jours.<\/p>\n<p>\u00ab\u00a0On avait clairement annonc\u00e9 cet objectif. Maintenant, il ne faut plus que croiser les doigts pour que notre v\u0153u soit exauc\u00e9\u00a0\u00bb, concluait Alexandre d&rsquo;Ascanio.<\/p>\n","protected":false},"excerpt":{"rendered":"La section f\u00e9minine de Saint-Didier\/Pernes est d\u00e9cid\u00e9ment inarr\u00eatable. Deuxi\u00e8me en R\u00e9gional 1 derri\u00e8re la r\u00e9serve de l&rsquo;Olympique de&hellip;\n","protected":false},"author":2,"featured_media":599207,"comment_status":"","ping_status":"","sticky":false,"template":"","format":"standard","meta":{"footnotes":""},"categories":[9566],"tags":[17,1111,11,2430,615,1777,674,4283,63,1011,27,2731,12,25,60,71169,21369],"class_list":{"0":"post-599206","1":"post","2":"type-post","3":"status-publish","4":"format-standard","5":"has-post-thumbnail","7":"category-grenoble","8":"tag-17","9":"tag-actu","10":"tag-actualites","11":"tag-auvergne-rhone-alpes","12":"tag-coupe","13":"tag-eu","14":"tag-europe","15":"tag-feminine","16":"tag-football","17":"tag-fr","18":"tag-france","19":"tag-grenoble","20":"tag-news","21":"tag-republique-francaise","22":"tag-sports","23":"tag-uc","24":"tag-vainqueur"},"share_on_mastodon":{"url":"https:\/\/pubeurope.com\/@fr\/115719363769686782","error":""},"_links":{"self":[{"href":"https:\/\/www.europesays.com\/fr\/wp-json\/wp\/v2\/posts\/599206","targetHints":{"allow":["GET"]}}],"collection":[{"href":"https:\/\/www.europesays.com\/fr\/wp-json\/wp\/v2\/posts"}],"about":[{"href":"https:\/\/www.europesays.com\/fr\/wp-json\/wp\/v2\/types\/post"}],"author":[{"embeddable":true,"href":"https:\/\/www.europesays.com\/fr\/wp-json\/wp\/v2\/users\/2"}],"replies":[{"embeddable":true,"href":"https:\/\/www.europesays.com\/fr\/wp-json\/wp\/v2\/comments?post=599206"}],"version-history":[{"count":0,"href":"https:\/\/www.europesays.com\/fr\/wp-json\/wp\/v2\/posts\/599206\/revisions"}],"wp:featuredmedia":[{"embeddable":true,"href":"https:\/\/www.europesays.com\/fr\/wp-json\/wp\/v2\/media\/599207"}],"wp:attachment":[{"href":"https:\/\/www.europesays.com\/fr\/wp-json\/wp\/v2\/media?parent=599206"}],"wp:term":[{"taxonomy":"category","embeddable":true,"href":"https:\/\/www.europesays.com\/fr\/wp-json\/wp\/v2\/categories?post=599206"},{"taxonomy":"post_tag","embeddable":true,"href":"https:\/\/www.europesays.com\/fr\/wp-json\/wp\/v2\/tags?post=599206"}],"curies":[{"name":"wp","href":"https:\/\/api.w.org\/{rel}","templated":true}]}}