{"id":599212,"date":"2025-12-14T18:37:12","date_gmt":"2025-12-14T18:37:12","guid":{"rendered":"https:\/\/www.europesays.com\/fr\/599212\/"},"modified":"2025-12-14T18:37:12","modified_gmt":"2025-12-14T18:37:12","slug":"strasbourg-porteur-dun-couteau-et-dun-gilet-pare-balles-un-survivaliste-interpelle-a-lentree-du-marche-de-noel","status":"publish","type":"post","link":"https:\/\/www.europesays.com\/fr\/599212\/","title":{"rendered":"Strasbourg. Porteur d\u2019un couteau et d&rsquo;un\u00a0gilet pare-balles, un survivaliste interpell\u00e9 \u00e0 l\u2019entr\u00e9e du march\u00e9 de No\u00ebl"},"content":{"rendered":"<p>Ce ressortissant allemand de 24 ans s\u2019\u00e9tait rendu \u00e0 Strasbourg \u00e0 pied depuis l\u2019Outre-Rhin pour profiter de l\u2019ambiance des march\u00e9s de Noel. Pour cette sortie touristique, ce survivaliste \u00e9tait porteur&#8230; d\u2019un couteau, d\u2019un gilet pare-balles, de lunettes \u00e0 vision thermique, et de mat\u00e9riel pour camper. Mais tr\u00e8s vite, il a attir\u00e9 l\u2019attention.<\/p>\n<p>Rep\u00e9r\u00e9 par les CRS lors d\u2019un contr\u00f4le \u00e0 l\u2019entr\u00e9e du march\u00e9 de No\u00ebl, samedi 13\u00a0d\u00e9cembre, en fin de journ\u00e9e, au niveau du pont Saint-Etienne, il a ensuite \u00e9t\u00e9 plac\u00e9 en garde \u00e0 vue, \u00e0 l\u2019issue de laquelle il a re\u00e7u une convocation au tribunal dans le cadre d\u2019une ordonnance p\u00e9nale.<\/p>\n<p>Il a expliqu\u00e9 aux enqu\u00eateurs qu\u2019il se baladait comme \u00e7a pour \u00ab\u00a0veiller \u00e0 sa propre s\u00e9curit\u00e9\u00a0\u00bb. Il s\u2019est aussi dit \u00ab\u00a0sensible aux attentats\u00a0\u00bb notamment \u00e0 ceux qui ont touch\u00e9 l\u2019Allemagne ces derni\u00e8res ann\u00e9es. Sans ant\u00e9c\u00e9dent judiciaire, le jeune homme a \u00e9t\u00e9 d\u00e9lest\u00e9 de tout son attirail avant de pouvoir repartir.<\/p>\n","protected":false},"excerpt":{"rendered":"Ce ressortissant allemand de 24 ans s\u2019\u00e9tait rendu \u00e0 Strasbourg \u00e0 pied depuis l\u2019Outre-Rhin pour profiter de l\u2019ambiance&hellip;\n","protected":false},"author":2,"featured_media":599213,"comment_status":"","ping_status":"","sticky":false,"template":"","format":"standard","meta":{"footnotes":""},"categories":[2820],"tags":[1111,11,2389,2649,271,272,2880,1777,674,274,107,1011,27,775,12,25,640,2879],"class_list":{"0":"post-599212","1":"post","2":"type-post","3":"status-publish","4":"format-standard","5":"has-post-thumbnail","7":"category-strasbourg","8":"tag-actu","9":"tag-actualites","10":"tag-alsace","11":"tag-bas-rhin","12":"tag-crime","13":"tag-delit-et-contravention","14":"tag-edition-strasbourg","15":"tag-eu","16":"tag-europe","17":"tag-faits-divers-justice","18":"tag-fil-info","19":"tag-fr","20":"tag-france","21":"tag-grand-est","22":"tag-news","23":"tag-republique-francaise","24":"tag-strasbourg","25":"tag-strasbourg-ville"},"share_on_mastodon":{"url":"https:\/\/pubeurope.com\/@fr\/115719375694439320","error":""},"_links":{"self":[{"href":"https:\/\/www.europesays.com\/fr\/wp-json\/wp\/v2\/posts\/599212","targetHints":{"allow":["GET"]}}],"collection":[{"href":"https:\/\/www.europesays.com\/fr\/wp-json\/wp\/v2\/posts"}],"about":[{"href":"https:\/\/www.europesays.com\/fr\/wp-json\/wp\/v2\/types\/post"}],"author":[{"embeddable":true,"href":"https:\/\/www.europesays.com\/fr\/wp-json\/wp\/v2\/users\/2"}],"replies":[{"embeddable":true,"href":"https:\/\/www.europesays.com\/fr\/wp-json\/wp\/v2\/comments?post=599212"}],"version-history":[{"count":0,"href":"https:\/\/www.europesays.com\/fr\/wp-json\/wp\/v2\/posts\/599212\/revisions"}],"wp:featuredmedia":[{"embeddable":true,"href":"https:\/\/www.europesays.com\/fr\/wp-json\/wp\/v2\/media\/599213"}],"wp:attachment":[{"href":"https:\/\/www.europesays.com\/fr\/wp-json\/wp\/v2\/media?parent=599212"}],"wp:term":[{"taxonomy":"category","embeddable":true,"href":"https:\/\/www.europesays.com\/fr\/wp-json\/wp\/v2\/categories?post=599212"},{"taxonomy":"post_tag","embeddable":true,"href":"https:\/\/www.europesays.com\/fr\/wp-json\/wp\/v2\/tags?post=599212"}],"curies":[{"name":"wp","href":"https:\/\/api.w.org\/{rel}","templated":true}]}}