{"id":599214,"date":"2025-12-14T18:38:27","date_gmt":"2025-12-14T18:38:27","guid":{"rendered":"https:\/\/www.europesays.com\/fr\/599214\/"},"modified":"2025-12-14T18:38:27","modified_gmt":"2025-12-14T18:38:27","slug":"le-resume-du-bon-match-nul-du-fc-lorient-a-strasbourg-en-ligue-1","status":"publish","type":"post","link":"https:\/\/www.europesays.com\/fr\/599214\/","title":{"rendered":"Le r\u00e9sum\u00e9 du bon match nul du FC Lorient \u00e0 Strasbourg en Ligue 1"},"content":{"rendered":"<p>Lorient m\u00e9ritait (presque) mieux \u00e0 la pause<\/p>\n<p>En confiance apr\u00e8s leurs deux derni\u00e8res victoires (contre Nice et Lyon), les Lorientais abordaient ce d\u00e9placement sans le moindre complexe dans le stade de La Meinau (bien silencieux pendant quinze minutes en raison de la gr\u00e8ve de supporters alsaciens). D\u00e8s la 5e minute, Makengo s\u2019infiltrait dans la surface de Strasbourg mais sa frappe \u00e9tait d\u00e9tourn\u00e9e par le gardien adverse.<\/p>\n<p>Mvogo, d\u2019une belle claquette apr\u00e8s une t\u00eate de Doukoure, lui rendait la pareille avant que Soumano (25e), puis Abergel (30e), d\u2019une frappe des 35 m, Makengo (38e), d\u2019une t\u00eate crois\u00e9e, et encore Soumano (44&prime;) ne se procurent, tour \u00e0 tour, des belles opportunit\u00e9s. Les sifflets descendus des tribunes de La Meinau ne trompaient pas : Strasbourg, qui a valid\u00e9, jeudi dernier, son billet pour les huiti\u00e8mes de finale de la Ligue Conf\u00e9rence, \u00e9tait bouscul\u00e9. <\/p>\n<p>\u00ab On savait que l\u2019on allait avoir des ouvertures\u2026 \u00bb, confiait le Lorientais Makengo au micro de Ligue 1 plus avant de rejoindre les vestiaires. Car oui, les regrets \u00e9taient lorientais.<\/p>\n<p>Strasbourg met la pression<\/p>\n<p>Moins dangereux que Lorient en premi\u00e8re p\u00e9riode, Strasbourg mettait une grosse pression devant le but morbihannais d\u00e8s la reprise. Les occasions s\u2019encha\u00eenaient et \u00e0 l\u2019heure de jeu, Amo-Ameyaw centrait depuis l\u2019aile droite vers Nanasi qui reprenait le ballon d\u2019une t\u00eate plongeante. Sa tentative passait juste au-dessus du but de Mvogo. La possession de balle \u00e9tait locale (62 %) \u00e0 la 60e mais le FC Lorient parvenait \u00e0 r\u00e9sister aux assauts alsaciens. <\/p>\n<p>De la t\u00eate, l&rsquo;Argentin Panichelli, muet depuis sept matchs toutes comp\u00e9titions confondues, \u00e9tait tout pr\u00e8s de tromper Mvogo mais les hommes de Pantaloni s\u2019en sortaient bien. Ils faisaient encore de la r\u00e9sistance dans les 20 derni\u00e8res minutes (tr\u00e8s peu d\u2019occasions des deux c\u00f4t\u00e9s\u2026) avant d\u2019arracher ce bon point. <\/p>\n<p>12e derri\u00e8re\u2026 Brest<\/p>\n<p>Avec ce r\u00e9sultat nul, le sixi\u00e8me de la saison, le FCL gagne une place au classement de Ligue 1. Les Merlus finissent l\u2019ann\u00e9e \u00e0 la 12e place, juste derri\u00e8re le Stade Brestois. Ils poss\u00e8dent six points d\u2019avance sur le 16e et la place de barragiste (Auxerre).<\/p>\n<p>Place d\u00e9sormais aux 32es de finale de Coupe de France contre Le Gosier, une formation de R1, samedi 20 d\u00e9cembre. Les deux \u00e9quipes s\u2019affronteron<a href=\"https:\/\/www.letelegramme.fr\/sports\/football\/fc-lorient\/le-fc-lorient-affrontera-bien-las-gosier-en-region-parisienne-en-coupe-de-france-6941287.php\" target=\"_blank\" rel=\"noopener\">t au stade Robert-Bobin de Bondoufle<\/a> (Essonne), \u00e0 15 h 30.<\/p>\n<p class=\"titre-tech\">La fiche technique<\/p>\n<p class=\"tech\"><strong class=\"tech\">Arbitre <\/strong>: M. Angoula.<\/p>\n<p class=\"tech\"><strong class=\"tech\">Spectateurs <\/strong>: 29 151.<\/p>\n<p class=\"tech\"><strong class=\"tech\">Avertissements<\/strong>. Strasbourg : Omobamidele (50\u2019).<\/p>\n<p class=\"tech\"><strong class=\"tech\">LORIENT<\/strong>. Mvogo &#8211; Me\u00eft\u00e9, Talbi, Yongwa &#8211; Le Bris (Mvuka 66\u2019), Avom, Abergel (cap.), Kouassi &#8211; Makengo (Cadiou 75\u2019), Soumano (Bamba 66\u2019), Pagis (Karim 75\u2019).<\/p>\n<p class=\"tech\">Entra\u00eeneur : Olivier Pantaloni.<\/p>\n<p class=\"tech\"><strong class=\"tech\">STRASBOURG <\/strong>: Penders &#8211; Dou\u00e9, Sarr (cap) (Omobamidele, 46\u2019), Doukour\u00e9 &#8211; Amo, El Mourabet, Barco, Moreira &#8211; Enciso (Paez 76\u2019), Panichelli, Nanasi (Godo 76\u2019).<\/p>\n<p class=\"tech\">Entra\u00eeneur : Liam Rosenior.<\/p>\n","protected":false},"excerpt":{"rendered":"Lorient m\u00e9ritait (presque) mieux \u00e0 la pause En confiance apr\u00e8s leurs deux derni\u00e8res victoires (contre Nice et Lyon),&hellip;\n","protected":false},"author":2,"featured_media":599215,"comment_status":"","ping_status":"","sticky":false,"template":"","format":"standard","meta":{"footnotes":""},"categories":[2820],"tags":[1111,11,1777,674,3317,63,1011,27,775,66,1781,12,25,60,640],"class_list":{"0":"post-599214","1":"post","2":"type-post","3":"status-publish","4":"format-standard","5":"has-post-thumbnail","7":"category-strasbourg","8":"tag-actu","9":"tag-actualites","10":"tag-eu","11":"tag-europe","12":"tag-fc-lorient","13":"tag-football","14":"tag-fr","15":"tag-france","16":"tag-grand-est","17":"tag-ligue-1","18":"tag-lorient","19":"tag-news","20":"tag-republique-francaise","21":"tag-sports","22":"tag-strasbourg"},"share_on_mastodon":{"url":"https:\/\/pubeurope.com\/@fr\/115719379725279984","error":""},"_links":{"self":[{"href":"https:\/\/www.europesays.com\/fr\/wp-json\/wp\/v2\/posts\/599214","targetHints":{"allow":["GET"]}}],"collection":[{"href":"https:\/\/www.europesays.com\/fr\/wp-json\/wp\/v2\/posts"}],"about":[{"href":"https:\/\/www.europesays.com\/fr\/wp-json\/wp\/v2\/types\/post"}],"author":[{"embeddable":true,"href":"https:\/\/www.europesays.com\/fr\/wp-json\/wp\/v2\/users\/2"}],"replies":[{"embeddable":true,"href":"https:\/\/www.europesays.com\/fr\/wp-json\/wp\/v2\/comments?post=599214"}],"version-history":[{"count":0,"href":"https:\/\/www.europesays.com\/fr\/wp-json\/wp\/v2\/posts\/599214\/revisions"}],"wp:featuredmedia":[{"embeddable":true,"href":"https:\/\/www.europesays.com\/fr\/wp-json\/wp\/v2\/media\/599215"}],"wp:attachment":[{"href":"https:\/\/www.europesays.com\/fr\/wp-json\/wp\/v2\/media?parent=599214"}],"wp:term":[{"taxonomy":"category","embeddable":true,"href":"https:\/\/www.europesays.com\/fr\/wp-json\/wp\/v2\/categories?post=599214"},{"taxonomy":"post_tag","embeddable":true,"href":"https:\/\/www.europesays.com\/fr\/wp-json\/wp\/v2\/tags?post=599214"}],"curies":[{"name":"wp","href":"https:\/\/api.w.org\/{rel}","templated":true}]}}