{"id":599220,"date":"2025-12-14T18:41:18","date_gmt":"2025-12-14T18:41:18","guid":{"rendered":"https:\/\/www.europesays.com\/fr\/599220\/"},"modified":"2025-12-14T18:41:18","modified_gmt":"2025-12-14T18:41:18","slug":"municipales-2026-virginie-postec-sera-la-tete-de-la-liste-le-cellier-durable-et-solidaire","status":"publish","type":"post","link":"https:\/\/www.europesays.com\/fr\/599220\/","title":{"rendered":"Municipales 2026. Virginie Postec sera la t\u00eate de la liste Le Cellier durable et solidaire"},"content":{"rendered":"<p>Jeudi 11\u00a0d\u00e9cembre se tenait la premi\u00e8re grande r\u00e9union \u00e9lectorale du <a href=\"https:\/\/nantes.maville.com\/actu\/actudet_-le-cellier.-la-minorite-municipale-entre-en-piste-pour-2026-_8-7031543_actu.Htm\" target=\"_self\" rel=\"noopener\">collectif\u00a0Le Cellier durable et solidaire<\/a>. Virginie Postec sera la t\u00eate de liste. \u00a0Je suis conseill\u00e8re municipale dans la minorit\u00e9 depuis six ans. Maintenant, nous sommes pr\u00eats, notre liste est diverse, nous partons pour gagner\u00a0, annonce Virginie Postec sur la sc\u00e8ne du tiers lieu Sofa.<\/p>\n<p>Plusieurs des colistiers se succ\u00e8dent au micro en se pr\u00e9sentant et en indiquant les raisons de leur engagement. Macha Lejall\u00e9 insiste sur la coop\u00e9ration n\u00e9cessaire entre les Cellariens\u00a0; Benoit Bazin, paysan et meunier boulanger, voit dans ce collectif la d\u00e9fense de l\u2019int\u00e9r\u00eat g\u00e9n\u00e9ral et non pas des ambitions personnelles. Aur\u00e9lie Le Gal souhaite un lien fort entre les acteurs locaux de la commune et Maelick Khouri insiste sur l\u2019importance du dialogue entre tous les citoyens pour que les d\u00e9cisions prises refl\u00e8tent l\u2019int\u00e9r\u00eat commun.<\/p>\n<p>Les grands axes du programme<\/p>\n<p>Virginie Postec a ensuite d\u00e9taill\u00e9 les grands axes de son programme\u00a0:\u00a0La transparence des d\u00e9cisions et des finances publiques sera une priorit\u00e9 avec des non-\u00e9lus dans nos commissions, des conseils dans les villages, des budgets pour les projets de proximit\u00e9.\u00a0 Le lien social, le dialogue interg\u00e9n\u00e9rationnel doit permettre \u00e0 tous de mieux vivre ensemble, c\u2019est le deuxi\u00e8me axe du projet, \u00a0accompagner les associations, r\u00e9nover les salles communales, renforcer la s\u00e9curit\u00e9 des d\u00e9placements doux, sont des exemples d\u2019actions \u00e0 mettre en place\u00a0. La t\u00eate de liste insiste ensuite sur la sauvegarde de l\u2019environnement \u00e0 l\u2019\u00e9chelle locale\u00a0: \u00a0Nous devons favoriser l\u2019approvisionnement en circuit court, passer en bio \u00e0 la cantine, accompagner les habitants \u00e0 la transition \u00e9cologique.\u00a0<\/p>\n<p>D\u00e9velopper l\u2019attractivit\u00e9 de la commune<\/p>\n<p>Pour le collectif, la commune doit d\u00e9velopper son attractivit\u00e9\u00a0: \u00a0Nous avons des atouts insuffisamment exploit\u00e9s, La Loire, l\u2019image de Louis de Fun\u00e8s, notre patrimoine historique. La commune doit soutenir le travail des acteurs \u00e9conomiques et des associations dans ce domaine. La r\u00e9vision du Plan local d\u2019urbanisme doit \u00e9galement \u00eatre envisag\u00e9e.\u00a0<\/p>\n<p>En fin de r\u00e9union, la t\u00eate de liste a rappel\u00e9 le fondement de son engagement \u00a0J\u2019ai la conviction que le pouvoir d\u2019agir doit revenir aux habitants. Si je suis \u00e9lue, les Cellariens seront associ\u00e9s aux projets.Avec une totale transparence de nos d\u00e9cisions, l\u2019honn\u00eatet\u00e9 de nos actions, des d\u00e9penses publiques ma\u00eetris\u00e9es, un vivre ensemble avec toutes les g\u00e9n\u00e9rations et une transition \u00e9cologique r\u00e9ussie. Ce sont les d\u00e9fis qui nous attendent pour \u00e9crire une nouvelle page au Cellier\u00a0\u00bb.<\/p>\n<p>\u00a0<\/p>\n","protected":false},"excerpt":{"rendered":"Jeudi 11\u00a0d\u00e9cembre se tenait la premi\u00e8re grande r\u00e9union \u00e9lectorale du collectif\u00a0Le Cellier durable et solidaire. Virginie Postec sera&hellip;\n","protected":false},"author":2,"featured_media":599221,"comment_status":"","ping_status":"","sticky":false,"template":"","format":"standard","meta":{"footnotes":""},"categories":[2818],"tags":[5734,1111,11,71171,12223,1777,674,1011,27,5110,3554,766,12,2636,71170,25,12280,17643,31620],"class_list":{"0":"post-599220","1":"post","2":"type-post","3":"status-publish","4":"format-standard","5":"has-post-thumbnail","7":"category-nantes","8":"tag-5734","9":"tag-actu","10":"tag-actualites","11":"tag-cellier","12":"tag-durable","13":"tag-eu","14":"tag-europe","15":"tag-fr","16":"tag-france","17":"tag-liste","18":"tag-municipales","19":"tag-nantes","20":"tag-news","21":"tag-pays-de-la-loire","22":"tag-postec","23":"tag-republique-francaise","24":"tag-solidaire","25":"tag-tete","26":"tag-virginie"},"share_on_mastodon":{"url":"https:\/\/pubeurope.com\/@fr\/115719391436523730","error":""},"_links":{"self":[{"href":"https:\/\/www.europesays.com\/fr\/wp-json\/wp\/v2\/posts\/599220","targetHints":{"allow":["GET"]}}],"collection":[{"href":"https:\/\/www.europesays.com\/fr\/wp-json\/wp\/v2\/posts"}],"about":[{"href":"https:\/\/www.europesays.com\/fr\/wp-json\/wp\/v2\/types\/post"}],"author":[{"embeddable":true,"href":"https:\/\/www.europesays.com\/fr\/wp-json\/wp\/v2\/users\/2"}],"replies":[{"embeddable":true,"href":"https:\/\/www.europesays.com\/fr\/wp-json\/wp\/v2\/comments?post=599220"}],"version-history":[{"count":0,"href":"https:\/\/www.europesays.com\/fr\/wp-json\/wp\/v2\/posts\/599220\/revisions"}],"wp:featuredmedia":[{"embeddable":true,"href":"https:\/\/www.europesays.com\/fr\/wp-json\/wp\/v2\/media\/599221"}],"wp:attachment":[{"href":"https:\/\/www.europesays.com\/fr\/wp-json\/wp\/v2\/media?parent=599220"}],"wp:term":[{"taxonomy":"category","embeddable":true,"href":"https:\/\/www.europesays.com\/fr\/wp-json\/wp\/v2\/categories?post=599220"},{"taxonomy":"post_tag","embeddable":true,"href":"https:\/\/www.europesays.com\/fr\/wp-json\/wp\/v2\/tags?post=599220"}],"curies":[{"name":"wp","href":"https:\/\/api.w.org\/{rel}","templated":true}]}}