{"id":59923,"date":"2025-04-28T18:44:08","date_gmt":"2025-04-28T18:44:08","guid":{"rendered":"https:\/\/www.europesays.com\/fr\/59923\/"},"modified":"2025-04-28T18:44:08","modified_gmt":"2025-04-28T18:44:08","slug":"lentraineur-liam-rosenior-prolonge-avec-strasbourg-ligue-1-strasbourg","status":"publish","type":"post","link":"https:\/\/www.europesays.com\/fr\/59923\/","title":{"rendered":"L&rsquo;entra\u00eeneur Liam Rosenior prolonge avec Strasbourg &#8211; Ligue 1 &#8211; Strasbourg"},"content":{"rendered":"<p>Le choix de la raison.<\/p>\n<p><strong>Strasbourg a officialis\u00e9 ce lundi la prolongation du contrat de son entra\u00eeneur Liam Rosenior<\/strong> par le biais d\u2019<a target=\"_blank\" href=\"https:\/\/www.rcstrasbourgalsace.fr\/une-immense-fierte-de-prolonger-au-racing\/\" rel=\"nofollow noopener\">un communiqu\u00e9<\/a>. Ce dernier indique que <strong>l\u2019Anglais est d\u00e9sormais li\u00e9 au RCSA jusqu\u2019en juin 2028<\/strong>. Arriv\u00e9 en Alsace \u00e0 l\u2019\u00e9t\u00e9 2024, le coach r\u00e9alise actuellement une saison exceptionnelle avec le Racing, 7e du championnat \u00e0 un petit point de Monaco, derni\u00e8re \u00e9quipe actuellement qualifi\u00e9e pour la Ligue des champions, et seulement quatre de l\u2019Olympique de Marseille, le dauphin.<\/p>\n<blockquote class=\"twitter-tweet\">\n<p lang=\"fr\" dir=\"ltr\">\ud83d\udea8 Le Racing Club de Strasbourg Alsace est heureux d\u2019annoncer la prolongation de contrat de son entra\u00eeneur Liam Rosenior.<br \/>\nArriv\u00e9 \u00e0 l\u2019\u00e9t\u00e9 2024, le technicien anglais est d\u00e9sormais li\u00e9 au club jusqu\u2019en juin 2028.<\/p>\n<p>\u2014 Racing Club de Strasbourg Alsace (@RCSA) <a target=\"_blank\" href=\"https:\/\/twitter.com\/RCSA\/status\/1916877786955784438?ref_src=twsrc%5Etfw\" rel=\"nofollow noopener\">April 28, 2025<\/a><\/p><\/blockquote>\n<p>\u00ab\u202fSigner au Racing est la meilleure d\u00e9cision de ma carri\u00e8re\u202f\u00bb<\/p>\n<p>Dans ce communiqu\u00e9, Liam Rosenior a expliqu\u00e9, avec une pointe d\u2019\u00e9motion, les raisons de son choix : \u00ab\u202fLa confiance renouvel\u00e9e du pr\u00e9sident Marc Keller et du club me touche profond\u00e9ment ; je veux rendre cette confiance sur le terrain. D<strong>\u00e8s mon arriv\u00e9e, je me suis reconnu dans les valeurs d\u2019intensit\u00e9, de courage et d\u2019unit\u00e9 qui font la force des Strasbourgeois et des Alsaciens. Signer au Racing est la meilleure d\u00e9cision de ma carri\u00e8re, et c\u2019est une immense fiert\u00e9 de prolonger ici<\/strong> .\u202f\u00bb<\/p>\n<p>Pour notre plus grand plaisir, il y aura donc un acte II du <a target=\"_blank\" href=\"https:\/\/x.com\/telefoot_TF1\/status\/1913884160155910299\" rel=\"nofollow\">duel H\u00fctter-Rosenior<\/a>.<\/p>\n<p>\t\t\t\t\t\t\t\t\t\t<a class=\"lien-connexe\" href=\"https:\/\/www.sofoot.com\/breves\/ligue-1-vainqueur-face-a-saint-etienne-strasbourg-reve-de-c1-et-met-la-pression-sur-la-concurrence\" rel=\"nofollow noopener\" target=\"_blank\">Strasbourg r\u00e9gale contre Saint\u00e9 et s\u2019ouvre l\u2019app\u00e9tit<\/a>\t\t\t\t\t<script async src=\"https:\/\/platform.twitter.com\/widgets.js\" charset=\"utf-8\"><\/script><\/p>\n","protected":false},"excerpt":{"rendered":"Le choix de la raison. Strasbourg a officialis\u00e9 ce lundi la prolongation du contrat de son entra\u00eeneur Liam&hellip;\n","protected":false},"author":2,"featured_media":59924,"comment_status":"","ping_status":"","sticky":false,"template":"","format":"standard","meta":{"footnotes":""},"categories":[2820],"tags":[1111,47,11,61,69,65,64,1777,674,63,1011,27,775,68,66,12,62,70,25,67,640],"class_list":{"0":"post-59923","1":"post","2":"type-post","3":"status-publish","4":"format-standard","5":"has-post-thumbnail","7":"category-strasbourg","8":"tag-actu","9":"tag-actualite","10":"tag-actualites","11":"tag-actus-football","12":"tag-bundesliga","13":"tag-championnats-europeens","14":"tag-equipe-de-france","15":"tag-eu","16":"tag-europe","17":"tag-football","18":"tag-fr","19":"tag-france","20":"tag-grand-est","21":"tag-ligua","22":"tag-ligue-1","23":"tag-news","24":"tag-news-foot","25":"tag-premier-league","26":"tag-republique-francaise","27":"tag-serie-a","28":"tag-strasbourg"},"share_on_mastodon":{"url":"https:\/\/pubeurope.com\/@fr\/114417071790797816","error":""},"_links":{"self":[{"href":"https:\/\/www.europesays.com\/fr\/wp-json\/wp\/v2\/posts\/59923","targetHints":{"allow":["GET"]}}],"collection":[{"href":"https:\/\/www.europesays.com\/fr\/wp-json\/wp\/v2\/posts"}],"about":[{"href":"https:\/\/www.europesays.com\/fr\/wp-json\/wp\/v2\/types\/post"}],"author":[{"embeddable":true,"href":"https:\/\/www.europesays.com\/fr\/wp-json\/wp\/v2\/users\/2"}],"replies":[{"embeddable":true,"href":"https:\/\/www.europesays.com\/fr\/wp-json\/wp\/v2\/comments?post=59923"}],"version-history":[{"count":0,"href":"https:\/\/www.europesays.com\/fr\/wp-json\/wp\/v2\/posts\/59923\/revisions"}],"wp:featuredmedia":[{"embeddable":true,"href":"https:\/\/www.europesays.com\/fr\/wp-json\/wp\/v2\/media\/59924"}],"wp:attachment":[{"href":"https:\/\/www.europesays.com\/fr\/wp-json\/wp\/v2\/media?parent=59923"}],"wp:term":[{"taxonomy":"category","embeddable":true,"href":"https:\/\/www.europesays.com\/fr\/wp-json\/wp\/v2\/categories?post=59923"},{"taxonomy":"post_tag","embeddable":true,"href":"https:\/\/www.europesays.com\/fr\/wp-json\/wp\/v2\/tags?post=59923"}],"curies":[{"name":"wp","href":"https:\/\/api.w.org\/{rel}","templated":true}]}}