{"id":599234,"date":"2025-12-14T18:49:13","date_gmt":"2025-12-14T18:49:13","guid":{"rendered":"https:\/\/www.europesays.com\/fr\/599234\/"},"modified":"2025-12-14T18:49:13","modified_gmt":"2025-12-14T18:49:13","slug":"la-metropole-aix-marseille-provence-et-le-departement-des-bouches-du-rhone-mettent-leurs-drapeaux-en-berne","status":"publish","type":"post","link":"https:\/\/www.europesays.com\/fr\/599234\/","title":{"rendered":"la M\u00e9tropole Aix-Marseille-Provence et le D\u00e9partement des Bouches-du-Rh\u00f4ne mettent leurs drapeaux en berne"},"content":{"rendered":"<p>Une d\u00e9cision symbolique prise en hommage aux <a href=\"https:\/\/www.laprovence.com\/article\/france-monde\/5458623785122314\/fusillade-en-australie-10-morts-les-2-suspects-arretes-la-celebration-de-la-fete-de-hanouka-visee-ce-que-lon-sait\" target=\"_blank\" rel=\"noopener\">victimes <\/a>et en signe de solidarit\u00e9 avec la communaut\u00e9 juive. La M\u00e9tropole Aix-Marseille-Provence et le Conseil d\u00e9partemental des Bouches-du-Rh\u00f4ne ont r\u00e9agi ce dimanche 14 d\u00e9cembre \u00e0 la <a href=\"https:\/\/www.laprovence.com\/article\/france-monde\/13090900522725\/australie-incident-en-cours-a-sydney-la-police-ordonne-au-public-de-se-mettre-a-labri\" target=\"_blank\" rel=\"noopener\">fusillade <\/a>qui a frapp\u00e9 la communaut\u00e9 juive \u00e0 <a href=\"https:\/\/www.laprovence.com\/article\/france-monde\/5503017391266714\/fusillade-en-australie-la-france-continuera-de-lutter-sans-faiblesse-contre-la-haine-antisemite-promet-emmanuel-macron\" target=\"_blank\" rel=\"noopener\">Sydney<\/a>, sur la plage de Bondi, en Australie.<\/p>\n<p>Dans un communiqu\u00e9 commun, les deux institutions font part de leur \u00ab\u00a0profonde horreur\u00a0\u00bb et de leur \u00ab\u00a0vive \u00e9motion\u00a0\u00bb apr\u00e8s une <a href=\"https:\/\/www.laprovence.com\/article\/faits-divers-justice\/51298061324553\/fusillade-en-australie-un-tireur-tue-un-autre-homme-arrete-ce-que-lon-sait-des-suspects\" target=\"_blank\" rel=\"noopener\">attaque <\/a>qualifi\u00e9e de \u00ab\u00a0terroriste\u00a0\u00bb et \u00ab\u00a0d&rsquo;antis\u00e9mite.\u00a0\u00bb<\/p>\n<p>Un acte d&rsquo;une \u00ab\u00a0rare violence\u00a0\u00bb condamn\u00e9<\/p>\n<p>Les collectivit\u00e9s locales condamnent un acte d'\u00a0\u00bbune rare violence\u00a0\u00bb, motiv\u00e9, selon leurs termes, par \u00ab\u00a0la haine de l&rsquo;autre et l&rsquo;antis\u00e9mitisme\u00a0\u00bb.<\/p>\n<p>Elles expriment leur<strong> solidarit\u00e9 avec les victimes, leurs familles et l&rsquo;ensemble de la communaut\u00e9 juive<\/strong>, en Australie comme \u00e0 l&rsquo;international, et plus particuli\u00e8rement sur le territoire proven\u00e7al.<\/p>\n<p>En signe de deuil et d&rsquo;hommage, la <a href=\"https:\/\/www.laprovence.com\/article\/faits-divers-justice\/17507156490101\/metropole-aix-marseille-des-agents-denoncent-menaces-sanctions-et-intimidations\" target=\"_blank\" rel=\"noopener\">M\u00e9tropole <\/a>et le <a href=\"https:\/\/www.laprovence.com\/article\/region\/1959628039498615\/pourquoi-les-aides-aux-communes-du-departement-sont-dans-le-viseur-de-la-chambre-regionale-des-comptes\" target=\"_blank\" rel=\"noopener\">D\u00e9partement <\/a>ont d\u00e9cid\u00e9 de <strong>mettre leurs drapeaux en berne sur l&rsquo;ensemble de leurs b\u00e2timents officiels<\/strong>. Cette mesure vise \u00e9galement \u00e0 marquer \u00ab\u00a0une condamnation absolue de la terreur et de <a href=\"https:\/\/www.laprovence.com\/article\/faits-divers-justice\/1613337814407414\/la-directrice-de-marianne-porte-plainte-pour-cyberharcelement-a-caractere-antisemite\" target=\"_blank\" rel=\"noopener\">l&rsquo;antis\u00e9mitisme<\/a>\u00ab\u00a0, pr\u00e9cisent-ils.<\/p>\n<p>Par cette prise de position, la M\u00e9tropole Aix-Marseille-Provence et le Conseil d\u00e9partemental des Bouches-du-Rh\u00f4ne entendent r\u00e9affirmer leur attachement aux <strong>valeurs de <a href=\"https:\/\/www.laprovence.com\/article\/region\/98870691101098\/prives-de-bus-apres-21h-les-habitants-du-quartier-de-la-solidarite-denoncent-un-couvre-feu-force\" target=\"_blank\" rel=\"noopener\">solidarit\u00e9<\/a><\/strong>, de respect et de lutte contre toutes les formes de haine.<\/p>\n","protected":false},"excerpt":{"rendered":"Une d\u00e9cision symbolique prise en hommage aux victimes et en signe de solidarit\u00e9 avec la communaut\u00e9 juive. La&hellip;\n","protected":false},"author":2,"featured_media":599235,"comment_status":"","ping_status":"","sticky":false,"template":"","format":"standard","meta":{"footnotes":""},"categories":[2814],"tags":[17,1111,11,5035,34132,53463,1777,674,274,1011,27,3832,1408,151,884,12,65585,882,25],"class_list":{"0":"post-599234","1":"post","2":"type-post","3":"status-publish","4":"format-standard","5":"has-post-thumbnail","7":"category-marseille","8":"tag-17","9":"tag-actu","10":"tag-actualites","11":"tag-australie","12":"tag-berne","13":"tag-drapeaux","14":"tag-eu","15":"tag-europe","16":"tag-faits-divers-justice","17":"tag-fr","18":"tag-france","19":"tag-fusillade","20":"tag-horreur","21":"tag-les","22":"tag-marseille","23":"tag-news","24":"tag-profondeur","25":"tag-provence-alpes-cote-dazur","26":"tag-republique-francaise"},"share_on_mastodon":{"url":"https:\/\/pubeurope.com\/@fr\/115719423251106915","error":""},"_links":{"self":[{"href":"https:\/\/www.europesays.com\/fr\/wp-json\/wp\/v2\/posts\/599234","targetHints":{"allow":["GET"]}}],"collection":[{"href":"https:\/\/www.europesays.com\/fr\/wp-json\/wp\/v2\/posts"}],"about":[{"href":"https:\/\/www.europesays.com\/fr\/wp-json\/wp\/v2\/types\/post"}],"author":[{"embeddable":true,"href":"https:\/\/www.europesays.com\/fr\/wp-json\/wp\/v2\/users\/2"}],"replies":[{"embeddable":true,"href":"https:\/\/www.europesays.com\/fr\/wp-json\/wp\/v2\/comments?post=599234"}],"version-history":[{"count":0,"href":"https:\/\/www.europesays.com\/fr\/wp-json\/wp\/v2\/posts\/599234\/revisions"}],"wp:featuredmedia":[{"embeddable":true,"href":"https:\/\/www.europesays.com\/fr\/wp-json\/wp\/v2\/media\/599235"}],"wp:attachment":[{"href":"https:\/\/www.europesays.com\/fr\/wp-json\/wp\/v2\/media?parent=599234"}],"wp:term":[{"taxonomy":"category","embeddable":true,"href":"https:\/\/www.europesays.com\/fr\/wp-json\/wp\/v2\/categories?post=599234"},{"taxonomy":"post_tag","embeddable":true,"href":"https:\/\/www.europesays.com\/fr\/wp-json\/wp\/v2\/tags?post=599234"}],"curies":[{"name":"wp","href":"https:\/\/api.w.org\/{rel}","templated":true}]}}