{"id":599236,"date":"2025-12-14T18:50:28","date_gmt":"2025-12-14T18:50:28","guid":{"rendered":"https:\/\/www.europesays.com\/fr\/599236\/"},"modified":"2025-12-14T18:50:28","modified_gmt":"2025-12-14T18:50:28","slug":"a-marseille-le-delicat-proces-dune-jeune-mere-en-perdition-coupable-davoir-gifle-et-secoue-son-bebe","status":"publish","type":"post","link":"https:\/\/www.europesays.com\/fr\/599236\/","title":{"rendered":"\u00c0 Marseille, le d\u00e9licat proc\u00e8s d\u2019une jeune m\u00e8re en perdition, coupable d\u2019avoir gifl\u00e9 et secou\u00e9 son b\u00e9b\u00e9"},"content":{"rendered":"<p>Le 17\u00a0octobre\u00a02025, Noah* a peut-\u00eatre \u00e9chapp\u00e9 au pire. Heureusement pour ce petit gar\u00e7on de 13 mois violent\u00e9 par sa m\u00e8re dans une chambre d\u2019h\u00f4tel du boulevard Sakakini \u00e0 <a href=\"https:\/\/www.laprovence.com\/bouches-du-rhone\/marseille-13055\" target=\"_blank\" rel=\"noopener\">Marseille<\/a>, deux anges gardiens assistaient \u00e0 la sc\u00e8ne\u00a0: deux ouvriers perch\u00e9s sur un \u00e9chafaudage, qui l\u2019avaient film\u00e9e avant de pr\u00e9venir la police.<\/p>\n<p>D\u00e9barquant dans cette chambre de l\u2019h\u00f4tel Ibis mis \u00e0 la disposition de la jeune m\u00e8re de 22\u00a0ans par <a href=\"https:\/\/www.laprovence.com\/article\/faits-divers-justice\/63936459088914\/voyance-massages-astrologie-un-agent-du-samu-social-de-marseille-revoque-pour-cumul-dactivites\" target=\"_blank\" rel=\"noopener\">le Samu social<\/a>, les forces de l\u2019ordre avaient trouv\u00e9 le petit gar\u00e7on calme, mais le visage marqu\u00e9 par des h\u00e9matomes. Juste \u00e0 c\u00f4t\u00e9 de son lit \u00e0 barreaux et son tapis d\u2019\u00e9veil, deux <a href=\"https:\/\/www.laprovence.com\/article\/faits-divers-justice\/2095669218100414\/a-la-ciotat-des-policiers-aident-une-automobiliste-a-changer-un-pneu-et-decouvrent-quelle-livre-de-la-drogue\" target=\"_blank\" rel=\"noopener\">savonnettes de cannabis<\/a> pour pr\u00e8s de 85\u00a0g et un joint.<\/p>\n<p>Des images implacables<\/p>\n<p>Plac\u00e9e en garde \u00e0 vue, In\u00e8s C. avait d\u2019abord ni\u00e9 les violences, avant de les admettre, peu \u00e0 peu, confront\u00e9e aux vid\u00e9os. Les enqu\u00eateurs y avaient d\u00e9nombr\u00e9 pas moins de <a href=\"https:\/\/www.laprovence.com\/article\/societe\/6936335\/fessee-gifle-privation-malgre-la-loi-huit-parents-sur-dix-exercent-toujours-des-violences-educatives-ord\" target=\"_blank\" rel=\"noopener\">31 gifles ass\u00e9n\u00e9es violemment \u00e0 l\u2019enfant<\/a>, plaqu\u00e9 sur son matelas de change et secou\u00e9 \u00e0 au moins deux reprises. Des images devant lesquelles la jeune m\u00e8re en perdition s\u2019\u00e9tait effondr\u00e9e.<\/p>\n<p>Ce mardi 8\u00a0d\u00e9cembre dans la soir\u00e9e, convoqu\u00e9e devant la justice pour <a href=\"https:\/\/www.laprovence.com\/article\/region\/3220436749285615\/on-peut-parler-de-maltraitance-un-an-avec-sursis-pour-la-mere-violente-a-apt\" target=\"_blank\" rel=\"noopener\">les violences sur son b\u00e9b\u00e9<\/a>, une absence de soins m\u00e9dicaux sur une p\u00e9riode d\u2019au moins six mois et l\u2019usage d&#8230;<\/p>\n","protected":false},"excerpt":{"rendered":"Le 17\u00a0octobre\u00a02025, Noah* a peut-\u00eatre \u00e9chapp\u00e9 au pire. Heureusement pour ce petit gar\u00e7on de 13 mois violent\u00e9 par&hellip;\n","protected":false},"author":2,"featured_media":599237,"comment_status":"","ping_status":"","sticky":false,"template":"","format":"standard","meta":{"footnotes":""},"categories":[2814],"tags":[17,1111,11,34607,66148,4440,1777,674,274,1011,27,3913,884,5875,12,71172,2694,882,25],"class_list":{"0":"post-599236","1":"post","2":"type-post","3":"status-publish","4":"format-standard","5":"has-post-thumbnail","7":"category-marseille","8":"tag-17","9":"tag-actu","10":"tag-actualites","11":"tag-coupable","12":"tag-delicat","13":"tag-dune","14":"tag-eu","15":"tag-europe","16":"tag-faits-divers-justice","17":"tag-fr","18":"tag-france","19":"tag-jeune","20":"tag-marseille","21":"tag-mere","22":"tag-news","23":"tag-perdition","24":"tag-proces","25":"tag-provence-alpes-cote-dazur","26":"tag-republique-francaise"},"share_on_mastodon":{"url":"https:\/\/pubeurope.com\/@fr\/115719426753612499","error":""},"_links":{"self":[{"href":"https:\/\/www.europesays.com\/fr\/wp-json\/wp\/v2\/posts\/599236","targetHints":{"allow":["GET"]}}],"collection":[{"href":"https:\/\/www.europesays.com\/fr\/wp-json\/wp\/v2\/posts"}],"about":[{"href":"https:\/\/www.europesays.com\/fr\/wp-json\/wp\/v2\/types\/post"}],"author":[{"embeddable":true,"href":"https:\/\/www.europesays.com\/fr\/wp-json\/wp\/v2\/users\/2"}],"replies":[{"embeddable":true,"href":"https:\/\/www.europesays.com\/fr\/wp-json\/wp\/v2\/comments?post=599236"}],"version-history":[{"count":0,"href":"https:\/\/www.europesays.com\/fr\/wp-json\/wp\/v2\/posts\/599236\/revisions"}],"wp:featuredmedia":[{"embeddable":true,"href":"https:\/\/www.europesays.com\/fr\/wp-json\/wp\/v2\/media\/599237"}],"wp:attachment":[{"href":"https:\/\/www.europesays.com\/fr\/wp-json\/wp\/v2\/media?parent=599236"}],"wp:term":[{"taxonomy":"category","embeddable":true,"href":"https:\/\/www.europesays.com\/fr\/wp-json\/wp\/v2\/categories?post=599236"},{"taxonomy":"post_tag","embeddable":true,"href":"https:\/\/www.europesays.com\/fr\/wp-json\/wp\/v2\/tags?post=599236"}],"curies":[{"name":"wp","href":"https:\/\/api.w.org\/{rel}","templated":true}]}}