{"id":599238,"date":"2025-12-14T18:52:23","date_gmt":"2025-12-14T18:52:23","guid":{"rendered":"https:\/\/www.europesays.com\/fr\/599238\/"},"modified":"2025-12-14T18:52:23","modified_gmt":"2025-12-14T18:52:23","slug":"lyon-a-lhotel-de-ville-un-des-spots-preferes-des-skateurs-terni-par-des-tags","status":"publish","type":"post","link":"https:\/\/www.europesays.com\/fr\/599238\/","title":{"rendered":"Lyon. \u00c0 l\u2019H\u00f4tel de ville, un des spots pr\u00e9f\u00e9r\u00e9s des skateurs terni par des tags"},"content":{"rendered":"<p>Les skateurs l\u2019appellent HDV pour H\u00f4tel de ville et c\u2019est l\u2019un de leurs spots pr\u00e9f\u00e9r\u00e9s. Un lieu et une pratique qui ont \u00e9t\u00e9 mis \u00e0 l\u2019honneur lors de la derni\u00e8re F\u00eate des Lumi\u00e8res, une premi\u00e8re. Une installation lumineuse imagin\u00e9e par Julien Menzel et R\u00e9my Bergeron avait \u00e9t\u00e9 install\u00e9e sur la place Louis-Pradel, dans le 1er \u00a0 arrondissment qui rendait hommage \u00e0 trois g\u00e9n\u00e9rations de skateurs.<\/p>\n<p>\u00ab C\u2019est vraiment pas malin \u00bb<\/p>\n<p>C\u2019est un spectacle moins r\u00e9jouissant que vient de d\u00e9noncer un skateur sur son compte Instagram en filmant des tags, parfois injurieux, trac\u00e9s sommairement \u00e0 la peinture rouge sur le sol, sur des sculptures et des assises en pierre de la place. Pour Th\u00e9o, l\u2019auteur de la vid\u00e9o qui est <a href=\"https:\/\/www.leprogres.fr\/sport\/2024\/07\/15\/theo-pignal-donne-des-cours-de-skate-en-presqu-ile\" target=\"_blank\" rel=\"noopener\"> \u00e9galement prof de skate,<\/a> il en est persuad\u00e9, ces graffitis sign\u00e9s du nom d\u2019un crew, aurait \u00e9t\u00e9 commis par ce groupe de skaters. Ce qui a le don de l\u2019agacer encore plus : \u00ab C\u2019est vraiment pas malin, alors que l\u2019on essaie de d\u00e9velopper le skate \u00bb, l\u00e2che-t-il.<\/p>\n<p>A l\u2019entendre, la franche et saine camaraderie ne r\u00e9gnerait pas dans cette communaut\u00e9 de passionn\u00e9s. \u00abY\u2019a des crews, on se bat, \u00e7a sert \u00e0 rien\u00bb, d\u00e9plore-t-il.<\/p>\n<p>Ce dimanche matin, il ne restait que quelques traces de ces tags, les plus visibles se trouvant sur le socle du buste en bronze de l\u2019ancien maire Louis-Pradel, malgr\u00e9 les efforts pour les recouvrir et les dissimuler.<\/p>\n","protected":false},"excerpt":{"rendered":"Les skateurs l\u2019appellent HDV pour H\u00f4tel de ville et c\u2019est l\u2019un de leurs spots pr\u00e9f\u00e9r\u00e9s. Un lieu et&hellip;\n","protected":false},"author":2,"featured_media":599239,"comment_status":"","ping_status":"","sticky":false,"template":"","format":"standard","meta":{"footnotes":""},"categories":[1889],"tags":[1111,11,2430,1687,2757,1777,674,274,1011,27,2428,7789,2801,12,25,2429,14857,517],"class_list":{"0":"post-599238","1":"post","2":"type-post","3":"status-publish","4":"format-standard","5":"has-post-thumbnail","7":"category-lyon","8":"tag-actu","9":"tag-actualites","10":"tag-auvergne-rhone-alpes","11":"tag-culture-loisirs","12":"tag-edition-lyon-villeurbanne","13":"tag-eu","14":"tag-europe","15":"tag-faits-divers-justice","16":"tag-fr","17":"tag-france","18":"tag-lyon","19":"tag-lyon-1er","20":"tag-lyon-1er-arrondissement","21":"tag-news","22":"tag-republique-francaise","23":"tag-rhone","24":"tag-skateboard","25":"tag-sport"},"share_on_mastodon":{"url":"https:\/\/pubeurope.com\/@fr\/115719434670872244","error":""},"_links":{"self":[{"href":"https:\/\/www.europesays.com\/fr\/wp-json\/wp\/v2\/posts\/599238","targetHints":{"allow":["GET"]}}],"collection":[{"href":"https:\/\/www.europesays.com\/fr\/wp-json\/wp\/v2\/posts"}],"about":[{"href":"https:\/\/www.europesays.com\/fr\/wp-json\/wp\/v2\/types\/post"}],"author":[{"embeddable":true,"href":"https:\/\/www.europesays.com\/fr\/wp-json\/wp\/v2\/users\/2"}],"replies":[{"embeddable":true,"href":"https:\/\/www.europesays.com\/fr\/wp-json\/wp\/v2\/comments?post=599238"}],"version-history":[{"count":0,"href":"https:\/\/www.europesays.com\/fr\/wp-json\/wp\/v2\/posts\/599238\/revisions"}],"wp:featuredmedia":[{"embeddable":true,"href":"https:\/\/www.europesays.com\/fr\/wp-json\/wp\/v2\/media\/599239"}],"wp:attachment":[{"href":"https:\/\/www.europesays.com\/fr\/wp-json\/wp\/v2\/media?parent=599238"}],"wp:term":[{"taxonomy":"category","embeddable":true,"href":"https:\/\/www.europesays.com\/fr\/wp-json\/wp\/v2\/categories?post=599238"},{"taxonomy":"post_tag","embeddable":true,"href":"https:\/\/www.europesays.com\/fr\/wp-json\/wp\/v2\/tags?post=599238"}],"curies":[{"name":"wp","href":"https:\/\/api.w.org\/{rel}","templated":true}]}}